{"id":98073,"date":"2022-07-28T13:05:54","date_gmt":"2022-07-28T13:05:54","guid":{"rendered":"https:\/\/www.kerea.eu\/?p=98073"},"modified":"2022-07-28T13:29:48","modified_gmt":"2022-07-28T13:29:48","slug":"les-cles-pour-reduire-la-fatigue-visuelle-au-travail","status":"publish","type":"post","link":"https:\/\/www.kerea.eu\/index.php\/2022\/07\/28\/les-cles-pour-reduire-la-fatigue-visuelle-au-travail\/","title":{"rendered":"Les cl\u00e9s pour r\u00e9duire la fatigue visuelle au travail"},"content":{"rendered":"\t\t<div data-elementor-type=\"wp-post\" data-elementor-id=\"98073\" class=\"elementor elementor-98073\">\n\t\t\t\t\t\t<section class=\"elementor-section elementor-top-section elementor-element elementor-element-5e50dbd elementor-section-boxed elementor-section-height-default elementor-section-height-default\" data-id=\"5e50dbd\" data-element_type=\"section\" data-e-type=\"section\">\n\t\t\t\t\t\t<div class=\"elementor-container elementor-column-gap-default\">\n\t\t\t\t\t<div class=\"elementor-column elementor-col-100 elementor-top-column elementor-element elementor-element-dfce2c0\" data-id=\"dfce2c0\" data-element_type=\"column\" data-e-type=\"column\">\n\t\t\t<div class=\"elementor-widget-wrap elementor-element-populated\">\n\t\t\t\t\t\t<div class=\"elementor-element elementor-element-515f21a elementor-widget elementor-widget-text-editor\" data-id=\"515f21a\" data-element_type=\"widget\" data-e-type=\"widget\" data-widget_type=\"text-editor.default\">\n\t\t\t\t<div class=\"elementor-widget-container\">\n\t\t\t\t\t\t\t\t\t<p><em>La fatigue visuelle peut r\u00e9duire consid\u00e9rablement la productivit\u00e9 et peut causer des dommages physiologiques aux salari\u00e9s. Il est judicieux pour les entreprises de veiller \u00e0 l\u2019environnement de travail et au bien-\u00eatre des collaborateurs.<\/em><\/p>\t\t\t\t\t\t\t\t<\/div>\n\t\t\t\t<\/div>\n\t\t\t\t\t<\/div>\n\t\t<\/div>\n\t\t\t\t\t<\/div>\n\t\t<\/section>\n\t\t\t\t<section class=\"elementor-section elementor-top-section elementor-element elementor-element-874a8c1 elementor-section-boxed elementor-section-height-default elementor-section-height-default\" data-id=\"874a8c1\" data-element_type=\"section\" data-e-type=\"section\">\n\t\t\t\t\t\t<div class=\"elementor-container elementor-column-gap-default\">\n\t\t\t\t\t<div class=\"elementor-column elementor-col-100 elementor-top-column elementor-element elementor-element-4b98e13\" data-id=\"4b98e13\" data-element_type=\"column\" data-e-type=\"column\">\n\t\t\t<div class=\"elementor-widget-wrap elementor-element-populated\">\n\t\t\t\t\t\t<div class=\"elementor-element elementor-element-f476cc0 elementor-widget elementor-widget-text-editor\" data-id=\"f476cc0\" data-element_type=\"widget\" data-e-type=\"widget\" data-widget_type=\"text-editor.default\">\n\t\t\t\t<div class=\"elementor-widget-container\">\n\t\t\t\t\t\t\t\t\t<p>Selon <em><u>Le Dauphin\u00e9<\/u><\/em>, 7 Fran\u00e7ais sur 10 d\u00e9clarent ressentir une fatigue visuelle \u00e0 la fin de leur journ\u00e9e au bureau.<\/p><p>Il existe diff\u00e9rentes justifications pour expliquer les causes de la fatigue visuelle. Elles peuvent \u00eatre d\u2019ordre personnel\u00a0: \u00e2ge, prise de m\u00e9dicaments, absence de correction\u2026 ou bien organisationnel\u00a0: manque de pauses oculaires, surmenage ou encore \u00eatre li\u00e9es \u00e0 une mauvaise conception du poste de travail\u00a0: reflets de l&rsquo;\u00e9cran, mauvais \u00e9clairage, \u00e9crans mal positionn\u00e9s.<\/p><p>Le travail face aux \u00e9crans peut avoir des effets divers physiologiques.<\/p><p>Tout d\u2019abord, il peut provoquer une diminution de l\u2019acuit\u00e9 visuelle, augmentant progressivement le degr\u00e9 de fatigue au fil de la journ\u00e9e. Cela se traduit par une vision floue et parfois \u00e0 une vision double. Plus l&rsquo;\u0153il est utilis\u00e9 longtemps sans repos, plus la personne aura une mauvaise vision.<\/p><p>Ensuite, nous pouvons \u00e9noncer les difficult\u00e9s \u00e0 lire et \u00e0 se concentrer. La fatigue visuelle affecte la vision de pr\u00e8s et interf\u00e8re avec la lecture de texte \u00e0 l\u2019\u00e9cran. Fournissant un double effort pour essayer de d\u00e9chiffrer les mots, le lecteur peine \u00e0 se concentrer et son efficacit\u00e9 au travail en souffre.<\/p><p>Le poste de travail doit \u00eatre am\u00e9nag\u00e9 pour assurer le confort des yeux. \u00a0Il est possible de jouer sur l\u2019\u00e9clairage du bureau et des outils num\u00e9riques utilis\u00e9s. En effet, vous pouvez opter pour une lampe \u00e0 intensit\u00e9 variable, le mode nocturne ou encore sur le positionnement des \u00e9crans qui doivent \u00eatre \u00e0 hauteur \u00e9quivalente de l\u2019\u0153il.<\/p><p>Il faut prendre soin de ses yeux et de sa vision. Cela commence par une bonne alimentation contenant des vitamines A et C comme les carottes, betteraves, m\u00e2che, brocolis, oranges, kiwis, fraises, m\u00fbres, etc.). Il est aussi important de boire suffisamment d&rsquo;eau au cours de la journ\u00e9e.<\/p><p>Vous pouvez opter pour la r\u00e9alisation d\u2019exercices que vous pouvez effectuer pour reposer vos yeux.<\/p><ul><li>La gymnastique oculaire\u00a0: efface tension et fatigue. L\u2019id\u00e9e est que l\u2019\u0153il fasse des mouvements de haut en bas et des mouvements circulaires. Aussi, les battements des paupi\u00e8res permettent d\u2019humidifier les yeux. Clignez des yeux pendant 30 secondes afin d\u2019\u00e9viter la sensation d\u2019\u0153il sec.<\/li><li>Les pauses visuelles\u00a0: d\u00e9connectez-vous en faisant des pauses de 10 min toutes les heures.<\/li><\/ul><p>Pr\u00e9venir la fatigue visuelle aupr\u00e8s de vos salari\u00e9s est un investissement \u00e0 long terme qui vous permettra de profiter d\u2019une organisation dynamique et productive gr\u00e2ce \u00e0 un environnement et des conditions de travail saines.\u00a0 Faites-vous accompagner d\u00e8s aujourd\u2019hui par <a href=\"https:\/\/www.kerea.eu\/index.php\/contact\/\">Kerea<\/a> sur ces probl\u00e9matiques.<\/p>\t\t\t\t\t\t\t\t<\/div>\n\t\t\t\t<\/div>\n\t\t\t\t\t<\/div>\n\t\t<\/div>\n\t\t\t\t\t<\/div>\n\t\t<\/section>\n\t\t\t\t<\/div>\n\t\t","protected":false},"excerpt":{"rendered":"<p>La fatigue visuelle peut r\u00e9duire consid\u00e9rablement la productivit\u00e9 et peut causer des dommages physiologiques aux salari\u00e9s. Il est judicieux pour les entreprises de veiller \u00e0 l\u2019environnement de travail et au &#8230; <a title=\"Les cl\u00e9s pour r\u00e9duire la fatigue visuelle au travail\" class=\"read-more\" href=\"https:\/\/www.kerea.eu\/index.php\/2022\/07\/28\/les-cles-pour-reduire-la-fatigue-visuelle-au-travail\/\" aria-label=\"Read more about Les cl\u00e9s pour r\u00e9duire la fatigue visuelle au travail\">Lire la suite<\/a><\/p>\n","protected":false},"author":1,"featured_media":98078,"comment_status":"closed","ping_status":"closed","sticky":false,"template":"","format":"standard","meta":{"_monsterinsights_skip_tracking":false,"_monsterinsights_sitenote_active":false,"_monsterinsights_sitenote_note":"","_monsterinsights_sitenote_category":0,"footnotes":""},"categories":[1],"tags":[],"class_list":["post-98073","post","type-post","status-publish","format-standard","has-post-thumbnail","hentry","category-sante"],"yoast_head":"<!-- This site is optimized with the Yoast SEO plugin v27.5 - https:\/\/yoast.com\/product\/yoast-seo-wordpress\/ -->\n<title>Les cl\u00e9s pour r\u00e9duire la fatigue visuelle au travail - KEREA<\/title>\n<meta name=\"description\" content=\"La fatigue visuelle peut r\u00e9duire consid\u00e9rablement la productivit\u00e9 et peut causer des dommages physiologiques aux salari\u00e9s.\" \/>\n<meta name=\"robots\" content=\"index, follow, max-snippet:-1, max-image-preview:large, max-video-preview:-1\" \/>\n<link rel=\"canonical\" href=\"https:\/\/www.kerea.eu\/index.php\/2022\/07\/28\/les-cles-pour-reduire-la-fatigue-visuelle-au-travail\/\" \/>\n<meta property=\"og:locale\" content=\"fr_FR\" \/>\n<meta property=\"og:type\" content=\"article\" \/>\n<meta property=\"og:title\" content=\"Les cl\u00e9s pour r\u00e9duire la fatigue visuelle au travail - KEREA\" \/>\n<meta property=\"og:description\" content=\"La fatigue visuelle peut r\u00e9duire consid\u00e9rablement la productivit\u00e9 et peut causer des dommages physiologiques aux salari\u00e9s.\" \/>\n<meta property=\"og:url\" content=\"https:\/\/www.kerea.eu\/index.php\/2022\/07\/28\/les-cles-pour-reduire-la-fatigue-visuelle-au-travail\/\" \/>\n<meta property=\"og:site_name\" content=\"KEREA\" \/>\n<meta property=\"article:published_time\" content=\"2022-07-28T13:05:54+00:00\" \/>\n<meta property=\"article:modified_time\" content=\"2022-07-28T13:29:48+00:00\" \/>\n<meta property=\"og:image\" content=\"https:\/\/www.kerea.eu\/wp-content\/uploads\/2022\/07\/Images-11-1024x512.png\" \/>\n\t<meta property=\"og:image:width\" content=\"1024\" \/>\n\t<meta property=\"og:image:height\" content=\"512\" \/>\n\t<meta property=\"og:image:type\" content=\"image\/png\" \/>\n<meta name=\"author\" content=\"Kerea\" \/>\n<meta name=\"twitter:card\" content=\"summary_large_image\" \/>\n<meta name=\"twitter:label1\" content=\"\u00c9crit par\" \/>\n\t<meta name=\"twitter:data1\" content=\"Kerea\" \/>\n\t<meta name=\"twitter:label2\" content=\"Dur\u00e9e de lecture estim\u00e9e\" \/>\n\t<meta name=\"twitter:data2\" content=\"3 minutes\" \/>\n<script type=\"application\/ld+json\" class=\"yoast-schema-graph\">{\"@context\":\"https:\\\/\\\/schema.org\",\"@graph\":[{\"@type\":\"Article\",\"@id\":\"https:\\\/\\\/www.kerea.eu\\\/index.php\\\/2022\\\/07\\\/28\\\/les-cles-pour-reduire-la-fatigue-visuelle-au-travail\\\/#article\",\"isPartOf\":{\"@id\":\"https:\\\/\\\/www.kerea.eu\\\/index.php\\\/2022\\\/07\\\/28\\\/les-cles-pour-reduire-la-fatigue-visuelle-au-travail\\\/\"},\"author\":{\"name\":\"Kerea\",\"@id\":\"https:\\\/\\\/37.59.242.200\\\/#\\\/schema\\\/person\\\/5396e4c57a7033d620add4e1ee171967\"},\"headline\":\"Les cl\u00e9s pour r\u00e9duire la fatigue visuelle au travail\",\"datePublished\":\"2022-07-28T13:05:54+00:00\",\"dateModified\":\"2022-07-28T13:29:48+00:00\",\"mainEntityOfPage\":{\"@id\":\"https:\\\/\\\/www.kerea.eu\\\/index.php\\\/2022\\\/07\\\/28\\\/les-cles-pour-reduire-la-fatigue-visuelle-au-travail\\\/\"},\"wordCount\":479,\"publisher\":{\"@id\":\"https:\\\/\\\/37.59.242.200\\\/#organization\"},\"image\":{\"@id\":\"https:\\\/\\\/www.kerea.eu\\\/index.php\\\/2022\\\/07\\\/28\\\/les-cles-pour-reduire-la-fatigue-visuelle-au-travail\\\/#primaryimage\"},\"thumbnailUrl\":\"https:\\\/\\\/www.kerea.eu\\\/wp-content\\\/uploads\\\/2022\\\/07\\\/Images-11.png\",\"articleSection\":[\"Sant\u00e9\"],\"inLanguage\":\"fr-FR\"},{\"@type\":\"WebPage\",\"@id\":\"https:\\\/\\\/www.kerea.eu\\\/index.php\\\/2022\\\/07\\\/28\\\/les-cles-pour-reduire-la-fatigue-visuelle-au-travail\\\/\",\"url\":\"https:\\\/\\\/www.kerea.eu\\\/index.php\\\/2022\\\/07\\\/28\\\/les-cles-pour-reduire-la-fatigue-visuelle-au-travail\\\/\",\"name\":\"Les cl\u00e9s pour r\u00e9duire la fatigue visuelle au travail - KEREA\",\"isPartOf\":{\"@id\":\"https:\\\/\\\/37.59.242.200\\\/#website\"},\"primaryImageOfPage\":{\"@id\":\"https:\\\/\\\/www.kerea.eu\\\/index.php\\\/2022\\\/07\\\/28\\\/les-cles-pour-reduire-la-fatigue-visuelle-au-travail\\\/#primaryimage\"},\"image\":{\"@id\":\"https:\\\/\\\/www.kerea.eu\\\/index.php\\\/2022\\\/07\\\/28\\\/les-cles-pour-reduire-la-fatigue-visuelle-au-travail\\\/#primaryimage\"},\"thumbnailUrl\":\"https:\\\/\\\/www.kerea.eu\\\/wp-content\\\/uploads\\\/2022\\\/07\\\/Images-11.png\",\"datePublished\":\"2022-07-28T13:05:54+00:00\",\"dateModified\":\"2022-07-28T13:29:48+00:00\",\"description\":\"La fatigue visuelle peut r\u00e9duire consid\u00e9rablement la productivit\u00e9 et peut causer des dommages physiologiques aux salari\u00e9s.\",\"breadcrumb\":{\"@id\":\"https:\\\/\\\/www.kerea.eu\\\/index.php\\\/2022\\\/07\\\/28\\\/les-cles-pour-reduire-la-fatigue-visuelle-au-travail\\\/#breadcrumb\"},\"inLanguage\":\"fr-FR\",\"potentialAction\":[{\"@type\":\"ReadAction\",\"target\":[\"https:\\\/\\\/www.kerea.eu\\\/index.php\\\/2022\\\/07\\\/28\\\/les-cles-pour-reduire-la-fatigue-visuelle-au-travail\\\/\"]}]},{\"@type\":\"ImageObject\",\"inLanguage\":\"fr-FR\",\"@id\":\"https:\\\/\\\/www.kerea.eu\\\/index.php\\\/2022\\\/07\\\/28\\\/les-cles-pour-reduire-la-fatigue-visuelle-au-travail\\\/#primaryimage\",\"url\":\"https:\\\/\\\/www.kerea.eu\\\/wp-content\\\/uploads\\\/2022\\\/07\\\/Images-11.png\",\"contentUrl\":\"https:\\\/\\\/www.kerea.eu\\\/wp-content\\\/uploads\\\/2022\\\/07\\\/Images-11.png\",\"width\":6912,\"height\":3456,\"caption\":\"femme fatigu\u00e9e au travail\"},{\"@type\":\"BreadcrumbList\",\"@id\":\"https:\\\/\\\/www.kerea.eu\\\/index.php\\\/2022\\\/07\\\/28\\\/les-cles-pour-reduire-la-fatigue-visuelle-au-travail\\\/#breadcrumb\",\"itemListElement\":[{\"@type\":\"ListItem\",\"position\":1,\"name\":\"Accueil\",\"item\":\"https:\\\/\\\/www.kerea.eu\\\/\"},{\"@type\":\"ListItem\",\"position\":2,\"name\":\"Les cl\u00e9s pour r\u00e9duire la fatigue visuelle au travail\"}]},{\"@type\":\"WebSite\",\"@id\":\"https:\\\/\\\/37.59.242.200\\\/#website\",\"url\":\"https:\\\/\\\/37.59.242.200\\\/\",\"name\":\"KEREA\",\"description\":\"Kerea, votre partenaire sant\u00e9 et bien-\u00eatre au travail\",\"publisher\":{\"@id\":\"https:\\\/\\\/37.59.242.200\\\/#organization\"},\"potentialAction\":[{\"@type\":\"SearchAction\",\"target\":{\"@type\":\"EntryPoint\",\"urlTemplate\":\"https:\\\/\\\/37.59.242.200\\\/?s={search_term_string}\"},\"query-input\":{\"@type\":\"PropertyValueSpecification\",\"valueRequired\":true,\"valueName\":\"search_term_string\"}}],\"inLanguage\":\"fr-FR\"},{\"@type\":\"Organization\",\"@id\":\"https:\\\/\\\/37.59.242.200\\\/#organization\",\"name\":\"KEREA\",\"url\":\"https:\\\/\\\/37.59.242.200\\\/\",\"logo\":{\"@type\":\"ImageObject\",\"inLanguage\":\"fr-FR\",\"@id\":\"https:\\\/\\\/37.59.242.200\\\/#\\\/schema\\\/logo\\\/image\\\/\",\"url\":\"https:\\\/\\\/www.kerea.eu\\\/wp-content\\\/uploads\\\/2025\\\/12\\\/logo-kerea.png\",\"contentUrl\":\"https:\\\/\\\/www.kerea.eu\\\/wp-content\\\/uploads\\\/2025\\\/12\\\/logo-kerea.png\",\"width\":1497,\"height\":600,\"caption\":\"KEREA\"},\"image\":{\"@id\":\"https:\\\/\\\/37.59.242.200\\\/#\\\/schema\\\/logo\\\/image\\\/\"},\"sameAs\":[\"https:\\\/\\\/www.linkedin.com\\\/showcase\\\/kerea-by-efficience\\\/\"]},{\"@type\":\"Person\",\"@id\":\"https:\\\/\\\/37.59.242.200\\\/#\\\/schema\\\/person\\\/5396e4c57a7033d620add4e1ee171967\",\"name\":\"Kerea\",\"url\":\"https:\\\/\\\/www.kerea.eu\\\/index.php\\\/author\\\/admin\\\/\"}]}<\/script>\n<!-- \/ Yoast SEO plugin. -->","yoast_head_json":{"title":"Les cl\u00e9s pour r\u00e9duire la fatigue visuelle au travail - KEREA","description":"La fatigue visuelle peut r\u00e9duire consid\u00e9rablement la productivit\u00e9 et peut causer des dommages physiologiques aux salari\u00e9s.","robots":{"index":"index","follow":"follow","max-snippet":"max-snippet:-1","max-image-preview":"max-image-preview:large","max-video-preview":"max-video-preview:-1"},"canonical":"https:\/\/www.kerea.eu\/index.php\/2022\/07\/28\/les-cles-pour-reduire-la-fatigue-visuelle-au-travail\/","og_locale":"fr_FR","og_type":"article","og_title":"Les cl\u00e9s pour r\u00e9duire la fatigue visuelle au travail - KEREA","og_description":"La fatigue visuelle peut r\u00e9duire consid\u00e9rablement la productivit\u00e9 et peut causer des dommages physiologiques aux salari\u00e9s.","og_url":"https:\/\/www.kerea.eu\/index.php\/2022\/07\/28\/les-cles-pour-reduire-la-fatigue-visuelle-au-travail\/","og_site_name":"KEREA","article_published_time":"2022-07-28T13:05:54+00:00","article_modified_time":"2022-07-28T13:29:48+00:00","og_image":[{"width":1024,"height":512,"url":"https:\/\/www.kerea.eu\/wp-content\/uploads\/2022\/07\/Images-11-1024x512.png","type":"image\/png"}],"author":"Kerea","twitter_card":"summary_large_image","twitter_misc":{"\u00c9crit par":"Kerea","Dur\u00e9e de lecture estim\u00e9e":"3 minutes"},"schema":{"@context":"https:\/\/schema.org","@graph":[{"@type":"Article","@id":"https:\/\/www.kerea.eu\/index.php\/2022\/07\/28\/les-cles-pour-reduire-la-fatigue-visuelle-au-travail\/#article","isPartOf":{"@id":"https:\/\/www.kerea.eu\/index.php\/2022\/07\/28\/les-cles-pour-reduire-la-fatigue-visuelle-au-travail\/"},"author":{"name":"Kerea","@id":"https:\/\/37.59.242.200\/#\/schema\/person\/5396e4c57a7033d620add4e1ee171967"},"headline":"Les cl\u00e9s pour r\u00e9duire la fatigue visuelle au travail","datePublished":"2022-07-28T13:05:54+00:00","dateModified":"2022-07-28T13:29:48+00:00","mainEntityOfPage":{"@id":"https:\/\/www.kerea.eu\/index.php\/2022\/07\/28\/les-cles-pour-reduire-la-fatigue-visuelle-au-travail\/"},"wordCount":479,"publisher":{"@id":"https:\/\/37.59.242.200\/#organization"},"image":{"@id":"https:\/\/www.kerea.eu\/index.php\/2022\/07\/28\/les-cles-pour-reduire-la-fatigue-visuelle-au-travail\/#primaryimage"},"thumbnailUrl":"https:\/\/www.kerea.eu\/wp-content\/uploads\/2022\/07\/Images-11.png","articleSection":["Sant\u00e9"],"inLanguage":"fr-FR"},{"@type":"WebPage","@id":"https:\/\/www.kerea.eu\/index.php\/2022\/07\/28\/les-cles-pour-reduire-la-fatigue-visuelle-au-travail\/","url":"https:\/\/www.kerea.eu\/index.php\/2022\/07\/28\/les-cles-pour-reduire-la-fatigue-visuelle-au-travail\/","name":"Les cl\u00e9s pour r\u00e9duire la fatigue visuelle au travail - KEREA","isPartOf":{"@id":"https:\/\/37.59.242.200\/#website"},"primaryImageOfPage":{"@id":"https:\/\/www.kerea.eu\/index.php\/2022\/07\/28\/les-cles-pour-reduire-la-fatigue-visuelle-au-travail\/#primaryimage"},"image":{"@id":"https:\/\/www.kerea.eu\/index.php\/2022\/07\/28\/les-cles-pour-reduire-la-fatigue-visuelle-au-travail\/#primaryimage"},"thumbnailUrl":"https:\/\/www.kerea.eu\/wp-content\/uploads\/2022\/07\/Images-11.png","datePublished":"2022-07-28T13:05:54+00:00","dateModified":"2022-07-28T13:29:48+00:00","description":"La fatigue visuelle peut r\u00e9duire consid\u00e9rablement la productivit\u00e9 et peut causer des dommages physiologiques aux salari\u00e9s.","breadcrumb":{"@id":"https:\/\/www.kerea.eu\/index.php\/2022\/07\/28\/les-cles-pour-reduire-la-fatigue-visuelle-au-travail\/#breadcrumb"},"inLanguage":"fr-FR","potentialAction":[{"@type":"ReadAction","target":["https:\/\/www.kerea.eu\/index.php\/2022\/07\/28\/les-cles-pour-reduire-la-fatigue-visuelle-au-travail\/"]}]},{"@type":"ImageObject","inLanguage":"fr-FR","@id":"https:\/\/www.kerea.eu\/index.php\/2022\/07\/28\/les-cles-pour-reduire-la-fatigue-visuelle-au-travail\/#primaryimage","url":"https:\/\/www.kerea.eu\/wp-content\/uploads\/2022\/07\/Images-11.png","contentUrl":"https:\/\/www.kerea.eu\/wp-content\/uploads\/2022\/07\/Images-11.png","width":6912,"height":3456,"caption":"femme fatigu\u00e9e au travail"},{"@type":"BreadcrumbList","@id":"https:\/\/www.kerea.eu\/index.php\/2022\/07\/28\/les-cles-pour-reduire-la-fatigue-visuelle-au-travail\/#breadcrumb","itemListElement":[{"@type":"ListItem","position":1,"name":"Accueil","item":"https:\/\/www.kerea.eu\/"},{"@type":"ListItem","position":2,"name":"Les cl\u00e9s pour r\u00e9duire la fatigue visuelle au travail"}]},{"@type":"WebSite","@id":"https:\/\/37.59.242.200\/#website","url":"https:\/\/37.59.242.200\/","name":"KEREA","description":"Kerea, votre partenaire sant\u00e9 et bien-\u00eatre au travail","publisher":{"@id":"https:\/\/37.59.242.200\/#organization"},"potentialAction":[{"@type":"SearchAction","target":{"@type":"EntryPoint","urlTemplate":"https:\/\/37.59.242.200\/?s={search_term_string}"},"query-input":{"@type":"PropertyValueSpecification","valueRequired":true,"valueName":"search_term_string"}}],"inLanguage":"fr-FR"},{"@type":"Organization","@id":"https:\/\/37.59.242.200\/#organization","name":"KEREA","url":"https:\/\/37.59.242.200\/","logo":{"@type":"ImageObject","inLanguage":"fr-FR","@id":"https:\/\/37.59.242.200\/#\/schema\/logo\/image\/","url":"https:\/\/www.kerea.eu\/wp-content\/uploads\/2025\/12\/logo-kerea.png","contentUrl":"https:\/\/www.kerea.eu\/wp-content\/uploads\/2025\/12\/logo-kerea.png","width":1497,"height":600,"caption":"KEREA"},"image":{"@id":"https:\/\/37.59.242.200\/#\/schema\/logo\/image\/"},"sameAs":["https:\/\/www.linkedin.com\/showcase\/kerea-by-efficience\/"]},{"@type":"Person","@id":"https:\/\/37.59.242.200\/#\/schema\/person\/5396e4c57a7033d620add4e1ee171967","name":"Kerea","url":"https:\/\/www.kerea.eu\/index.php\/author\/admin\/"}]}},"_links":{"self":[{"href":"https:\/\/www.kerea.eu\/index.php\/wp-json\/wp\/v2\/posts\/98073","targetHints":{"allow":["GET"]}}],"collection":[{"href":"https:\/\/www.kerea.eu\/index.php\/wp-json\/wp\/v2\/posts"}],"about":[{"href":"https:\/\/www.kerea.eu\/index.php\/wp-json\/wp\/v2\/types\/post"}],"author":[{"embeddable":true,"href":"https:\/\/www.kerea.eu\/index.php\/wp-json\/wp\/v2\/users\/1"}],"replies":[{"embeddable":true,"href":"https:\/\/www.kerea.eu\/index.php\/wp-json\/wp\/v2\/comments?post=98073"}],"version-history":[{"count":18,"href":"https:\/\/www.kerea.eu\/index.php\/wp-json\/wp\/v2\/posts\/98073\/revisions"}],"predecessor-version":[{"id":98120,"href":"https:\/\/www.kerea.eu\/index.php\/wp-json\/wp\/v2\/posts\/98073\/revisions\/98120"}],"wp:featuredmedia":[{"embeddable":true,"href":"https:\/\/www.kerea.eu\/index.php\/wp-json\/wp\/v2\/media\/98078"}],"wp:attachment":[{"href":"https:\/\/www.kerea.eu\/index.php\/wp-json\/wp\/v2\/media?parent=98073"}],"wp:term":[{"taxonomy":"category","embeddable":true,"href":"https:\/\/www.kerea.eu\/index.php\/wp-json\/wp\/v2\/categories?post=98073"},{"taxonomy":"post_tag","embeddable":true,"href":"https:\/\/www.kerea.eu\/index.php\/wp-json\/wp\/v2\/tags?post=98073"}],"curies":[{"name":"wp","href":"https:\/\/api.w.org\/{rel}","templated":true}]}}