{"id":93283,"date":"2022-07-20T14:55:03","date_gmt":"2022-07-20T14:55:03","guid":{"rendered":"https:\/\/www.kerea.eu\/?p=93283"},"modified":"2022-07-25T12:40:19","modified_gmt":"2022-07-25T12:40:19","slug":"prevenir-le-risque-solaire-au-travail","status":"publish","type":"post","link":"https:\/\/www.kerea.eu\/index.php\/2022\/07\/20\/prevenir-le-risque-solaire-au-travail\/","title":{"rendered":"Pr\u00e9venir le risque solaire au travail"},"content":{"rendered":"\t\t<div data-elementor-type=\"wp-post\" data-elementor-id=\"93283\" class=\"elementor elementor-93283\">\n\t\t\t\t\t\t<section class=\"elementor-section elementor-top-section elementor-element elementor-element-6c51962 elementor-section-boxed elementor-section-height-default elementor-section-height-default\" data-id=\"6c51962\" data-element_type=\"section\" data-e-type=\"section\">\n\t\t\t\t\t\t<div class=\"elementor-container elementor-column-gap-default\">\n\t\t\t\t\t<div class=\"elementor-column elementor-col-100 elementor-top-column elementor-element elementor-element-d74e562\" data-id=\"d74e562\" data-element_type=\"column\" data-e-type=\"column\">\n\t\t\t<div class=\"elementor-widget-wrap elementor-element-populated\">\n\t\t\t\t\t\t<div class=\"elementor-element elementor-element-ab8d9fd elementor-widget elementor-widget-text-editor\" data-id=\"ab8d9fd\" data-element_type=\"widget\" data-e-type=\"widget\" data-widget_type=\"text-editor.default\">\n\t\t\t\t<div class=\"elementor-widget-container\">\n\t\t\t\t\t\t\t\t\t<p><em>En cette p\u00e9riode de fortes chaleurs, il est de la responsabilit\u00e9 de l\u2019employeur\u00a0de pr\u00e9venir le risque solaire aupr\u00e8s de ses salari\u00e9s<\/em><\/p>\t\t\t\t\t\t\t\t<\/div>\n\t\t\t\t<\/div>\n\t\t\t\t\t<\/div>\n\t\t<\/div>\n\t\t\t\t\t<\/div>\n\t\t<\/section>\n\t\t\t\t<section class=\"elementor-section elementor-top-section elementor-element elementor-element-16ff425 elementor-section-boxed elementor-section-height-default elementor-section-height-default\" data-id=\"16ff425\" data-element_type=\"section\" data-e-type=\"section\">\n\t\t\t\t\t\t<div class=\"elementor-container elementor-column-gap-default\">\n\t\t\t\t\t<div class=\"elementor-column elementor-col-100 elementor-top-column elementor-element elementor-element-6e91382\" data-id=\"6e91382\" data-element_type=\"column\" data-e-type=\"column\">\n\t\t\t<div class=\"elementor-widget-wrap elementor-element-populated\">\n\t\t\t\t\t\t<div class=\"elementor-element elementor-element-ce86eb8 elementor-widget elementor-widget-text-editor\" data-id=\"ce86eb8\" data-element_type=\"widget\" data-e-type=\"widget\" data-widget_type=\"text-editor.default\">\n\t\t\t\t<div class=\"elementor-widget-container\">\n\t\t\t\t\t\t\t\t\t<p>On constate de 10% de la population active en France est concern\u00e9e par le risque solaire dans le cadre professionnel. L\u2019exposition solaire dans le cadre du travail rel\u00e8ve d\u2019un enjeu de sant\u00e9 publique. C\u2019est pourquoi les entreprises jouent un r\u00f4le crucial pour limiter les effets n\u00e9fastes sur leurs salari\u00e9s.<\/p><p>L&rsquo;exposition aux rayonnements ultraviolets (UV) du soleil peut entra\u00eener des effets \u00e0 court terme sur la sant\u00e9 : coups de soleil, \u00e9ruption cutan\u00e9e, pigmentation&#8230; Une exposition prolong\u00e9e augmente le risque de vieillissement, de cancer de la peau. Le ph\u00e9nom\u00e8ne touche essentiellement les salari\u00e9s du secteur primaire et secondaire. Les professions comme les agriculteurs, les jardiniers, les \u00e9leveurs, les ouvriers du b\u00e2timent, les employ\u00e9s des stations baln\u00e9aires ou des sportifs sont les plus expos\u00e9s \u00e0 ce risque.<\/p><p>Pour se prot\u00e9ger contre les rayons UV, il existe plusieurs m\u00e9thodes. L\u2019employeur \u00e0 l\u2019obligation d\u2019\u00e9valuer les risques li\u00e9s au poste de travail. Il peut \u00e0 la suite opter pour diff\u00e9rentes strat\u00e9gies comme des mesures li\u00e9es \u00e0 l\u2019am\u00e9nagement du temps de travail : la rotation des postes, un report de l\u2019activit\u00e9\u2026 Il peut aussi pr\u00e9voir des mesures techniques comme la pose de filtres sur les vitres du parc de v\u00e9hicule de l\u2019entreprise ou encore l\u2019installation de stores dans les locaux. Il est essentiel de pr\u00e9voir des tenues et des \u00e9quipements ad\u00e9quats pour les salari\u00e9s travaillant \u00e0 l\u2019ext\u00e9rieur afin de pr\u00e9venir le risque solaire. On parle ici de protection individuelle. Ce qui comprend les v\u00eatements \u00e0 manches longues, les lunettes solaires, les couvres-t\u00eates par exemple.<\/p><p>Enfin, certains sites peuvent \u00eatre consult\u00e9s pour avoir des indications en temps r\u00e9el sur l\u2019\u00e9volution de la situation climatique avec une vue sur l\u2019indice UV, la temp\u00e9rature et des recommandations.<\/p><p>Voici les sites que vous pouvez consulter\u00a0:<\/p>\t\t\t\t\t\t\t\t<\/div>\n\t\t\t\t<\/div>\n\t\t\t\t\t<\/div>\n\t\t<\/div>\n\t\t\t\t\t<\/div>\n\t\t<\/section>\n\t\t\t\t<section class=\"elementor-section elementor-top-section elementor-element elementor-element-6bafca2 elementor-section-boxed elementor-section-height-default elementor-section-height-default\" data-id=\"6bafca2\" data-element_type=\"section\" data-e-type=\"section\">\n\t\t\t\t\t\t<div class=\"elementor-container elementor-column-gap-default\">\n\t\t\t\t\t<div class=\"elementor-column elementor-col-50 elementor-top-column elementor-element elementor-element-29b9cc5\" data-id=\"29b9cc5\" data-element_type=\"column\" data-e-type=\"column\">\n\t\t\t<div class=\"elementor-widget-wrap elementor-element-populated\">\n\t\t\t\t\t\t<div class=\"elementor-element elementor-element-56e7eaf elementor-align-center elementor-widget elementor-widget-button\" data-id=\"56e7eaf\" data-element_type=\"widget\" data-e-type=\"widget\" data-widget_type=\"button.default\">\n\t\t\t\t<div class=\"elementor-widget-container\">\n\t\t\t\t\t\t\t\t\t<div class=\"elementor-button-wrapper\">\n\t\t\t\t\t<a class=\"elementor-button elementor-button-link elementor-size-sm\" href=\"https:\/\/www.soleil.info\/\">\n\t\t\t\t\t\t<span class=\"elementor-button-content-wrapper\">\n\t\t\t\t\t\t\t\t\t<span class=\"elementor-button-text\">Soleil Info<\/span>\n\t\t\t\t\t<\/span>\n\t\t\t\t\t<\/a>\n\t\t\t\t<\/div>\n\t\t\t\t\t\t\t\t<\/div>\n\t\t\t\t<\/div>\n\t\t\t\t\t<\/div>\n\t\t<\/div>\n\t\t\t\t<div class=\"elementor-column elementor-col-50 elementor-top-column elementor-element elementor-element-915871a\" data-id=\"915871a\" data-element_type=\"column\" data-e-type=\"column\">\n\t\t\t<div class=\"elementor-widget-wrap elementor-element-populated\">\n\t\t\t\t\t\t<div class=\"elementor-element elementor-element-ed26214 elementor-align-center elementor-widget elementor-widget-button\" data-id=\"ed26214\" data-element_type=\"widget\" data-e-type=\"widget\" data-widget_type=\"button.default\">\n\t\t\t\t<div class=\"elementor-widget-container\">\n\t\t\t\t\t\t\t\t\t<div class=\"elementor-button-wrapper\">\n\t\t\t\t\t<a class=\"elementor-button elementor-button-link elementor-size-sm\" href=\"https:\/\/www.santepubliquefrance.fr\/determinants-de-sante\/climat\/fortes-chaleurs-canicule\/outils\">\n\t\t\t\t\t\t<span class=\"elementor-button-content-wrapper\">\n\t\t\t\t\t\t\t\t\t<span class=\"elementor-button-text\">Sant\u00e9 Publique France<\/span>\n\t\t\t\t\t<\/span>\n\t\t\t\t\t<\/a>\n\t\t\t\t<\/div>\n\t\t\t\t\t\t\t\t<\/div>\n\t\t\t\t<\/div>\n\t\t\t\t\t<\/div>\n\t\t<\/div>\n\t\t\t\t\t<\/div>\n\t\t<\/section>\n\t\t\t\t<section class=\"elementor-section elementor-top-section elementor-element elementor-element-7686613 elementor-section-boxed elementor-section-height-default elementor-section-height-default\" data-id=\"7686613\" data-element_type=\"section\" data-e-type=\"section\">\n\t\t\t\t\t\t<div class=\"elementor-container elementor-column-gap-default\">\n\t\t\t\t\t<div class=\"elementor-column elementor-col-100 elementor-top-column elementor-element elementor-element-630a84d\" data-id=\"630a84d\" data-element_type=\"column\" data-e-type=\"column\">\n\t\t\t<div class=\"elementor-widget-wrap elementor-element-populated\">\n\t\t\t\t\t\t<div class=\"elementor-element elementor-element-5640887 elementor-widget elementor-widget-spacer\" data-id=\"5640887\" data-element_type=\"widget\" data-e-type=\"widget\" data-widget_type=\"spacer.default\">\n\t\t\t\t<div class=\"elementor-widget-container\">\n\t\t\t\t\t\t\t<div class=\"elementor-spacer\">\n\t\t\t<div class=\"elementor-spacer-inner\"><\/div>\n\t\t<\/div>\n\t\t\t\t\t\t<\/div>\n\t\t\t\t<\/div>\n\t\t\t\t\t<\/div>\n\t\t<\/div>\n\t\t\t\t\t<\/div>\n\t\t<\/section>\n\t\t\t\t<section class=\"elementor-section elementor-top-section elementor-element elementor-element-d7e0293 elementor-section-boxed elementor-section-height-default elementor-section-height-default\" data-id=\"d7e0293\" data-element_type=\"section\" data-e-type=\"section\">\n\t\t\t\t\t\t<div class=\"elementor-container elementor-column-gap-default\">\n\t\t\t\t\t<div class=\"elementor-column elementor-col-33 elementor-top-column elementor-element elementor-element-3148c14\" data-id=\"3148c14\" data-element_type=\"column\" data-e-type=\"column\">\n\t\t\t<div class=\"elementor-widget-wrap elementor-element-populated\">\n\t\t\t\t\t\t<div class=\"elementor-element elementor-element-af7260f elementor-widget elementor-widget-text-editor\" data-id=\"af7260f\" data-element_type=\"widget\" data-e-type=\"widget\" data-widget_type=\"text-editor.default\">\n\t\t\t\t<div class=\"elementor-widget-container\">\n\t\t\t\t\t\t\t\t\t<p>Pour plus d\u2019informations, visionnez le r\u00e9capitulatif de l\u2019interview avec :<\/p><p><a href=\"https:\/\/fr.linkedin.com\/in\/pierre-cesarini-44120078\">Pierre Cesarini<\/a>, Directeur d\u00e9l\u00e9gu\u00e9 association <a href=\"https:\/\/www.soleil.info\/la-securite-solaire\">S\u00e9curit\u00e9 Solaire<\/a><br \/><a href=\"https:\/\/fr.linkedin.com\/in\/valerie-dunas-7a318379\">Val\u00e9rie Dunas<\/a>, Directrice du d\u00e9veloppement <a href=\"https:\/\/www.efficience-santeautravail.org\/\">Efficience Sant\u00e9 au Travail<\/a> et Directrice g\u00e9n\u00e9rale <a href=\"https:\/\/www.kerea.eu\/\">Kerea<\/a><\/p>\t\t\t\t\t\t\t\t<\/div>\n\t\t\t\t<\/div>\n\t\t\t\t\t<\/div>\n\t\t<\/div>\n\t\t\t\t<div class=\"elementor-column elementor-col-66 elementor-top-column elementor-element elementor-element-110b3be\" data-id=\"110b3be\" data-element_type=\"column\" data-e-type=\"column\">\n\t\t\t<div class=\"elementor-widget-wrap elementor-element-populated\">\n\t\t\t\t\t\t<div class=\"elementor-element elementor-element-98dd638 elementor-widget elementor-widget-video\" data-id=\"98dd638\" data-element_type=\"widget\" data-e-type=\"widget\" data-settings=\"{&quot;youtube_url&quot;:&quot;https:\\\/\\\/youtu.be\\\/Kb3loDa2nC8&quot;,&quot;video_type&quot;:&quot;youtube&quot;,&quot;controls&quot;:&quot;yes&quot;}\" data-widget_type=\"video.default\">\n\t\t\t\t<div class=\"elementor-widget-container\">\n\t\t\t\t\t\t\t<div class=\"elementor-wrapper elementor-open-inline\">\n\t\t\t<div class=\"elementor-video\"><\/div>\t\t<\/div>\n\t\t\t\t\t\t<\/div>\n\t\t\t\t<\/div>\n\t\t\t\t\t<\/div>\n\t\t<\/div>\n\t\t\t\t\t<\/div>\n\t\t<\/section>\n\t\t\t\t<section class=\"elementor-section elementor-top-section elementor-element elementor-element-8e2ded4 elementor-section-boxed elementor-section-height-default elementor-section-height-default\" data-id=\"8e2ded4\" data-element_type=\"section\" data-e-type=\"section\">\n\t\t\t\t\t\t<div class=\"elementor-container elementor-column-gap-default\">\n\t\t\t\t\t<div class=\"elementor-column elementor-col-100 elementor-top-column elementor-element elementor-element-fd83984\" data-id=\"fd83984\" data-element_type=\"column\" data-e-type=\"column\">\n\t\t\t<div class=\"elementor-widget-wrap elementor-element-populated\">\n\t\t\t\t\t\t<div class=\"elementor-element elementor-element-2f911ca elementor-widget elementor-widget-spacer\" data-id=\"2f911ca\" data-element_type=\"widget\" data-e-type=\"widget\" data-widget_type=\"spacer.default\">\n\t\t\t\t<div class=\"elementor-widget-container\">\n\t\t\t\t\t\t\t<div class=\"elementor-spacer\">\n\t\t\t<div class=\"elementor-spacer-inner\"><\/div>\n\t\t<\/div>\n\t\t\t\t\t\t<\/div>\n\t\t\t\t<\/div>\n\t\t\t\t\t<\/div>\n\t\t<\/div>\n\t\t\t\t\t<\/div>\n\t\t<\/section>\n\t\t\t\t<section class=\"elementor-section elementor-top-section elementor-element elementor-element-63ee167 elementor-section-boxed elementor-section-height-default elementor-section-height-default\" data-id=\"63ee167\" data-element_type=\"section\" data-e-type=\"section\">\n\t\t\t\t\t\t<div class=\"elementor-container elementor-column-gap-default\">\n\t\t\t\t\t<div class=\"elementor-column elementor-col-100 elementor-top-column elementor-element elementor-element-87c7d8b\" data-id=\"87c7d8b\" data-element_type=\"column\" data-e-type=\"column\">\n\t\t\t<div class=\"elementor-widget-wrap elementor-element-populated\">\n\t\t\t\t\t\t<div class=\"elementor-element elementor-element-f74d6f9 elementor-widget elementor-widget-text-editor\" data-id=\"f74d6f9\" data-element_type=\"widget\" data-e-type=\"widget\" data-widget_type=\"text-editor.default\">\n\t\t\t\t<div class=\"elementor-widget-container\">\n\t\t\t\t\t\t\t\t\t<p>Construisez main dans la main votre accompagnement avec Kerea afin de r\u00e9pondre aux probl\u00e9matiques terrains que rencontrent vos salari\u00e9s. Vous pouvez d\u00e8s maintenant contactez Kerea pour un \u00e9change privil\u00e9gi\u00e9.<\/p>\t\t\t\t\t\t\t\t<\/div>\n\t\t\t\t<\/div>\n\t\t\t\t\t<\/div>\n\t\t<\/div>\n\t\t\t\t\t<\/div>\n\t\t<\/section>\n\t\t\t\t<\/div>\n\t\t","protected":false},"excerpt":{"rendered":"<p>En cette p\u00e9riode de fortes chaleurs, il est de la responsabilit\u00e9 de l\u2019employeur&nbsp;de pr\u00e9venir le risque solaire aupr\u00e8s de ses salari\u00e9s On constate de 10% de la population active en &#8230; <a title=\"Pr\u00e9venir le risque solaire au travail\" class=\"read-more\" href=\"https:\/\/www.kerea.eu\/index.php\/2022\/07\/20\/prevenir-le-risque-solaire-au-travail\/\" aria-label=\"Read more about Pr\u00e9venir le risque solaire au travail\">Lire la suite<\/a><\/p>\n","protected":false},"author":1,"featured_media":93307,"comment_status":"closed","ping_status":"closed","sticky":false,"template":"","format":"standard","meta":{"_monsterinsights_skip_tracking":false,"_monsterinsights_sitenote_active":false,"_monsterinsights_sitenote_note":"","_monsterinsights_sitenote_category":0,"footnotes":""},"categories":[1],"tags":[],"class_list":["post-93283","post","type-post","status-publish","format-standard","has-post-thumbnail","hentry","category-sante"],"yoast_head":"<!-- This site is optimized with the Yoast SEO plugin v27.5 - https:\/\/yoast.com\/product\/yoast-seo-wordpress\/ -->\n<title>Pr\u00e9venir le risque solaire au travail - KEREA<\/title>\n<meta name=\"description\" content=\"Durant les fortes chaleurs, il est de la responsabilit\u00e9 du devoir de l\u2019employeur de pr\u00e9venir le risque solaire et aupr\u00e8s de ses salari\u00e9s.\" \/>\n<meta name=\"robots\" content=\"index, follow, max-snippet:-1, max-image-preview:large, max-video-preview:-1\" \/>\n<link rel=\"canonical\" href=\"https:\/\/www.kerea.eu\/index.php\/2022\/07\/20\/prevenir-le-risque-solaire-au-travail\/\" \/>\n<meta property=\"og:locale\" content=\"fr_FR\" \/>\n<meta property=\"og:type\" content=\"article\" \/>\n<meta property=\"og:title\" content=\"Pr\u00e9venir le risque solaire au travail - KEREA\" \/>\n<meta property=\"og:description\" content=\"Durant les fortes chaleurs, il est de la responsabilit\u00e9 du devoir de l\u2019employeur de pr\u00e9venir le risque solaire et aupr\u00e8s de ses salari\u00e9s.\" \/>\n<meta property=\"og:url\" content=\"https:\/\/www.kerea.eu\/index.php\/2022\/07\/20\/prevenir-le-risque-solaire-au-travail\/\" \/>\n<meta property=\"og:site_name\" content=\"KEREA\" \/>\n<meta property=\"article:published_time\" content=\"2022-07-20T14:55:03+00:00\" \/>\n<meta property=\"article:modified_time\" content=\"2022-07-25T12:40:19+00:00\" \/>\n<meta property=\"og:image\" content=\"https:\/\/www.kerea.eu\/wp-content\/uploads\/2022\/07\/Images-1-scaled.jpg\" \/>\n\t<meta property=\"og:image:width\" content=\"2560\" \/>\n\t<meta property=\"og:image:height\" content=\"1280\" \/>\n\t<meta property=\"og:image:type\" content=\"image\/jpeg\" \/>\n<meta name=\"author\" content=\"Kerea\" \/>\n<meta name=\"twitter:card\" content=\"summary_large_image\" \/>\n<meta name=\"twitter:label1\" content=\"\u00c9crit par\" \/>\n\t<meta name=\"twitter:data1\" content=\"Kerea\" \/>\n\t<meta name=\"twitter:label2\" content=\"Dur\u00e9e de lecture estim\u00e9e\" \/>\n\t<meta name=\"twitter:data2\" content=\"2 minutes\" \/>\n<script type=\"application\/ld+json\" class=\"yoast-schema-graph\">{\"@context\":\"https:\\\/\\\/schema.org\",\"@graph\":[{\"@type\":\"Article\",\"@id\":\"https:\\\/\\\/www.kerea.eu\\\/index.php\\\/2022\\\/07\\\/20\\\/prevenir-le-risque-solaire-au-travail\\\/#article\",\"isPartOf\":{\"@id\":\"https:\\\/\\\/www.kerea.eu\\\/index.php\\\/2022\\\/07\\\/20\\\/prevenir-le-risque-solaire-au-travail\\\/\"},\"author\":{\"name\":\"Kerea\",\"@id\":\"https:\\\/\\\/37.59.242.200\\\/#\\\/schema\\\/person\\\/5396e4c57a7033d620add4e1ee171967\"},\"headline\":\"Pr\u00e9venir le risque solaire au travail\",\"datePublished\":\"2022-07-20T14:55:03+00:00\",\"dateModified\":\"2022-07-25T12:40:19+00:00\",\"mainEntityOfPage\":{\"@id\":\"https:\\\/\\\/www.kerea.eu\\\/index.php\\\/2022\\\/07\\\/20\\\/prevenir-le-risque-solaire-au-travail\\\/\"},\"wordCount\":443,\"publisher\":{\"@id\":\"https:\\\/\\\/37.59.242.200\\\/#organization\"},\"image\":{\"@id\":\"https:\\\/\\\/www.kerea.eu\\\/index.php\\\/2022\\\/07\\\/20\\\/prevenir-le-risque-solaire-au-travail\\\/#primaryimage\"},\"thumbnailUrl\":\"https:\\\/\\\/www.kerea.eu\\\/wp-content\\\/uploads\\\/2022\\\/07\\\/Images-1-scaled.jpg\",\"articleSection\":[\"Sant\u00e9\"],\"inLanguage\":\"fr-FR\"},{\"@type\":\"WebPage\",\"@id\":\"https:\\\/\\\/www.kerea.eu\\\/index.php\\\/2022\\\/07\\\/20\\\/prevenir-le-risque-solaire-au-travail\\\/\",\"url\":\"https:\\\/\\\/www.kerea.eu\\\/index.php\\\/2022\\\/07\\\/20\\\/prevenir-le-risque-solaire-au-travail\\\/\",\"name\":\"Pr\u00e9venir le risque solaire au travail - KEREA\",\"isPartOf\":{\"@id\":\"https:\\\/\\\/37.59.242.200\\\/#website\"},\"primaryImageOfPage\":{\"@id\":\"https:\\\/\\\/www.kerea.eu\\\/index.php\\\/2022\\\/07\\\/20\\\/prevenir-le-risque-solaire-au-travail\\\/#primaryimage\"},\"image\":{\"@id\":\"https:\\\/\\\/www.kerea.eu\\\/index.php\\\/2022\\\/07\\\/20\\\/prevenir-le-risque-solaire-au-travail\\\/#primaryimage\"},\"thumbnailUrl\":\"https:\\\/\\\/www.kerea.eu\\\/wp-content\\\/uploads\\\/2022\\\/07\\\/Images-1-scaled.jpg\",\"datePublished\":\"2022-07-20T14:55:03+00:00\",\"dateModified\":\"2022-07-25T12:40:19+00:00\",\"description\":\"Durant les fortes chaleurs, il est de la responsabilit\u00e9 du devoir de l\u2019employeur de pr\u00e9venir le risque solaire et aupr\u00e8s de ses salari\u00e9s.\",\"breadcrumb\":{\"@id\":\"https:\\\/\\\/www.kerea.eu\\\/index.php\\\/2022\\\/07\\\/20\\\/prevenir-le-risque-solaire-au-travail\\\/#breadcrumb\"},\"inLanguage\":\"fr-FR\",\"potentialAction\":[{\"@type\":\"ReadAction\",\"target\":[\"https:\\\/\\\/www.kerea.eu\\\/index.php\\\/2022\\\/07\\\/20\\\/prevenir-le-risque-solaire-au-travail\\\/\"]}]},{\"@type\":\"ImageObject\",\"inLanguage\":\"fr-FR\",\"@id\":\"https:\\\/\\\/www.kerea.eu\\\/index.php\\\/2022\\\/07\\\/20\\\/prevenir-le-risque-solaire-au-travail\\\/#primaryimage\",\"url\":\"https:\\\/\\\/www.kerea.eu\\\/wp-content\\\/uploads\\\/2022\\\/07\\\/Images-1-scaled.jpg\",\"contentUrl\":\"https:\\\/\\\/www.kerea.eu\\\/wp-content\\\/uploads\\\/2022\\\/07\\\/Images-1-scaled.jpg\",\"width\":2560,\"height\":1280,\"caption\":\"Travailleurs BTP\"},{\"@type\":\"BreadcrumbList\",\"@id\":\"https:\\\/\\\/www.kerea.eu\\\/index.php\\\/2022\\\/07\\\/20\\\/prevenir-le-risque-solaire-au-travail\\\/#breadcrumb\",\"itemListElement\":[{\"@type\":\"ListItem\",\"position\":1,\"name\":\"Accueil\",\"item\":\"https:\\\/\\\/www.kerea.eu\\\/\"},{\"@type\":\"ListItem\",\"position\":2,\"name\":\"Pr\u00e9venir le risque solaire au travail\"}]},{\"@type\":\"WebSite\",\"@id\":\"https:\\\/\\\/37.59.242.200\\\/#website\",\"url\":\"https:\\\/\\\/37.59.242.200\\\/\",\"name\":\"KEREA\",\"description\":\"Kerea, votre partenaire sant\u00e9 et bien-\u00eatre au travail\",\"publisher\":{\"@id\":\"https:\\\/\\\/37.59.242.200\\\/#organization\"},\"potentialAction\":[{\"@type\":\"SearchAction\",\"target\":{\"@type\":\"EntryPoint\",\"urlTemplate\":\"https:\\\/\\\/37.59.242.200\\\/?s={search_term_string}\"},\"query-input\":{\"@type\":\"PropertyValueSpecification\",\"valueRequired\":true,\"valueName\":\"search_term_string\"}}],\"inLanguage\":\"fr-FR\"},{\"@type\":\"Organization\",\"@id\":\"https:\\\/\\\/37.59.242.200\\\/#organization\",\"name\":\"KEREA\",\"url\":\"https:\\\/\\\/37.59.242.200\\\/\",\"logo\":{\"@type\":\"ImageObject\",\"inLanguage\":\"fr-FR\",\"@id\":\"https:\\\/\\\/37.59.242.200\\\/#\\\/schema\\\/logo\\\/image\\\/\",\"url\":\"https:\\\/\\\/www.kerea.eu\\\/wp-content\\\/uploads\\\/2025\\\/12\\\/logo-kerea.png\",\"contentUrl\":\"https:\\\/\\\/www.kerea.eu\\\/wp-content\\\/uploads\\\/2025\\\/12\\\/logo-kerea.png\",\"width\":1497,\"height\":600,\"caption\":\"KEREA\"},\"image\":{\"@id\":\"https:\\\/\\\/37.59.242.200\\\/#\\\/schema\\\/logo\\\/image\\\/\"},\"sameAs\":[\"https:\\\/\\\/www.linkedin.com\\\/showcase\\\/kerea-by-efficience\\\/\"]},{\"@type\":\"Person\",\"@id\":\"https:\\\/\\\/37.59.242.200\\\/#\\\/schema\\\/person\\\/5396e4c57a7033d620add4e1ee171967\",\"name\":\"Kerea\",\"url\":\"https:\\\/\\\/www.kerea.eu\\\/index.php\\\/author\\\/admin\\\/\"}]}<\/script>\n<!-- \/ Yoast SEO plugin. -->","yoast_head_json":{"title":"Pr\u00e9venir le risque solaire au travail - KEREA","description":"Durant les fortes chaleurs, il est de la responsabilit\u00e9 du devoir de l\u2019employeur de pr\u00e9venir le risque solaire et aupr\u00e8s de ses salari\u00e9s.","robots":{"index":"index","follow":"follow","max-snippet":"max-snippet:-1","max-image-preview":"max-image-preview:large","max-video-preview":"max-video-preview:-1"},"canonical":"https:\/\/www.kerea.eu\/index.php\/2022\/07\/20\/prevenir-le-risque-solaire-au-travail\/","og_locale":"fr_FR","og_type":"article","og_title":"Pr\u00e9venir le risque solaire au travail - KEREA","og_description":"Durant les fortes chaleurs, il est de la responsabilit\u00e9 du devoir de l\u2019employeur de pr\u00e9venir le risque solaire et aupr\u00e8s de ses salari\u00e9s.","og_url":"https:\/\/www.kerea.eu\/index.php\/2022\/07\/20\/prevenir-le-risque-solaire-au-travail\/","og_site_name":"KEREA","article_published_time":"2022-07-20T14:55:03+00:00","article_modified_time":"2022-07-25T12:40:19+00:00","og_image":[{"width":2560,"height":1280,"url":"https:\/\/www.kerea.eu\/wp-content\/uploads\/2022\/07\/Images-1-scaled.jpg","type":"image\/jpeg"}],"author":"Kerea","twitter_card":"summary_large_image","twitter_misc":{"\u00c9crit par":"Kerea","Dur\u00e9e de lecture estim\u00e9e":"2 minutes"},"schema":{"@context":"https:\/\/schema.org","@graph":[{"@type":"Article","@id":"https:\/\/www.kerea.eu\/index.php\/2022\/07\/20\/prevenir-le-risque-solaire-au-travail\/#article","isPartOf":{"@id":"https:\/\/www.kerea.eu\/index.php\/2022\/07\/20\/prevenir-le-risque-solaire-au-travail\/"},"author":{"name":"Kerea","@id":"https:\/\/37.59.242.200\/#\/schema\/person\/5396e4c57a7033d620add4e1ee171967"},"headline":"Pr\u00e9venir le risque solaire au travail","datePublished":"2022-07-20T14:55:03+00:00","dateModified":"2022-07-25T12:40:19+00:00","mainEntityOfPage":{"@id":"https:\/\/www.kerea.eu\/index.php\/2022\/07\/20\/prevenir-le-risque-solaire-au-travail\/"},"wordCount":443,"publisher":{"@id":"https:\/\/37.59.242.200\/#organization"},"image":{"@id":"https:\/\/www.kerea.eu\/index.php\/2022\/07\/20\/prevenir-le-risque-solaire-au-travail\/#primaryimage"},"thumbnailUrl":"https:\/\/www.kerea.eu\/wp-content\/uploads\/2022\/07\/Images-1-scaled.jpg","articleSection":["Sant\u00e9"],"inLanguage":"fr-FR"},{"@type":"WebPage","@id":"https:\/\/www.kerea.eu\/index.php\/2022\/07\/20\/prevenir-le-risque-solaire-au-travail\/","url":"https:\/\/www.kerea.eu\/index.php\/2022\/07\/20\/prevenir-le-risque-solaire-au-travail\/","name":"Pr\u00e9venir le risque solaire au travail - KEREA","isPartOf":{"@id":"https:\/\/37.59.242.200\/#website"},"primaryImageOfPage":{"@id":"https:\/\/www.kerea.eu\/index.php\/2022\/07\/20\/prevenir-le-risque-solaire-au-travail\/#primaryimage"},"image":{"@id":"https:\/\/www.kerea.eu\/index.php\/2022\/07\/20\/prevenir-le-risque-solaire-au-travail\/#primaryimage"},"thumbnailUrl":"https:\/\/www.kerea.eu\/wp-content\/uploads\/2022\/07\/Images-1-scaled.jpg","datePublished":"2022-07-20T14:55:03+00:00","dateModified":"2022-07-25T12:40:19+00:00","description":"Durant les fortes chaleurs, il est de la responsabilit\u00e9 du devoir de l\u2019employeur de pr\u00e9venir le risque solaire et aupr\u00e8s de ses salari\u00e9s.","breadcrumb":{"@id":"https:\/\/www.kerea.eu\/index.php\/2022\/07\/20\/prevenir-le-risque-solaire-au-travail\/#breadcrumb"},"inLanguage":"fr-FR","potentialAction":[{"@type":"ReadAction","target":["https:\/\/www.kerea.eu\/index.php\/2022\/07\/20\/prevenir-le-risque-solaire-au-travail\/"]}]},{"@type":"ImageObject","inLanguage":"fr-FR","@id":"https:\/\/www.kerea.eu\/index.php\/2022\/07\/20\/prevenir-le-risque-solaire-au-travail\/#primaryimage","url":"https:\/\/www.kerea.eu\/wp-content\/uploads\/2022\/07\/Images-1-scaled.jpg","contentUrl":"https:\/\/www.kerea.eu\/wp-content\/uploads\/2022\/07\/Images-1-scaled.jpg","width":2560,"height":1280,"caption":"Travailleurs BTP"},{"@type":"BreadcrumbList","@id":"https:\/\/www.kerea.eu\/index.php\/2022\/07\/20\/prevenir-le-risque-solaire-au-travail\/#breadcrumb","itemListElement":[{"@type":"ListItem","position":1,"name":"Accueil","item":"https:\/\/www.kerea.eu\/"},{"@type":"ListItem","position":2,"name":"Pr\u00e9venir le risque solaire au travail"}]},{"@type":"WebSite","@id":"https:\/\/37.59.242.200\/#website","url":"https:\/\/37.59.242.200\/","name":"KEREA","description":"Kerea, votre partenaire sant\u00e9 et bien-\u00eatre au travail","publisher":{"@id":"https:\/\/37.59.242.200\/#organization"},"potentialAction":[{"@type":"SearchAction","target":{"@type":"EntryPoint","urlTemplate":"https:\/\/37.59.242.200\/?s={search_term_string}"},"query-input":{"@type":"PropertyValueSpecification","valueRequired":true,"valueName":"search_term_string"}}],"inLanguage":"fr-FR"},{"@type":"Organization","@id":"https:\/\/37.59.242.200\/#organization","name":"KEREA","url":"https:\/\/37.59.242.200\/","logo":{"@type":"ImageObject","inLanguage":"fr-FR","@id":"https:\/\/37.59.242.200\/#\/schema\/logo\/image\/","url":"https:\/\/www.kerea.eu\/wp-content\/uploads\/2025\/12\/logo-kerea.png","contentUrl":"https:\/\/www.kerea.eu\/wp-content\/uploads\/2025\/12\/logo-kerea.png","width":1497,"height":600,"caption":"KEREA"},"image":{"@id":"https:\/\/37.59.242.200\/#\/schema\/logo\/image\/"},"sameAs":["https:\/\/www.linkedin.com\/showcase\/kerea-by-efficience\/"]},{"@type":"Person","@id":"https:\/\/37.59.242.200\/#\/schema\/person\/5396e4c57a7033d620add4e1ee171967","name":"Kerea","url":"https:\/\/www.kerea.eu\/index.php\/author\/admin\/"}]}},"_links":{"self":[{"href":"https:\/\/www.kerea.eu\/index.php\/wp-json\/wp\/v2\/posts\/93283","targetHints":{"allow":["GET"]}}],"collection":[{"href":"https:\/\/www.kerea.eu\/index.php\/wp-json\/wp\/v2\/posts"}],"about":[{"href":"https:\/\/www.kerea.eu\/index.php\/wp-json\/wp\/v2\/types\/post"}],"author":[{"embeddable":true,"href":"https:\/\/www.kerea.eu\/index.php\/wp-json\/wp\/v2\/users\/1"}],"replies":[{"embeddable":true,"href":"https:\/\/www.kerea.eu\/index.php\/wp-json\/wp\/v2\/comments?post=93283"}],"version-history":[{"count":61,"href":"https:\/\/www.kerea.eu\/index.php\/wp-json\/wp\/v2\/posts\/93283\/revisions"}],"predecessor-version":[{"id":608213,"href":"https:\/\/www.kerea.eu\/index.php\/wp-json\/wp\/v2\/posts\/93283\/revisions\/608213"}],"wp:featuredmedia":[{"embeddable":true,"href":"https:\/\/www.kerea.eu\/index.php\/wp-json\/wp\/v2\/media\/93307"}],"wp:attachment":[{"href":"https:\/\/www.kerea.eu\/index.php\/wp-json\/wp\/v2\/media?parent=93283"}],"wp:term":[{"taxonomy":"category","embeddable":true,"href":"https:\/\/www.kerea.eu\/index.php\/wp-json\/wp\/v2\/categories?post=93283"},{"taxonomy":"post_tag","embeddable":true,"href":"https:\/\/www.kerea.eu\/index.php\/wp-json\/wp\/v2\/tags?post=93283"}],"curies":[{"name":"wp","href":"https:\/\/api.w.org\/{rel}","templated":true}]}}