{"id":647539,"date":"2024-09-13T11:04:40","date_gmt":"2024-09-13T11:04:40","guid":{"rendered":"https:\/\/www.kerea.eu\/?p=647539"},"modified":"2024-09-13T11:47:04","modified_gmt":"2024-09-13T11:47:04","slug":"se-former-au-secourisme","status":"publish","type":"post","link":"https:\/\/www.kerea.eu\/index.php\/2024\/09\/13\/se-former-au-secourisme\/","title":{"rendered":"Se former au secourisme : un enjeu crucial pour tous"},"content":{"rendered":"\t\t<div data-elementor-type=\"wp-post\" data-elementor-id=\"647539\" class=\"elementor elementor-647539\">\n\t\t\t\t\t\t<section class=\"elementor-section elementor-top-section elementor-element elementor-element-bd15338 elementor-section-boxed elementor-section-height-default elementor-section-height-default\" data-id=\"bd15338\" data-element_type=\"section\" data-e-type=\"section\">\n\t\t\t\t\t\t<div class=\"elementor-container elementor-column-gap-default\">\n\t\t\t\t\t<div class=\"elementor-column elementor-col-100 elementor-top-column elementor-element elementor-element-c23f622\" data-id=\"c23f622\" data-element_type=\"column\" data-e-type=\"column\">\n\t\t\t<div class=\"elementor-widget-wrap elementor-element-populated\">\n\t\t\t\t\t\t<div class=\"elementor-element elementor-element-d7f99ec elementor-widget elementor-widget-spacer\" data-id=\"d7f99ec\" data-element_type=\"widget\" data-e-type=\"widget\" data-widget_type=\"spacer.default\">\n\t\t\t\t<div class=\"elementor-widget-container\">\n\t\t\t\t\t\t\t<div class=\"elementor-spacer\">\n\t\t\t<div class=\"elementor-spacer-inner\"><\/div>\n\t\t<\/div>\n\t\t\t\t\t\t<\/div>\n\t\t\t\t<\/div>\n\t\t\t\t<div class=\"elementor-element elementor-element-d80e5e2 elementor-widget elementor-widget-heading\" data-id=\"d80e5e2\" data-element_type=\"widget\" data-e-type=\"widget\" data-widget_type=\"heading.default\">\n\t\t\t\t<div class=\"elementor-widget-container\">\n\t\t\t\t\t<h1 class=\"elementor-heading-title elementor-size-default\">Se former au secourisme : un enjeu crucial pour tous<\/h1>\t\t\t\t<\/div>\n\t\t\t\t<\/div>\n\t\t\t\t\t<\/div>\n\t\t<\/div>\n\t\t\t\t\t<\/div>\n\t\t<\/section>\n\t\t\t\t<section class=\"elementor-section elementor-top-section elementor-element elementor-element-7e08372 elementor-section-boxed elementor-section-height-default elementor-section-height-default\" data-id=\"7e08372\" data-element_type=\"section\" data-e-type=\"section\">\n\t\t\t\t\t\t<div class=\"elementor-container elementor-column-gap-default\">\n\t\t\t\t\t<div class=\"elementor-column elementor-col-100 elementor-top-column elementor-element elementor-element-7cfcd35\" data-id=\"7cfcd35\" data-element_type=\"column\" data-e-type=\"column\">\n\t\t\t<div class=\"elementor-widget-wrap elementor-element-populated\">\n\t\t\t\t\t\t<div class=\"elementor-element elementor-element-65477b2 elementor-widget elementor-widget-spacer\" data-id=\"65477b2\" data-element_type=\"widget\" data-e-type=\"widget\" data-widget_type=\"spacer.default\">\n\t\t\t\t<div class=\"elementor-widget-container\">\n\t\t\t\t\t\t\t<div class=\"elementor-spacer\">\n\t\t\t<div class=\"elementor-spacer-inner\"><\/div>\n\t\t<\/div>\n\t\t\t\t\t\t<\/div>\n\t\t\t\t<\/div>\n\t\t\t\t\t<\/div>\n\t\t<\/div>\n\t\t\t\t\t<\/div>\n\t\t<\/section>\n\t\t\t\t<section class=\"elementor-section elementor-top-section elementor-element elementor-element-2b5bb7f elementor-section-boxed elementor-section-height-default elementor-section-height-default\" data-id=\"2b5bb7f\" data-element_type=\"section\" data-e-type=\"section\">\n\t\t\t\t\t\t<div class=\"elementor-container elementor-column-gap-default\">\n\t\t\t\t\t<div class=\"elementor-column elementor-col-100 elementor-top-column elementor-element elementor-element-3f57c0c\" data-id=\"3f57c0c\" data-element_type=\"column\" data-e-type=\"column\">\n\t\t\t<div class=\"elementor-widget-wrap elementor-element-populated\">\n\t\t\t\t\t\t<div class=\"elementor-element elementor-element-bbdaecd elementor-widget elementor-widget-image\" data-id=\"bbdaecd\" data-element_type=\"widget\" data-e-type=\"widget\" data-widget_type=\"image.default\">\n\t\t\t\t<div class=\"elementor-widget-container\">\n\t\t\t\t\t\t\t\t\t\t\t\t\t\t\t<img fetchpriority=\"high\" decoding=\"async\" width=\"720\" height=\"460\" src=\"https:\/\/www.kerea.eu\/wp-content\/uploads\/2024\/09\/Se-former-au-secourisme.png\" class=\"attachment-large size-large wp-image-647549\" alt=\"\" srcset=\"https:\/\/www.kerea.eu\/wp-content\/uploads\/2024\/09\/Se-former-au-secourisme.png 720w, https:\/\/www.kerea.eu\/wp-content\/uploads\/2024\/09\/Se-former-au-secourisme-300x192.png 300w\" sizes=\"(max-width: 720px) 100vw, 720px\" \/>\t\t\t\t\t\t\t\t\t\t\t\t\t\t\t<\/div>\n\t\t\t\t<\/div>\n\t\t\t\t<div class=\"elementor-element elementor-element-7d3fbe4 elementor-widget elementor-widget-text-editor\" data-id=\"7d3fbe4\" data-element_type=\"widget\" data-e-type=\"widget\" data-widget_type=\"text-editor.default\">\n\t\t\t\t<div class=\"elementor-widget-container\">\n\t\t\t\t\t\t\t\t\t<p>Demain, samedi 14 Septembre, c&rsquo;est la journ\u00e9e mondiale des premiers secours, une journ\u00e9e o\u00f9 le monde entier se mobilise pour sensibiliser \u00e0 l\u2019importance d\u2019apprendre les gestes qui sauvent. Depuis sa cr\u00e9ation en 2000 par la F\u00e9d\u00e9ration internationale des Soci\u00e9t\u00e9s de la Croix-Rouge et du Croissant-Rouge, cette journ\u00e9e vise \u00e0 encourager chacun \u00e0 se former aux premiers secours pour \u00eatre capable d\u2019agir rapidement face \u00e0 une situation d\u2019urgence.<\/p>\t\t\t\t\t\t\t\t<\/div>\n\t\t\t\t<\/div>\n\t\t\t\t\t<\/div>\n\t\t<\/div>\n\t\t\t\t\t<\/div>\n\t\t<\/section>\n\t\t\t\t<section class=\"elementor-section elementor-top-section elementor-element elementor-element-327ab8c elementor-section-boxed elementor-section-height-default elementor-section-height-default\" data-id=\"327ab8c\" data-element_type=\"section\" data-e-type=\"section\">\n\t\t\t\t\t\t<div class=\"elementor-container elementor-column-gap-default\">\n\t\t\t\t\t<div class=\"elementor-column elementor-col-100 elementor-top-column elementor-element elementor-element-d33ef69\" data-id=\"d33ef69\" data-element_type=\"column\" data-e-type=\"column\">\n\t\t\t<div class=\"elementor-widget-wrap elementor-element-populated\">\n\t\t\t\t\t\t<div class=\"elementor-element elementor-element-46f1744 elementor-widget elementor-widget-heading\" data-id=\"46f1744\" data-element_type=\"widget\" data-e-type=\"widget\" data-widget_type=\"heading.default\">\n\t\t\t\t<div class=\"elementor-widget-container\">\n\t\t\t\t\t<h2 class=\"elementor-heading-title elementor-size-default\">Pourquoi se former aux premiers secours est crucial ?<\/h2>\t\t\t\t<\/div>\n\t\t\t\t<\/div>\n\t\t\t\t\t<\/div>\n\t\t<\/div>\n\t\t\t\t\t<\/div>\n\t\t<\/section>\n\t\t\t\t<section class=\"elementor-section elementor-top-section elementor-element elementor-element-3cd46a7 elementor-section-boxed elementor-section-height-default elementor-section-height-default\" data-id=\"3cd46a7\" data-element_type=\"section\" data-e-type=\"section\">\n\t\t\t\t\t\t<div class=\"elementor-container elementor-column-gap-default\">\n\t\t\t\t\t<div class=\"elementor-column elementor-col-100 elementor-top-column elementor-element elementor-element-05c5abb\" data-id=\"05c5abb\" data-element_type=\"column\" data-e-type=\"column\">\n\t\t\t<div class=\"elementor-widget-wrap elementor-element-populated\">\n\t\t\t\t\t\t<div class=\"elementor-element elementor-element-92e9d72 elementor-widget elementor-widget-text-editor\" data-id=\"92e9d72\" data-element_type=\"widget\" data-e-type=\"widget\" data-widget_type=\"text-editor.default\">\n\t\t\t\t<div class=\"elementor-widget-container\">\n\t\t\t\t\t\t\t\t\tLes accidents ne pr\u00e9viennent pas. Ils peuvent survenir \u00e0 tout moment et toucher n&rsquo;importe qui, que ce soit au travail, \u00e0 la maison, dans la rue&#8230; Ma\u00eetriser les gestes de premiers secours est un atout majeur pour sauver des vies et limiter la gravit\u00e9 des blessures.\n<br><br>\nQuelques chiffres marquants :\n<ul>\n <li><strong>En France, seulement 40 % de la population est form\u00e9e aux premiers secours<\/strong>, un taux bien en de\u00e7\u00e0 de celui de nos voisins europ\u00e9ens.<\/li>\n \t<li><strong>Chaque ann\u00e9e, environ 50 000 personnes sont victimes d\u2019un arr\u00eat cardiaque<\/strong>, et malheureusement peu de t\u00e9moins sont en mesure de r\u00e9agir de mani\u00e8re ad\u00e9quate.<\/li>\n \t<li><strong>Dans 90 % des cas d\u2019urgence, c\u2019est un proche de la victime qui est le premier intervenant<\/strong>.<\/li>\n<\/ul>\nSe former aux premiers secours, c\u2019est donc non seulement sauver des vies, mais aussi :\n<ul>\n \t<li><b>Se conformer \u00e0 la loi<\/b> : Certaines entreprises, notamment celles des secteurs \u00e0 risque (BTP, industrie\u2026), sont tenues d&rsquo;avoir des collaborateurs form\u00e9s aux gestes de premiers secours.<\/li>\n \t<li><b>\u00catre pr\u00eat \u00e0 intervenir<\/b> dans la vie quotidienne ou en milieu professionnel. Malaise, arr\u00eat cardiaque, chute, h\u00e9morragie : ces accidents peuvent arriver \u00e0 tout moment. Savoir comment r\u00e9agir permet d\u2019apporter une aide imm\u00e9diate en attendant les secours professionnels.<\/li>\n \t<li><b>Un temps de formation r\u00e9duit et un co\u00fbt mod\u00e9r\u00e9<\/b> : Les formations aux premiers secours durent en moyenne entre 7 heures (pour le PSC1) et 14 heures (pour le SST) et sont accessibles financi\u00e8rement. De plus, ces formations peuvent \u00eatre prises en charge par l\u2019employeur ou d\u2019autres organismes.<\/li>\n<\/ul>\t\t\t\t\t\t\t\t<\/div>\n\t\t\t\t<\/div>\n\t\t\t\t\t<\/div>\n\t\t<\/div>\n\t\t\t\t\t<\/div>\n\t\t<\/section>\n\t\t\t\t<section class=\"elementor-section elementor-top-section elementor-element elementor-element-1f24191 elementor-section-boxed elementor-section-height-default elementor-section-height-default\" data-id=\"1f24191\" data-element_type=\"section\" data-e-type=\"section\">\n\t\t\t\t\t\t<div class=\"elementor-container elementor-column-gap-default\">\n\t\t\t\t\t<div class=\"elementor-column elementor-col-100 elementor-top-column elementor-element elementor-element-61b287d\" data-id=\"61b287d\" data-element_type=\"column\" data-e-type=\"column\">\n\t\t\t<div class=\"elementor-widget-wrap elementor-element-populated\">\n\t\t\t\t\t\t<div class=\"elementor-element elementor-element-8736a7c elementor-widget elementor-widget-heading\" data-id=\"8736a7c\" data-element_type=\"widget\" data-e-type=\"widget\" data-widget_type=\"heading.default\">\n\t\t\t\t<div class=\"elementor-widget-container\">\n\t\t\t\t\t<h2 class=\"elementor-heading-title elementor-size-default\">Les principaux gestes de premiers secours \u00e0 conna\u00eetre<\/h2>\t\t\t\t<\/div>\n\t\t\t\t<\/div>\n\t\t\t\t\t<\/div>\n\t\t<\/div>\n\t\t\t\t\t<\/div>\n\t\t<\/section>\n\t\t\t\t<section class=\"elementor-section elementor-top-section elementor-element elementor-element-31e8490 elementor-section-boxed elementor-section-height-default elementor-section-height-default\" data-id=\"31e8490\" data-element_type=\"section\" data-e-type=\"section\">\n\t\t\t\t\t\t<div class=\"elementor-container elementor-column-gap-default\">\n\t\t\t\t\t<div class=\"elementor-column elementor-col-100 elementor-top-column elementor-element elementor-element-2042706\" data-id=\"2042706\" data-element_type=\"column\" data-e-type=\"column\">\n\t\t\t<div class=\"elementor-widget-wrap elementor-element-populated\">\n\t\t\t\t\t\t<div class=\"elementor-element elementor-element-654d1d0 elementor-widget elementor-widget-text-editor\" data-id=\"654d1d0\" data-element_type=\"widget\" data-e-type=\"widget\" data-widget_type=\"text-editor.default\">\n\t\t\t\t<div class=\"elementor-widget-container\">\n\t\t\t\t\t\t\t\t\t<p>Il existe plusieurs gestes essentiels que tout le monde devrait conna\u00eetre :<\/p><ul><li><strong>La position lat\u00e9rale de s\u00e9curit\u00e9 (PLS)<\/strong> : ce geste permet de maintenir ouvertes les voies respiratoires chez une personne inconsciente qui respire encore.<\/li><li><strong>La r\u00e9animation cardio-pulmonaire (RCP)<\/strong> : en cas d&rsquo;arr\u00eat cardiaque, les compressions thoraciques associ\u00e9es \u00e0 la ventilation artificielle (bouche-\u00e0-bouche) peuvent sauver une vie.<\/li><li><strong>L\u2019utilisation d\u2019un d\u00e9fibrillateur automatique externe (DAE)<\/strong> : de plus en plus pr\u00e9sents dans les lieux publics, ces appareils sont simples \u00e0 utiliser et permettent de r\u00e9tablir un rythme cardiaque normal.<\/li><li><strong>L\u2019arr\u00eat d\u2019une h\u00e9morragie<\/strong> : en cas de blessure grave, il est essentiel d\u2019exercer une pression sur la plaie pour stopper le saignement.<br \/>Les gestes en cas d\u2019\u00e9touffement : la man\u0153uvre de Heimlich, qui consiste \u00e0 effectuer des compressions abdominales, peut d\u00e9gager les voies respiratoires en cas de blocage par un aliment ou un objet.<\/li><\/ul><p><a style=\"font-family: var( --e-global-typography-text-font-family ), Sans-serif; font-weight: var( --e-global-typography-text-font-weight );\" href=\"https:\/\/www.efficience-santeautravail.org\/2024\/09\/journee-mondiale-des-premiers-secours-quelques-rappels-pour-sauver-des-vies\/\" target=\"_blank\" rel=\"noopener\">Retrouvez les 4 \u00e9tapes pour porter secours\u00a0<\/a>\u00a0dans un article d\u00e9di\u00e9 d&rsquo;Efficience Sante au Travail.<\/p>\t\t\t\t\t\t\t\t<\/div>\n\t\t\t\t<\/div>\n\t\t\t\t\t<\/div>\n\t\t<\/div>\n\t\t\t\t\t<\/div>\n\t\t<\/section>\n\t\t\t\t<section class=\"elementor-section elementor-top-section elementor-element elementor-element-4043f67 elementor-section-boxed elementor-section-height-default elementor-section-height-default\" data-id=\"4043f67\" data-element_type=\"section\" data-e-type=\"section\">\n\t\t\t\t\t\t<div class=\"elementor-container elementor-column-gap-default\">\n\t\t\t\t\t<div class=\"elementor-column elementor-col-100 elementor-top-column elementor-element elementor-element-7f77cd8\" data-id=\"7f77cd8\" data-element_type=\"column\" data-e-type=\"column\">\n\t\t\t<div class=\"elementor-widget-wrap elementor-element-populated\">\n\t\t\t\t\t\t<div class=\"elementor-element elementor-element-f8782f2 elementor-widget elementor-widget-heading\" data-id=\"f8782f2\" data-element_type=\"widget\" data-e-type=\"widget\" data-widget_type=\"heading.default\">\n\t\t\t\t<div class=\"elementor-widget-container\">\n\t\t\t\t\t<h2 class=\"elementor-heading-title elementor-size-default\">Les diff\u00e9rentes formations en mati\u00e8re de secourisme<\/h2>\t\t\t\t<\/div>\n\t\t\t\t<\/div>\n\t\t\t\t\t<\/div>\n\t\t<\/div>\n\t\t\t\t\t<\/div>\n\t\t<\/section>\n\t\t\t\t<section class=\"elementor-section elementor-top-section elementor-element elementor-element-427c283 elementor-section-boxed elementor-section-height-default elementor-section-height-default\" data-id=\"427c283\" data-element_type=\"section\" data-e-type=\"section\">\n\t\t\t\t\t\t<div class=\"elementor-container elementor-column-gap-default\">\n\t\t\t\t\t<div class=\"elementor-column elementor-col-100 elementor-top-column elementor-element elementor-element-f1ec298\" data-id=\"f1ec298\" data-element_type=\"column\" data-e-type=\"column\">\n\t\t\t<div class=\"elementor-widget-wrap elementor-element-populated\">\n\t\t\t\t\t\t<div class=\"elementor-element elementor-element-2aa7e1e elementor-widget elementor-widget-text-editor\" data-id=\"2aa7e1e\" data-element_type=\"widget\" data-e-type=\"widget\" data-widget_type=\"text-editor.default\">\n\t\t\t\t<div class=\"elementor-widget-container\">\n\t\t\t\t\t\t\t\t\t<p>En France, il existe principalement deux types de formations pour se former aux gestes de premiers secours :<\/p><ul><li><strong>Le PSC1 (Pr\u00e9vention et secours civiques de niveau 1)<\/strong> : accessible \u00e0 tous \u00e0 partir de 10 ans, cette formation de 7 heures permet d\u2019acqu\u00e9rir les bases des gestes qui sauvent dans la vie quotidienne. Elle se concentre sur la cha\u00eene de secours : Prot\u00e9ger, Alerter, Secourir.<\/li><li><strong>Le SST (Sauveteur secouriste du travail)<\/strong> : cette formation de 14 heures est sp\u00e9cifiquement destin\u00e9e aux salari\u00e9s d\u2019entreprises et collectivit\u00e9s. En plus des gestes de premiers secours, elle inclut une dimension de pr\u00e9vention des risques professionnels (chutes, blessures, utilisation de produits chimiques\u2026). Les personnes form\u00e9es au SST sont \u00e9galement certifi\u00e9es au PSC1 par \u00e9quivalence.<\/li><\/ul>\t\t\t\t\t\t\t\t<\/div>\n\t\t\t\t<\/div>\n\t\t\t\t\t<\/div>\n\t\t<\/div>\n\t\t\t\t\t<\/div>\n\t\t<\/section>\n\t\t\t\t<section class=\"elementor-section elementor-top-section elementor-element elementor-element-0876e9f elementor-section-boxed elementor-section-height-default elementor-section-height-default\" data-id=\"0876e9f\" data-element_type=\"section\" data-e-type=\"section\">\n\t\t\t\t\t\t<div class=\"elementor-container elementor-column-gap-default\">\n\t\t\t\t\t<div class=\"elementor-column elementor-col-100 elementor-top-column elementor-element elementor-element-c31719a\" data-id=\"c31719a\" data-element_type=\"column\" data-e-type=\"column\">\n\t\t\t<div class=\"elementor-widget-wrap elementor-element-populated\">\n\t\t\t\t\t\t<div class=\"elementor-element elementor-element-68ca898 elementor-widget elementor-widget-heading\" data-id=\"68ca898\" data-element_type=\"widget\" data-e-type=\"widget\" data-widget_type=\"heading.default\">\n\t\t\t\t<div class=\"elementor-widget-container\">\n\t\t\t\t\t<h2 class=\"elementor-heading-title elementor-size-default\">Formation SST : Un atout cl\u00e9 pour les employeurs soucieux de la s\u00e9curit\u00e9 au travail<\/h2>\t\t\t\t<\/div>\n\t\t\t\t<\/div>\n\t\t\t\t<div class=\"elementor-element elementor-element-6c664ec elementor-widget elementor-widget-text-editor\" data-id=\"6c664ec\" data-element_type=\"widget\" data-e-type=\"widget\" data-widget_type=\"text-editor.default\">\n\t\t\t\t<div class=\"elementor-widget-container\">\n\t\t\t\t\t\t\t\t\t<p>Former vos salari\u00e9s aux gestes de premiers secours est un moyen efficace de garantir leur s\u00e9curit\u00e9 et celle de leurs coll\u00e8gues. En cas d\u2019accident au travail \u2014 malaise, chute, h\u00e9morragie \u2014 une intervention rapide peut sauver des vies et limiter la gravit\u00e9 des blessures. <br \/>Les Sauveteurs Secouristes du Travail (SST) jouent \u00e9galement un r\u00f4le cl\u00e9 dans la pr\u00e9vention des risques en entreprise. Leur formation ne se limite pas aux gestes de premiers secours, elle les pr\u00e9pare \u00e9galement \u00e0 identifier les situations \u00e0 risque et \u00e0 contribuer \u00e0 l\u2019am\u00e9lioration des conditions de s\u00e9curit\u00e9. Investir dans la formation SST, c\u2019est ainsi renforcer la s\u00e9curit\u00e9 et la culture de pr\u00e9vention au sein de votre organisation.<\/p><p>Kerea, organisme de formation certifi\u00e9 Qualiopi, propose des <a href=\"https:\/\/www.kerea.eu\/index.php\/offre-formations\/\" target=\"_blank\" rel=\"noopener\">formations dipl\u00f4mantes<\/a> en <a href=\"https:\/\/www.kerea.eu\/index.php\/formation-initiale-sst-certification-sauveteurs-secouristes-du-travail\/\" target=\"_blank\" rel=\"noopener\">Sauveteur Secouriste du Travail (SST) initiale<\/a> ainsi que des sessions de <a href=\"https:\/\/www.kerea.eu\/index.php\/formation-mac-sst-maintien-et-actualisation-des-competences-sauveteurs-secouristes-du-travail\/\" target=\"_blank\" rel=\"noopener\">Sauveteur Secouriste du Travail (SST) MAC<\/a>. Ces formations permettent \u00e0 vos collaborateurs d\u2019acqu\u00e9rir les bons r\u00e9flexes pour intervenir en cas d\u2019urgence au travail. Gr\u00e2ce \u00e0 notre certification Qualiopi, les formations peuvent \u00eatre financ\u00e9es pour tout ou partie par les OPCO, facilitant leur mise en place au sein de votre entreprise.<\/p><p>Ne manquez pas l\u2019occasion de former vos \u00e9quipes et de contribuer \u00e0 un environnement professionnel plus s\u00fbr.<\/p>\t\t\t\t\t\t\t\t<\/div>\n\t\t\t\t<\/div>\n\t\t\t\t\t<\/div>\n\t\t<\/div>\n\t\t\t\t\t<\/div>\n\t\t<\/section>\n\t\t\t\t<\/div>\n\t\t","protected":false},"excerpt":{"rendered":"<p>Se former au secourisme : un enjeu crucial pour tous Demain, samedi 14 Septembre, c&rsquo;est la journ\u00e9e mondiale des premiers secours, une journ\u00e9e o\u00f9 le monde entier se mobilise pour &#8230; <a title=\"Se former au secourisme : un enjeu crucial pour tous\" class=\"read-more\" href=\"https:\/\/www.kerea.eu\/index.php\/2024\/09\/13\/se-former-au-secourisme\/\" aria-label=\"Read more about Se former au secourisme : un enjeu crucial pour tous\">Lire la suite<\/a><\/p>\n","protected":false},"author":1,"featured_media":647549,"comment_status":"closed","ping_status":"closed","sticky":false,"template":"elementor_header_footer","format":"standard","meta":{"_monsterinsights_skip_tracking":false,"_monsterinsights_sitenote_active":false,"_monsterinsights_sitenote_note":"","_monsterinsights_sitenote_category":0,"footnotes":""},"categories":[1],"tags":[],"class_list":["post-647539","post","type-post","status-publish","format-standard","has-post-thumbnail","hentry","category-sante"],"yoast_head":"<!-- This site is optimized with the Yoast SEO plugin v27.5 - https:\/\/yoast.com\/product\/yoast-seo-wordpress\/ -->\n<title>Se former au secourisme<\/title>\n<meta name=\"description\" content=\"Se former aux premiers secours est essentiel pour sauver des vies. D\u00e9couvrez les diff\u00e9rentes formations existantes.\" \/>\n<meta name=\"robots\" content=\"index, follow, max-snippet:-1, max-image-preview:large, max-video-preview:-1\" \/>\n<link rel=\"canonical\" href=\"https:\/\/www.kerea.eu\/index.php\/2024\/09\/13\/se-former-au-secourisme\/\" \/>\n<meta property=\"og:locale\" content=\"fr_FR\" \/>\n<meta property=\"og:type\" content=\"article\" \/>\n<meta property=\"og:title\" content=\"Se former au secourisme\" \/>\n<meta property=\"og:description\" content=\"Se former aux premiers secours est essentiel pour sauver des vies. D\u00e9couvrez les diff\u00e9rentes formations existantes.\" \/>\n<meta property=\"og:url\" content=\"https:\/\/www.kerea.eu\/index.php\/2024\/09\/13\/se-former-au-secourisme\/\" \/>\n<meta property=\"og:site_name\" content=\"KEREA\" \/>\n<meta property=\"article:published_time\" content=\"2024-09-13T11:04:40+00:00\" \/>\n<meta property=\"article:modified_time\" content=\"2024-09-13T11:47:04+00:00\" \/>\n<meta property=\"og:image\" content=\"https:\/\/www.kerea.eu\/wp-content\/uploads\/2024\/09\/Se-former-au-secourisme.png\" \/>\n\t<meta property=\"og:image:width\" content=\"720\" \/>\n\t<meta property=\"og:image:height\" content=\"460\" \/>\n\t<meta property=\"og:image:type\" content=\"image\/png\" \/>\n<meta name=\"author\" content=\"Kerea\" \/>\n<meta name=\"twitter:card\" content=\"summary_large_image\" \/>\n<meta name=\"twitter:label1\" content=\"\u00c9crit par\" \/>\n\t<meta name=\"twitter:data1\" content=\"Kerea\" \/>\n\t<meta name=\"twitter:label2\" content=\"Dur\u00e9e de lecture estim\u00e9e\" \/>\n\t<meta name=\"twitter:data2\" content=\"5 minutes\" \/>\n<script type=\"application\/ld+json\" class=\"yoast-schema-graph\">{\"@context\":\"https:\\\/\\\/schema.org\",\"@graph\":[{\"@type\":\"Article\",\"@id\":\"https:\\\/\\\/www.kerea.eu\\\/index.php\\\/2024\\\/09\\\/13\\\/se-former-au-secourisme\\\/#article\",\"isPartOf\":{\"@id\":\"https:\\\/\\\/www.kerea.eu\\\/index.php\\\/2024\\\/09\\\/13\\\/se-former-au-secourisme\\\/\"},\"author\":{\"name\":\"Kerea\",\"@id\":\"https:\\\/\\\/37.59.242.200\\\/#\\\/schema\\\/person\\\/5396e4c57a7033d620add4e1ee171967\"},\"headline\":\"Se former au secourisme : un enjeu crucial pour tous\",\"datePublished\":\"2024-09-13T11:04:40+00:00\",\"dateModified\":\"2024-09-13T11:47:04+00:00\",\"mainEntityOfPage\":{\"@id\":\"https:\\\/\\\/www.kerea.eu\\\/index.php\\\/2024\\\/09\\\/13\\\/se-former-au-secourisme\\\/\"},\"wordCount\":891,\"publisher\":{\"@id\":\"https:\\\/\\\/37.59.242.200\\\/#organization\"},\"image\":{\"@id\":\"https:\\\/\\\/www.kerea.eu\\\/index.php\\\/2024\\\/09\\\/13\\\/se-former-au-secourisme\\\/#primaryimage\"},\"thumbnailUrl\":\"https:\\\/\\\/www.kerea.eu\\\/wp-content\\\/uploads\\\/2024\\\/09\\\/Se-former-au-secourisme.png\",\"articleSection\":[\"Sant\u00e9\"],\"inLanguage\":\"fr-FR\"},{\"@type\":\"WebPage\",\"@id\":\"https:\\\/\\\/www.kerea.eu\\\/index.php\\\/2024\\\/09\\\/13\\\/se-former-au-secourisme\\\/\",\"url\":\"https:\\\/\\\/www.kerea.eu\\\/index.php\\\/2024\\\/09\\\/13\\\/se-former-au-secourisme\\\/\",\"name\":\"Se former au secourisme\",\"isPartOf\":{\"@id\":\"https:\\\/\\\/37.59.242.200\\\/#website\"},\"primaryImageOfPage\":{\"@id\":\"https:\\\/\\\/www.kerea.eu\\\/index.php\\\/2024\\\/09\\\/13\\\/se-former-au-secourisme\\\/#primaryimage\"},\"image\":{\"@id\":\"https:\\\/\\\/www.kerea.eu\\\/index.php\\\/2024\\\/09\\\/13\\\/se-former-au-secourisme\\\/#primaryimage\"},\"thumbnailUrl\":\"https:\\\/\\\/www.kerea.eu\\\/wp-content\\\/uploads\\\/2024\\\/09\\\/Se-former-au-secourisme.png\",\"datePublished\":\"2024-09-13T11:04:40+00:00\",\"dateModified\":\"2024-09-13T11:47:04+00:00\",\"description\":\"Se former aux premiers secours est essentiel pour sauver des vies. D\u00e9couvrez les diff\u00e9rentes formations existantes.\",\"breadcrumb\":{\"@id\":\"https:\\\/\\\/www.kerea.eu\\\/index.php\\\/2024\\\/09\\\/13\\\/se-former-au-secourisme\\\/#breadcrumb\"},\"inLanguage\":\"fr-FR\",\"potentialAction\":[{\"@type\":\"ReadAction\",\"target\":[\"https:\\\/\\\/www.kerea.eu\\\/index.php\\\/2024\\\/09\\\/13\\\/se-former-au-secourisme\\\/\"]}]},{\"@type\":\"ImageObject\",\"inLanguage\":\"fr-FR\",\"@id\":\"https:\\\/\\\/www.kerea.eu\\\/index.php\\\/2024\\\/09\\\/13\\\/se-former-au-secourisme\\\/#primaryimage\",\"url\":\"https:\\\/\\\/www.kerea.eu\\\/wp-content\\\/uploads\\\/2024\\\/09\\\/Se-former-au-secourisme.png\",\"contentUrl\":\"https:\\\/\\\/www.kerea.eu\\\/wp-content\\\/uploads\\\/2024\\\/09\\\/Se-former-au-secourisme.png\",\"width\":720,\"height\":460},{\"@type\":\"BreadcrumbList\",\"@id\":\"https:\\\/\\\/www.kerea.eu\\\/index.php\\\/2024\\\/09\\\/13\\\/se-former-au-secourisme\\\/#breadcrumb\",\"itemListElement\":[{\"@type\":\"ListItem\",\"position\":1,\"name\":\"Accueil\",\"item\":\"https:\\\/\\\/www.kerea.eu\\\/\"},{\"@type\":\"ListItem\",\"position\":2,\"name\":\"Se former au secourisme : un enjeu crucial pour tous\"}]},{\"@type\":\"WebSite\",\"@id\":\"https:\\\/\\\/37.59.242.200\\\/#website\",\"url\":\"https:\\\/\\\/37.59.242.200\\\/\",\"name\":\"KEREA\",\"description\":\"Kerea, votre partenaire sant\u00e9 et bien-\u00eatre au travail\",\"publisher\":{\"@id\":\"https:\\\/\\\/37.59.242.200\\\/#organization\"},\"potentialAction\":[{\"@type\":\"SearchAction\",\"target\":{\"@type\":\"EntryPoint\",\"urlTemplate\":\"https:\\\/\\\/37.59.242.200\\\/?s={search_term_string}\"},\"query-input\":{\"@type\":\"PropertyValueSpecification\",\"valueRequired\":true,\"valueName\":\"search_term_string\"}}],\"inLanguage\":\"fr-FR\"},{\"@type\":\"Organization\",\"@id\":\"https:\\\/\\\/37.59.242.200\\\/#organization\",\"name\":\"KEREA\",\"url\":\"https:\\\/\\\/37.59.242.200\\\/\",\"logo\":{\"@type\":\"ImageObject\",\"inLanguage\":\"fr-FR\",\"@id\":\"https:\\\/\\\/37.59.242.200\\\/#\\\/schema\\\/logo\\\/image\\\/\",\"url\":\"https:\\\/\\\/www.kerea.eu\\\/wp-content\\\/uploads\\\/2025\\\/12\\\/logo-kerea.png\",\"contentUrl\":\"https:\\\/\\\/www.kerea.eu\\\/wp-content\\\/uploads\\\/2025\\\/12\\\/logo-kerea.png\",\"width\":1497,\"height\":600,\"caption\":\"KEREA\"},\"image\":{\"@id\":\"https:\\\/\\\/37.59.242.200\\\/#\\\/schema\\\/logo\\\/image\\\/\"},\"sameAs\":[\"https:\\\/\\\/www.linkedin.com\\\/showcase\\\/kerea-by-efficience\\\/\"]},{\"@type\":\"Person\",\"@id\":\"https:\\\/\\\/37.59.242.200\\\/#\\\/schema\\\/person\\\/5396e4c57a7033d620add4e1ee171967\",\"name\":\"Kerea\",\"url\":\"https:\\\/\\\/www.kerea.eu\\\/index.php\\\/author\\\/admin\\\/\"}]}<\/script>\n<!-- \/ Yoast SEO plugin. -->","yoast_head_json":{"title":"Se former au secourisme","description":"Se former aux premiers secours est essentiel pour sauver des vies. D\u00e9couvrez les diff\u00e9rentes formations existantes.","robots":{"index":"index","follow":"follow","max-snippet":"max-snippet:-1","max-image-preview":"max-image-preview:large","max-video-preview":"max-video-preview:-1"},"canonical":"https:\/\/www.kerea.eu\/index.php\/2024\/09\/13\/se-former-au-secourisme\/","og_locale":"fr_FR","og_type":"article","og_title":"Se former au secourisme","og_description":"Se former aux premiers secours est essentiel pour sauver des vies. D\u00e9couvrez les diff\u00e9rentes formations existantes.","og_url":"https:\/\/www.kerea.eu\/index.php\/2024\/09\/13\/se-former-au-secourisme\/","og_site_name":"KEREA","article_published_time":"2024-09-13T11:04:40+00:00","article_modified_time":"2024-09-13T11:47:04+00:00","og_image":[{"width":720,"height":460,"url":"https:\/\/www.kerea.eu\/wp-content\/uploads\/2024\/09\/Se-former-au-secourisme.png","type":"image\/png"}],"author":"Kerea","twitter_card":"summary_large_image","twitter_misc":{"\u00c9crit par":"Kerea","Dur\u00e9e de lecture estim\u00e9e":"5 minutes"},"schema":{"@context":"https:\/\/schema.org","@graph":[{"@type":"Article","@id":"https:\/\/www.kerea.eu\/index.php\/2024\/09\/13\/se-former-au-secourisme\/#article","isPartOf":{"@id":"https:\/\/www.kerea.eu\/index.php\/2024\/09\/13\/se-former-au-secourisme\/"},"author":{"name":"Kerea","@id":"https:\/\/37.59.242.200\/#\/schema\/person\/5396e4c57a7033d620add4e1ee171967"},"headline":"Se former au secourisme : un enjeu crucial pour tous","datePublished":"2024-09-13T11:04:40+00:00","dateModified":"2024-09-13T11:47:04+00:00","mainEntityOfPage":{"@id":"https:\/\/www.kerea.eu\/index.php\/2024\/09\/13\/se-former-au-secourisme\/"},"wordCount":891,"publisher":{"@id":"https:\/\/37.59.242.200\/#organization"},"image":{"@id":"https:\/\/www.kerea.eu\/index.php\/2024\/09\/13\/se-former-au-secourisme\/#primaryimage"},"thumbnailUrl":"https:\/\/www.kerea.eu\/wp-content\/uploads\/2024\/09\/Se-former-au-secourisme.png","articleSection":["Sant\u00e9"],"inLanguage":"fr-FR"},{"@type":"WebPage","@id":"https:\/\/www.kerea.eu\/index.php\/2024\/09\/13\/se-former-au-secourisme\/","url":"https:\/\/www.kerea.eu\/index.php\/2024\/09\/13\/se-former-au-secourisme\/","name":"Se former au secourisme","isPartOf":{"@id":"https:\/\/37.59.242.200\/#website"},"primaryImageOfPage":{"@id":"https:\/\/www.kerea.eu\/index.php\/2024\/09\/13\/se-former-au-secourisme\/#primaryimage"},"image":{"@id":"https:\/\/www.kerea.eu\/index.php\/2024\/09\/13\/se-former-au-secourisme\/#primaryimage"},"thumbnailUrl":"https:\/\/www.kerea.eu\/wp-content\/uploads\/2024\/09\/Se-former-au-secourisme.png","datePublished":"2024-09-13T11:04:40+00:00","dateModified":"2024-09-13T11:47:04+00:00","description":"Se former aux premiers secours est essentiel pour sauver des vies. D\u00e9couvrez les diff\u00e9rentes formations existantes.","breadcrumb":{"@id":"https:\/\/www.kerea.eu\/index.php\/2024\/09\/13\/se-former-au-secourisme\/#breadcrumb"},"inLanguage":"fr-FR","potentialAction":[{"@type":"ReadAction","target":["https:\/\/www.kerea.eu\/index.php\/2024\/09\/13\/se-former-au-secourisme\/"]}]},{"@type":"ImageObject","inLanguage":"fr-FR","@id":"https:\/\/www.kerea.eu\/index.php\/2024\/09\/13\/se-former-au-secourisme\/#primaryimage","url":"https:\/\/www.kerea.eu\/wp-content\/uploads\/2024\/09\/Se-former-au-secourisme.png","contentUrl":"https:\/\/www.kerea.eu\/wp-content\/uploads\/2024\/09\/Se-former-au-secourisme.png","width":720,"height":460},{"@type":"BreadcrumbList","@id":"https:\/\/www.kerea.eu\/index.php\/2024\/09\/13\/se-former-au-secourisme\/#breadcrumb","itemListElement":[{"@type":"ListItem","position":1,"name":"Accueil","item":"https:\/\/www.kerea.eu\/"},{"@type":"ListItem","position":2,"name":"Se former au secourisme : un enjeu crucial pour tous"}]},{"@type":"WebSite","@id":"https:\/\/37.59.242.200\/#website","url":"https:\/\/37.59.242.200\/","name":"KEREA","description":"Kerea, votre partenaire sant\u00e9 et bien-\u00eatre au travail","publisher":{"@id":"https:\/\/37.59.242.200\/#organization"},"potentialAction":[{"@type":"SearchAction","target":{"@type":"EntryPoint","urlTemplate":"https:\/\/37.59.242.200\/?s={search_term_string}"},"query-input":{"@type":"PropertyValueSpecification","valueRequired":true,"valueName":"search_term_string"}}],"inLanguage":"fr-FR"},{"@type":"Organization","@id":"https:\/\/37.59.242.200\/#organization","name":"KEREA","url":"https:\/\/37.59.242.200\/","logo":{"@type":"ImageObject","inLanguage":"fr-FR","@id":"https:\/\/37.59.242.200\/#\/schema\/logo\/image\/","url":"https:\/\/www.kerea.eu\/wp-content\/uploads\/2025\/12\/logo-kerea.png","contentUrl":"https:\/\/www.kerea.eu\/wp-content\/uploads\/2025\/12\/logo-kerea.png","width":1497,"height":600,"caption":"KEREA"},"image":{"@id":"https:\/\/37.59.242.200\/#\/schema\/logo\/image\/"},"sameAs":["https:\/\/www.linkedin.com\/showcase\/kerea-by-efficience\/"]},{"@type":"Person","@id":"https:\/\/37.59.242.200\/#\/schema\/person\/5396e4c57a7033d620add4e1ee171967","name":"Kerea","url":"https:\/\/www.kerea.eu\/index.php\/author\/admin\/"}]}},"_links":{"self":[{"href":"https:\/\/www.kerea.eu\/index.php\/wp-json\/wp\/v2\/posts\/647539","targetHints":{"allow":["GET"]}}],"collection":[{"href":"https:\/\/www.kerea.eu\/index.php\/wp-json\/wp\/v2\/posts"}],"about":[{"href":"https:\/\/www.kerea.eu\/index.php\/wp-json\/wp\/v2\/types\/post"}],"author":[{"embeddable":true,"href":"https:\/\/www.kerea.eu\/index.php\/wp-json\/wp\/v2\/users\/1"}],"replies":[{"embeddable":true,"href":"https:\/\/www.kerea.eu\/index.php\/wp-json\/wp\/v2\/comments?post=647539"}],"version-history":[{"count":37,"href":"https:\/\/www.kerea.eu\/index.php\/wp-json\/wp\/v2\/posts\/647539\/revisions"}],"predecessor-version":[{"id":647580,"href":"https:\/\/www.kerea.eu\/index.php\/wp-json\/wp\/v2\/posts\/647539\/revisions\/647580"}],"wp:featuredmedia":[{"embeddable":true,"href":"https:\/\/www.kerea.eu\/index.php\/wp-json\/wp\/v2\/media\/647549"}],"wp:attachment":[{"href":"https:\/\/www.kerea.eu\/index.php\/wp-json\/wp\/v2\/media?parent=647539"}],"wp:term":[{"taxonomy":"category","embeddable":true,"href":"https:\/\/www.kerea.eu\/index.php\/wp-json\/wp\/v2\/categories?post=647539"},{"taxonomy":"post_tag","embeddable":true,"href":"https:\/\/www.kerea.eu\/index.php\/wp-json\/wp\/v2\/tags?post=647539"}],"curies":[{"name":"wp","href":"https:\/\/api.w.org\/{rel}","templated":true}]}}