{"id":646513,"date":"2024-08-01T14:11:32","date_gmt":"2024-08-01T14:11:32","guid":{"rendered":"https:\/\/www.kerea.eu\/?p=646513"},"modified":"2024-08-19T07:32:05","modified_gmt":"2024-08-19T07:32:05","slug":"maintien-dans-lemploi-quest-ce-que-cest","status":"publish","type":"post","link":"https:\/\/www.kerea.eu\/index.php\/2024\/08\/01\/maintien-dans-lemploi-quest-ce-que-cest\/","title":{"rendered":"Maintien dans l\u2019emploi\u00a0: qu\u2019est-ce que c\u2019est\u00a0?"},"content":{"rendered":"\t\t<div data-elementor-type=\"wp-post\" data-elementor-id=\"646513\" class=\"elementor elementor-646513\">\n\t\t\t\t\t\t<section class=\"elementor-section elementor-top-section elementor-element elementor-element-bd15338 elementor-section-boxed elementor-section-height-default elementor-section-height-default\" data-id=\"bd15338\" data-element_type=\"section\" data-e-type=\"section\">\n\t\t\t\t\t\t<div class=\"elementor-container elementor-column-gap-default\">\n\t\t\t\t\t<div class=\"elementor-column elementor-col-100 elementor-top-column elementor-element elementor-element-c23f622\" data-id=\"c23f622\" data-element_type=\"column\" data-e-type=\"column\">\n\t\t\t<div class=\"elementor-widget-wrap elementor-element-populated\">\n\t\t\t\t\t\t<div class=\"elementor-element elementor-element-d7f99ec elementor-widget elementor-widget-spacer\" data-id=\"d7f99ec\" data-element_type=\"widget\" data-e-type=\"widget\" data-widget_type=\"spacer.default\">\n\t\t\t\t<div class=\"elementor-widget-container\">\n\t\t\t\t\t\t\t<div class=\"elementor-spacer\">\n\t\t\t<div class=\"elementor-spacer-inner\"><\/div>\n\t\t<\/div>\n\t\t\t\t\t\t<\/div>\n\t\t\t\t<\/div>\n\t\t\t\t<div class=\"elementor-element elementor-element-d80e5e2 elementor-widget elementor-widget-heading\" data-id=\"d80e5e2\" data-element_type=\"widget\" data-e-type=\"widget\" data-widget_type=\"heading.default\">\n\t\t\t\t<div class=\"elementor-widget-container\">\n\t\t\t\t\t<h1 class=\"elementor-heading-title elementor-size-default\">Maintien dans l\u2019emploi : qu\u2019est-ce que c\u2019est ?<\/h1>\t\t\t\t<\/div>\n\t\t\t\t<\/div>\n\t\t\t\t\t<\/div>\n\t\t<\/div>\n\t\t\t\t\t<\/div>\n\t\t<\/section>\n\t\t\t\t<section class=\"elementor-section elementor-top-section elementor-element elementor-element-7e08372 elementor-section-boxed elementor-section-height-default elementor-section-height-default\" data-id=\"7e08372\" data-element_type=\"section\" data-e-type=\"section\">\n\t\t\t\t\t\t<div class=\"elementor-container elementor-column-gap-default\">\n\t\t\t\t\t<div class=\"elementor-column elementor-col-100 elementor-top-column elementor-element elementor-element-7cfcd35\" data-id=\"7cfcd35\" data-element_type=\"column\" data-e-type=\"column\">\n\t\t\t<div class=\"elementor-widget-wrap elementor-element-populated\">\n\t\t\t\t\t\t<div class=\"elementor-element elementor-element-65477b2 elementor-widget elementor-widget-spacer\" data-id=\"65477b2\" data-element_type=\"widget\" data-e-type=\"widget\" data-widget_type=\"spacer.default\">\n\t\t\t\t<div class=\"elementor-widget-container\">\n\t\t\t\t\t\t\t<div class=\"elementor-spacer\">\n\t\t\t<div class=\"elementor-spacer-inner\"><\/div>\n\t\t<\/div>\n\t\t\t\t\t\t<\/div>\n\t\t\t\t<\/div>\n\t\t\t\t<div class=\"elementor-element elementor-element-bbdaecd elementor-widget elementor-widget-image\" data-id=\"bbdaecd\" data-element_type=\"widget\" data-e-type=\"widget\" data-widget_type=\"image.default\">\n\t\t\t\t<div class=\"elementor-widget-container\">\n\t\t\t\t\t\t\t\t\t\t\t\t\t\t\t<img fetchpriority=\"high\" decoding=\"async\" width=\"720\" height=\"460\" src=\"https:\/\/www.kerea.eu\/wp-content\/uploads\/2024\/08\/maintien-en-emploi.png\" class=\"attachment-large size-large wp-image-646552\" alt=\"\" srcset=\"https:\/\/www.kerea.eu\/wp-content\/uploads\/2024\/08\/maintien-en-emploi.png 720w, https:\/\/www.kerea.eu\/wp-content\/uploads\/2024\/08\/maintien-en-emploi-300x192.png 300w\" sizes=\"(max-width: 720px) 100vw, 720px\" \/>\t\t\t\t\t\t\t\t\t\t\t\t\t\t\t<\/div>\n\t\t\t\t<\/div>\n\t\t\t\t\t<\/div>\n\t\t<\/div>\n\t\t\t\t\t<\/div>\n\t\t<\/section>\n\t\t\t\t<section class=\"elementor-section elementor-top-section elementor-element elementor-element-2b5bb7f elementor-section-boxed elementor-section-height-default elementor-section-height-default\" data-id=\"2b5bb7f\" data-element_type=\"section\" data-e-type=\"section\">\n\t\t\t\t\t\t<div class=\"elementor-container elementor-column-gap-default\">\n\t\t\t\t\t<div class=\"elementor-column elementor-col-100 elementor-top-column elementor-element elementor-element-3f57c0c\" data-id=\"3f57c0c\" data-element_type=\"column\" data-e-type=\"column\">\n\t\t\t<div class=\"elementor-widget-wrap elementor-element-populated\">\n\t\t\t\t\t\t<div class=\"elementor-element elementor-element-7d3fbe4 elementor-widget elementor-widget-text-editor\" data-id=\"7d3fbe4\" data-element_type=\"widget\" data-e-type=\"widget\" data-widget_type=\"text-editor.default\">\n\t\t\t\t<div class=\"elementor-widget-container\">\n\t\t\t\t\t\t\t\t\t<p>La <strong>prise en charge<\/strong> d&rsquo;un collaborateur en situation de handicap est importante pour le maintien dans l&#8217;emploi. En effet, il peut arriver qu\u2019un travailleur soit confront\u00e9 \u00e0 certaines difficult\u00e9s qui affectent sa sant\u00e9 physique ou mentale. Est-ce pour autant que ce dernier ne doit pas faire face \u00e0 un <strong>arr\u00eat de travail<\/strong> ? Il a \u00e9t\u00e9 jug\u00e9 que non. Le concept de <strong>maintien dans l\u2019emploi\u00a0<\/strong>a \u00e9t\u00e9 mis sur pied pour une <strong>pr\u00e9vention de la d\u00e9sinsertion<\/strong> d&rsquo;une personne handicap\u00e9e. Explorons cela dans cet article.<\/p>\t\t\t\t\t\t\t\t<\/div>\n\t\t\t\t<\/div>\n\t\t\t\t\t<\/div>\n\t\t<\/div>\n\t\t\t\t\t<\/div>\n\t\t<\/section>\n\t\t\t\t<section class=\"elementor-section elementor-top-section elementor-element elementor-element-327ab8c elementor-section-boxed elementor-section-height-default elementor-section-height-default\" data-id=\"327ab8c\" data-element_type=\"section\" data-e-type=\"section\">\n\t\t\t\t\t\t<div class=\"elementor-container elementor-column-gap-default\">\n\t\t\t\t\t<div class=\"elementor-column elementor-col-100 elementor-top-column elementor-element elementor-element-d33ef69\" data-id=\"d33ef69\" data-element_type=\"column\" data-e-type=\"column\">\n\t\t\t<div class=\"elementor-widget-wrap elementor-element-populated\">\n\t\t\t\t\t\t<div class=\"elementor-element elementor-element-46f1744 elementor-widget elementor-widget-heading\" data-id=\"46f1744\" data-element_type=\"widget\" data-e-type=\"widget\" data-widget_type=\"heading.default\">\n\t\t\t\t<div class=\"elementor-widget-container\">\n\t\t\t\t\t<h2 class=\"elementor-heading-title elementor-size-default\">\u00c0 quoi renvoie le concept de maintien dans l\u2019emploi ?<\/h2>\t\t\t\t<\/div>\n\t\t\t\t<\/div>\n\t\t\t\t\t<\/div>\n\t\t<\/div>\n\t\t\t\t\t<\/div>\n\t\t<\/section>\n\t\t\t\t<section class=\"elementor-section elementor-top-section elementor-element elementor-element-3cd46a7 elementor-section-boxed elementor-section-height-default elementor-section-height-default\" data-id=\"3cd46a7\" data-element_type=\"section\" data-e-type=\"section\">\n\t\t\t\t\t\t<div class=\"elementor-container elementor-column-gap-default\">\n\t\t\t\t\t<div class=\"elementor-column elementor-col-100 elementor-top-column elementor-element elementor-element-05c5abb\" data-id=\"05c5abb\" data-element_type=\"column\" data-e-type=\"column\">\n\t\t\t<div class=\"elementor-widget-wrap elementor-element-populated\">\n\t\t\t\t\t\t<div class=\"elementor-element elementor-element-92e9d72 elementor-widget elementor-widget-text-editor\" data-id=\"92e9d72\" data-element_type=\"widget\" data-e-type=\"widget\" data-widget_type=\"text-editor.default\">\n\t\t\t\t<div class=\"elementor-widget-container\">\n\t\t\t\t\t\t\t\t\t<p>Le maintien dans l\u2019emploi est une notion qui englobe un ensemble de strat\u00e9gies et d\u2019initiatives con\u00e7ues pour aider les employ\u00e9s productifs malgr\u00e9 des situations difficiles. En effet, le b\u00e9n\u00e9ficiaire, durant son parcours, peut conna\u00eetre des probl\u00e8mes de sant\u00e9, de handicap ou d\u2019autres probl\u00e8mes d\u2019ordre personnel. Cette solution donne la possibilit\u00e9 d&rsquo;avoir acc\u00e8s \u00e0 des services et des aides pour conserver ou trouver un emploi.<\/p>\t\t\t\t\t\t\t\t<\/div>\n\t\t\t\t<\/div>\n\t\t\t\t\t<\/div>\n\t\t<\/div>\n\t\t\t\t\t<\/div>\n\t\t<\/section>\n\t\t\t\t<section class=\"elementor-section elementor-top-section elementor-element elementor-element-1f24191 elementor-section-boxed elementor-section-height-default elementor-section-height-default\" data-id=\"1f24191\" data-element_type=\"section\" data-e-type=\"section\">\n\t\t\t\t\t\t<div class=\"elementor-container elementor-column-gap-default\">\n\t\t\t\t\t<div class=\"elementor-column elementor-col-100 elementor-top-column elementor-element elementor-element-61b287d\" data-id=\"61b287d\" data-element_type=\"column\" data-e-type=\"column\">\n\t\t\t<div class=\"elementor-widget-wrap elementor-element-populated\">\n\t\t\t\t\t\t<div class=\"elementor-element elementor-element-8736a7c elementor-widget elementor-widget-heading\" data-id=\"8736a7c\" data-element_type=\"widget\" data-e-type=\"widget\" data-widget_type=\"heading.default\">\n\t\t\t\t<div class=\"elementor-widget-container\">\n\t\t\t\t\t<h2 class=\"elementor-heading-title elementor-size-default\">Les aides et dispositifs mis en \u0153uvre pour le maintien dans l\u2019emploi<\/h2>\t\t\t\t<\/div>\n\t\t\t\t<\/div>\n\t\t\t\t\t<\/div>\n\t\t<\/div>\n\t\t\t\t\t<\/div>\n\t\t<\/section>\n\t\t\t\t<section class=\"elementor-section elementor-top-section elementor-element elementor-element-31e8490 elementor-section-boxed elementor-section-height-default elementor-section-height-default\" data-id=\"31e8490\" data-element_type=\"section\" data-e-type=\"section\">\n\t\t\t\t\t\t<div class=\"elementor-container elementor-column-gap-default\">\n\t\t\t\t\t<div class=\"elementor-column elementor-col-100 elementor-top-column elementor-element elementor-element-2042706\" data-id=\"2042706\" data-element_type=\"column\" data-e-type=\"column\">\n\t\t\t<div class=\"elementor-widget-wrap elementor-element-populated\">\n\t\t\t\t\t\t<div class=\"elementor-element elementor-element-654d1d0 elementor-widget elementor-widget-text-editor\" data-id=\"654d1d0\" data-element_type=\"widget\" data-e-type=\"widget\" data-widget_type=\"text-editor.default\">\n\t\t\t\t<div class=\"elementor-widget-container\">\n\t\t\t\t\t\t\t\t\t<p>Dans le cadre du maintien en emploi, divers dispositifs sont mis en place pour pouvoir permettre au salari\u00e9 de b\u00e9n\u00e9ficier de conditions de travail qui correspond \u00e0 son handicap.<\/p>\t\t\t\t\t\t\t\t<\/div>\n\t\t\t\t<\/div>\n\t\t\t\t\t<\/div>\n\t\t<\/div>\n\t\t\t\t\t<\/div>\n\t\t<\/section>\n\t\t\t\t<section class=\"elementor-section elementor-top-section elementor-element elementor-element-5c214ff elementor-section-boxed elementor-section-height-default elementor-section-height-default\" data-id=\"5c214ff\" data-element_type=\"section\" data-e-type=\"section\">\n\t\t\t\t\t\t<div class=\"elementor-container elementor-column-gap-default\">\n\t\t\t\t\t<div class=\"elementor-column elementor-col-100 elementor-top-column elementor-element elementor-element-4831ace\" data-id=\"4831ace\" data-element_type=\"column\" data-e-type=\"column\">\n\t\t\t<div class=\"elementor-widget-wrap elementor-element-populated\">\n\t\t\t\t\t\t<div class=\"elementor-element elementor-element-4aebaac elementor-widget elementor-widget-heading\" data-id=\"4aebaac\" data-element_type=\"widget\" data-e-type=\"widget\" data-widget_type=\"heading.default\">\n\t\t\t\t<div class=\"elementor-widget-container\">\n\t\t\t\t\t<h3 class=\"elementor-heading-title elementor-size-default\">Accompagnement personnalis\u00e9 et am\u00e9nagements au poste de travail<\/h3>\t\t\t\t<\/div>\n\t\t\t\t<\/div>\n\t\t\t\t\t<\/div>\n\t\t<\/div>\n\t\t\t\t\t<\/div>\n\t\t<\/section>\n\t\t\t\t<section class=\"elementor-section elementor-top-section elementor-element elementor-element-ccdf12b elementor-section-boxed elementor-section-height-default elementor-section-height-default\" data-id=\"ccdf12b\" data-element_type=\"section\" data-e-type=\"section\">\n\t\t\t\t\t\t<div class=\"elementor-container elementor-column-gap-default\">\n\t\t\t\t\t<div class=\"elementor-column elementor-col-100 elementor-top-column elementor-element elementor-element-b11a060\" data-id=\"b11a060\" data-element_type=\"column\" data-e-type=\"column\">\n\t\t\t<div class=\"elementor-widget-wrap elementor-element-populated\">\n\t\t\t\t\t\t<div class=\"elementor-element elementor-element-9f5f8ed elementor-widget elementor-widget-text-editor\" data-id=\"9f5f8ed\" data-element_type=\"widget\" data-e-type=\"widget\" data-widget_type=\"text-editor.default\">\n\t\t\t\t<div class=\"elementor-widget-container\">\n\t\t\t\t\t\t\t\t\t<p>En cas d&rsquo;accident, l&rsquo;accompagnement personnalis\u00e9 d&rsquo;un employ\u00e9 est une solution fiable pour une meilleure insertion professionnelle. Il a pour objectif de lui permettre de surmonter les obstacles \u00e0 son maintien dans l\u2019emploi. En cas de handicap, on peut proc\u00e9der \u00e0 l\u2019installation d\u2019\u00e9quipements sp\u00e9cialis\u00e9s ou \u00e0 l\u2019adaptation de l\u2019environnement physique du bureau pour pr\u00e9server sa place dans l&rsquo;entreprise. <br \/>Des ajustements ergonomiques peuvent aussi \u00eatre une solution pour r\u00e9duire les contraintes physiques, am\u00e9liorer le confort au travail. <br \/>Ces am\u00e9nagements peuvent aussi inclure la modification des t\u00e2ches ou des horaires de travail. On peut m\u00eame proc\u00e9der \u00e0 une r\u00e9duction du temps de travail de l\u2019employ\u00e9.<\/p>\t\t\t\t\t\t\t\t<\/div>\n\t\t\t\t<\/div>\n\t\t\t\t\t<\/div>\n\t\t<\/div>\n\t\t\t\t\t<\/div>\n\t\t<\/section>\n\t\t\t\t<section class=\"elementor-section elementor-top-section elementor-element elementor-element-6a277e8 elementor-section-boxed elementor-section-height-default elementor-section-height-default\" data-id=\"6a277e8\" data-element_type=\"section\" data-e-type=\"section\">\n\t\t\t\t\t\t<div class=\"elementor-container elementor-column-gap-default\">\n\t\t\t\t\t<div class=\"elementor-column elementor-col-100 elementor-top-column elementor-element elementor-element-6d5eed3\" data-id=\"6d5eed3\" data-element_type=\"column\" data-e-type=\"column\">\n\t\t\t<div class=\"elementor-widget-wrap elementor-element-populated\">\n\t\t\t\t\t\t<div class=\"elementor-element elementor-element-201c8af elementor-widget elementor-widget-heading\" data-id=\"201c8af\" data-element_type=\"widget\" data-e-type=\"widget\" data-widget_type=\"heading.default\">\n\t\t\t\t<div class=\"elementor-widget-container\">\n\t\t\t\t\t<h3 class=\"elementor-heading-title elementor-size-default\">Formations adapt\u00e9es et aides financi\u00e8res<\/h3>\t\t\t\t<\/div>\n\t\t\t\t<\/div>\n\t\t\t\t\t<\/div>\n\t\t<\/div>\n\t\t\t\t\t<\/div>\n\t\t<\/section>\n\t\t\t\t<section class=\"elementor-section elementor-top-section elementor-element elementor-element-4ca9c11 elementor-section-boxed elementor-section-height-default elementor-section-height-default\" data-id=\"4ca9c11\" data-element_type=\"section\" data-e-type=\"section\">\n\t\t\t\t\t\t<div class=\"elementor-container elementor-column-gap-default\">\n\t\t\t\t\t<div class=\"elementor-column elementor-col-100 elementor-top-column elementor-element elementor-element-80417fa\" data-id=\"80417fa\" data-element_type=\"column\" data-e-type=\"column\">\n\t\t\t<div class=\"elementor-widget-wrap elementor-element-populated\">\n\t\t\t\t\t\t<div class=\"elementor-element elementor-element-6cb179f elementor-widget elementor-widget-text-editor\" data-id=\"6cb179f\" data-element_type=\"widget\" data-e-type=\"widget\" data-widget_type=\"text-editor.default\">\n\t\t\t\t<div class=\"elementor-widget-container\">\n\t\t\t\t\t\t\t\t\t<p>Les formations ont pour but de permettre aux employ\u00e9s de d\u00e9velopper de nouvelles comp\u00e9tences. Elles les aident aussi \u00e0 s\u2019adapter aux changements op\u00e9r\u00e9s dans leur milieu de travail.<br \/>Les aides financi\u00e8res font \u00e9galement partie des m\u00e9canismes mis en place pour soutenir le maintien dans l\u2019emploi. Elles peuvent servir \u00e0 accompagner le salari\u00e9 pour une meilleure adaptation au poste. Certains peuvent m\u00eame envisager de proc\u00e9der \u00e0 une reconversion professionnelle ! <\/p>\t\t\t\t\t\t\t\t<\/div>\n\t\t\t\t<\/div>\n\t\t\t\t\t<\/div>\n\t\t<\/div>\n\t\t\t\t\t<\/div>\n\t\t<\/section>\n\t\t\t\t<section class=\"elementor-section elementor-top-section elementor-element elementor-element-b7e8d15 elementor-section-boxed elementor-section-height-default elementor-section-height-default\" data-id=\"b7e8d15\" data-element_type=\"section\" data-e-type=\"section\">\n\t\t\t\t\t\t<div class=\"elementor-container elementor-column-gap-default\">\n\t\t\t\t\t<div class=\"elementor-column elementor-col-100 elementor-top-column elementor-element elementor-element-23582e5\" data-id=\"23582e5\" data-element_type=\"column\" data-e-type=\"column\">\n\t\t\t<div class=\"elementor-widget-wrap elementor-element-populated\">\n\t\t\t\t\t\t<div class=\"elementor-element elementor-element-f948d5c elementor-widget elementor-widget-heading\" data-id=\"f948d5c\" data-element_type=\"widget\" data-e-type=\"widget\" data-widget_type=\"heading.default\">\n\t\t\t\t<div class=\"elementor-widget-container\">\n\t\t\t\t\t<h3 class=\"elementor-heading-title elementor-size-default\">Support psychologique et social<\/h3>\t\t\t\t<\/div>\n\t\t\t\t<\/div>\n\t\t\t\t\t<\/div>\n\t\t<\/div>\n\t\t\t\t\t<\/div>\n\t\t<\/section>\n\t\t\t\t<section class=\"elementor-section elementor-top-section elementor-element elementor-element-f57be6d elementor-section-boxed elementor-section-height-default elementor-section-height-default\" data-id=\"f57be6d\" data-element_type=\"section\" data-e-type=\"section\">\n\t\t\t\t\t\t<div class=\"elementor-container elementor-column-gap-default\">\n\t\t\t\t\t<div class=\"elementor-column elementor-col-100 elementor-top-column elementor-element elementor-element-d7db4ae\" data-id=\"d7db4ae\" data-element_type=\"column\" data-e-type=\"column\">\n\t\t\t<div class=\"elementor-widget-wrap elementor-element-populated\">\n\t\t\t\t\t\t<div class=\"elementor-element elementor-element-8594141 elementor-widget elementor-widget-text-editor\" data-id=\"8594141\" data-element_type=\"widget\" data-e-type=\"widget\" data-widget_type=\"text-editor.default\">\n\t\t\t\t<div class=\"elementor-widget-container\">\n\t\t\t\t\t\t\t\t\t<p>Les difficult\u00e9s personnelles des employ\u00e9s peuvent perturber leur performance et leur bien-\u00eatre au travail. La mise en place du support psychologique et social a donc pour but de leur permettre de surmonter leur maladie professionnelle.<br \/>Ce support apporte aux employ\u00e9s en difficult\u00e9 un soutien \u00e9motionnel et les aide \u00e0 g\u00e9rer le stress. Par ailleurs, pour b\u00e9n\u00e9ficier de toutes ces aides, il est important de se rapprocher d&rsquo;un sp\u00e9cialiste ou d&rsquo;un conseiller. Il peut s&rsquo;agir d&rsquo;un m\u00e9decin du travail pour le secteur priv\u00e9, d&rsquo;un m\u00e9decin de pr\u00e9vention dans la fonction publique ou du CAP emploi qui est aussi un acteur qui peut intervenir pour d\u00e9terminer le niveau d&rsquo;aide des personnes en situation de handicap.<\/p>\t\t\t\t\t\t\t\t<\/div>\n\t\t\t\t<\/div>\n\t\t\t\t\t<\/div>\n\t\t<\/div>\n\t\t\t\t\t<\/div>\n\t\t<\/section>\n\t\t\t\t<section class=\"elementor-section elementor-top-section elementor-element elementor-element-59dba04 elementor-section-boxed elementor-section-height-default elementor-section-height-default\" data-id=\"59dba04\" data-element_type=\"section\" data-e-type=\"section\">\n\t\t\t\t\t\t<div class=\"elementor-container elementor-column-gap-default\">\n\t\t\t\t\t<div class=\"elementor-column elementor-col-100 elementor-top-column elementor-element elementor-element-b2f9aed\" data-id=\"b2f9aed\" data-element_type=\"column\" data-e-type=\"column\">\n\t\t\t<div class=\"elementor-widget-wrap elementor-element-populated\">\n\t\t\t\t\t\t<div class=\"elementor-element elementor-element-a3e21fa elementor-widget elementor-widget-heading\" data-id=\"a3e21fa\" data-element_type=\"widget\" data-e-type=\"widget\" data-widget_type=\"heading.default\">\n\t\t\t\t<div class=\"elementor-widget-container\">\n\t\t\t\t\t<h1 class=\"elementor-heading-title elementor-size-default\">Comment se maintenir dans l\u2019emploi en cas de handicap ?<\/h1>\t\t\t\t<\/div>\n\t\t\t\t<\/div>\n\t\t\t\t\t<\/div>\n\t\t<\/div>\n\t\t\t\t\t<\/div>\n\t\t<\/section>\n\t\t\t\t<section class=\"elementor-section elementor-top-section elementor-element elementor-element-88abe26 elementor-section-boxed elementor-section-height-default elementor-section-height-default\" data-id=\"88abe26\" data-element_type=\"section\" data-e-type=\"section\">\n\t\t\t\t\t\t<div class=\"elementor-container elementor-column-gap-default\">\n\t\t\t\t\t<div class=\"elementor-column elementor-col-100 elementor-top-column elementor-element elementor-element-552fbbd\" data-id=\"552fbbd\" data-element_type=\"column\" data-e-type=\"column\">\n\t\t\t<div class=\"elementor-widget-wrap elementor-element-populated\">\n\t\t\t\t\t\t<div class=\"elementor-element elementor-element-56bc0e4 elementor-widget elementor-widget-text-editor\" data-id=\"56bc0e4\" data-element_type=\"widget\" data-e-type=\"widget\" data-widget_type=\"text-editor.default\">\n\t\t\t\t<div class=\"elementor-widget-container\">\n\t\t\t\t\t\t\t\t\t<p>Se maintenir dans l\u2019emploi quand on devient une personne handicap\u00e9e n\u00e9cessite certains ajustements et strat\u00e9gies.<\/p>\t\t\t\t\t\t\t\t<\/div>\n\t\t\t\t<\/div>\n\t\t\t\t\t<\/div>\n\t\t<\/div>\n\t\t\t\t\t<\/div>\n\t\t<\/section>\n\t\t\t\t<section class=\"elementor-section elementor-top-section elementor-element elementor-element-f0d5bdb elementor-section-boxed elementor-section-height-default elementor-section-height-default\" data-id=\"f0d5bdb\" data-element_type=\"section\" data-e-type=\"section\">\n\t\t\t\t\t\t<div class=\"elementor-container elementor-column-gap-default\">\n\t\t\t\t\t<div class=\"elementor-column elementor-col-100 elementor-top-column elementor-element elementor-element-51418ea\" data-id=\"51418ea\" data-element_type=\"column\" data-e-type=\"column\">\n\t\t\t<div class=\"elementor-widget-wrap elementor-element-populated\">\n\t\t\t\t\t\t<div class=\"elementor-element elementor-element-851ba20 elementor-widget elementor-widget-heading\" data-id=\"851ba20\" data-element_type=\"widget\" data-e-type=\"widget\" data-widget_type=\"heading.default\">\n\t\t\t\t<div class=\"elementor-widget-container\">\n\t\t\t\t\t<h3 class=\"elementor-heading-title elementor-size-default\">Communication ouverte avec l\u2019employeur<\/h3>\t\t\t\t<\/div>\n\t\t\t\t<\/div>\n\t\t\t\t\t<\/div>\n\t\t<\/div>\n\t\t\t\t\t<\/div>\n\t\t<\/section>\n\t\t\t\t<section class=\"elementor-section elementor-top-section elementor-element elementor-element-f292ad2 elementor-section-boxed elementor-section-height-default elementor-section-height-default\" data-id=\"f292ad2\" data-element_type=\"section\" data-e-type=\"section\">\n\t\t\t\t\t\t<div class=\"elementor-container elementor-column-gap-default\">\n\t\t\t\t\t<div class=\"elementor-column elementor-col-100 elementor-top-column elementor-element elementor-element-c50ed7d\" data-id=\"c50ed7d\" data-element_type=\"column\" data-e-type=\"column\">\n\t\t\t<div class=\"elementor-widget-wrap elementor-element-populated\">\n\t\t\t\t\t\t<div class=\"elementor-element elementor-element-18d3751 elementor-widget elementor-widget-text-editor\" data-id=\"18d3751\" data-element_type=\"widget\" data-e-type=\"widget\" data-widget_type=\"text-editor.default\">\n\t\t\t\t<div class=\"elementor-widget-container\">\n\t\t\t\t\t\t\t\t\t<p>L\u2019employeur doit \u00eatre inform\u00e9 de votre handicap. Vous devez discuter des adaptations n\u00e9cessaires pour vous permettre d\u2019accomplir vos t\u00e2ches de fa\u00e7on efficace. Avec un \u00e9change franc et ouvert, votre manager peut proc\u00e9der \u00e0 une mise en \u0153uvre d\u2019un plan de retour appropri\u00e9 pour votre maintien en activit\u00e9.<\/p>\t\t\t\t\t\t\t\t<\/div>\n\t\t\t\t<\/div>\n\t\t\t\t\t<\/div>\n\t\t<\/div>\n\t\t\t\t\t<\/div>\n\t\t<\/section>\n\t\t\t\t<section class=\"elementor-section elementor-top-section elementor-element elementor-element-9da5a69 elementor-section-boxed elementor-section-height-default elementor-section-height-default\" data-id=\"9da5a69\" data-element_type=\"section\" data-e-type=\"section\">\n\t\t\t\t\t\t<div class=\"elementor-container elementor-column-gap-default\">\n\t\t\t\t\t<div class=\"elementor-column elementor-col-100 elementor-top-column elementor-element elementor-element-4b4ad04\" data-id=\"4b4ad04\" data-element_type=\"column\" data-e-type=\"column\">\n\t\t\t<div class=\"elementor-widget-wrap elementor-element-populated\">\n\t\t\t\t\t\t<div class=\"elementor-element elementor-element-fc7a656 elementor-widget elementor-widget-heading\" data-id=\"fc7a656\" data-element_type=\"widget\" data-e-type=\"widget\" data-widget_type=\"heading.default\">\n\t\t\t\t<div class=\"elementor-widget-container\">\n\t\t\t\t\t<h3 class=\"elementor-heading-title elementor-size-default\">Conna\u00eetre ses droits<\/h3>\t\t\t\t<\/div>\n\t\t\t\t<\/div>\n\t\t\t\t\t<\/div>\n\t\t<\/div>\n\t\t\t\t\t<\/div>\n\t\t<\/section>\n\t\t\t\t<section class=\"elementor-section elementor-top-section elementor-element elementor-element-326311d elementor-section-boxed elementor-section-height-default elementor-section-height-default\" data-id=\"326311d\" data-element_type=\"section\" data-e-type=\"section\">\n\t\t\t\t\t\t<div class=\"elementor-container elementor-column-gap-default\">\n\t\t\t\t\t<div class=\"elementor-column elementor-col-100 elementor-top-column elementor-element elementor-element-3933fec\" data-id=\"3933fec\" data-element_type=\"column\" data-e-type=\"column\">\n\t\t\t<div class=\"elementor-widget-wrap elementor-element-populated\">\n\t\t\t\t\t\t<div class=\"elementor-element elementor-element-4771fa1 elementor-widget elementor-widget-text-editor\" data-id=\"4771fa1\" data-element_type=\"widget\" data-e-type=\"widget\" data-widget_type=\"text-editor.default\">\n\t\t\t\t<div class=\"elementor-widget-container\">\n\t\t\t\t\t\t\t\t\t<p>Il est important de conna\u00eetre ses droits et de ma\u00eetriser le Code du travail dans de pareilles situations. La personne en situation de handicap doit se familiariser avec les lois et les r\u00e9glementations portant sur l\u2019emploi des travailleurs handicap\u00e9s\u00a0pour anticiper sa r\u00e9insertion professionnelle.<\/p>\t\t\t\t\t\t\t\t<\/div>\n\t\t\t\t<\/div>\n\t\t\t\t\t<\/div>\n\t\t<\/div>\n\t\t\t\t\t<\/div>\n\t\t<\/section>\n\t\t\t\t<section class=\"elementor-section elementor-top-section elementor-element elementor-element-ea7277a elementor-section-boxed elementor-section-height-default elementor-section-height-default\" data-id=\"ea7277a\" data-element_type=\"section\" data-e-type=\"section\">\n\t\t\t\t\t\t<div class=\"elementor-container elementor-column-gap-default\">\n\t\t\t\t\t<div class=\"elementor-column elementor-col-100 elementor-top-column elementor-element elementor-element-07c5f35\" data-id=\"07c5f35\" data-element_type=\"column\" data-e-type=\"column\">\n\t\t\t<div class=\"elementor-widget-wrap elementor-element-populated\">\n\t\t\t\t\t\t<div class=\"elementor-element elementor-element-cc64e65 elementor-widget elementor-widget-heading\" data-id=\"cc64e65\" data-element_type=\"widget\" data-e-type=\"widget\" data-widget_type=\"heading.default\">\n\t\t\t\t<div class=\"elementor-widget-container\">\n\t\t\t\t\t<h3 class=\"elementor-heading-title elementor-size-default\">Formation continue et r\u00e9seautage<\/h3>\t\t\t\t<\/div>\n\t\t\t\t<\/div>\n\t\t\t\t\t<\/div>\n\t\t<\/div>\n\t\t\t\t\t<\/div>\n\t\t<\/section>\n\t\t\t\t<section class=\"elementor-section elementor-top-section elementor-element elementor-element-9c37165 elementor-section-boxed elementor-section-height-default elementor-section-height-default\" data-id=\"9c37165\" data-element_type=\"section\" data-e-type=\"section\">\n\t\t\t\t\t\t<div class=\"elementor-container elementor-column-gap-default\">\n\t\t\t\t\t<div class=\"elementor-column elementor-col-100 elementor-top-column elementor-element elementor-element-17ea5e1\" data-id=\"17ea5e1\" data-element_type=\"column\" data-e-type=\"column\">\n\t\t\t<div class=\"elementor-widget-wrap elementor-element-populated\">\n\t\t\t\t\t\t<div class=\"elementor-element elementor-element-9a94b47 elementor-widget elementor-widget-text-editor\" data-id=\"9a94b47\" data-element_type=\"widget\" data-e-type=\"widget\" data-widget_type=\"text-editor.default\">\n\t\t\t\t<div class=\"elementor-widget-container\">\n\t\t\t\t\t\t\t\t\t<p>Mettez l\u2019accent sur votre d\u00e9veloppement professionnel. Investissez dans une formation professionnelle qui va renforcer vos comp\u00e9tences ainsi que votre capacit\u00e9 \u00e0 travailler malgr\u00e9 votre situation de handicap.<br \/>Rejoignez des groupes d\u2019aide pour les personnes handicap\u00e9es. Ces r\u00e9seaux peuvent vous apporter un soutien \u00e9motionnel et des conseils pratiques pour assurer votre insertion professionnelle et garantir une meilleure s\u00e9curit\u00e9 sociale.<br \/>Il existe par exemple L&rsquo;Association de gestion du fonds pour l&rsquo;insertion des personnes handicap\u00e9es (Agefiph) qui agit en faveur de l&rsquo;insertion professionnelle des personnes handicap\u00e9es dans le secteur priv\u00e9. Sans oublier le Fonds pour l&rsquo;insertion des personnes handicap\u00e9es dans la Fonction publique (FIPHFP) qui est un organisme reconnu et d\u00e9di\u00e9 au secteur public. Sa principale mission consiste \u00e0 favoriser le maintien dans l&#8217;emploi des personnes handicap\u00e9es.<br \/>Le maintien dans l\u2019emploi permet aux employ\u00e9s qui se retrouvent confront\u00e9s \u00e0 un \u00e9tat de sant\u00e9 d\u00e9grad\u00e9 ou \u00e0 un handicap de conserver leur travail dans leurs \u00e9tablissements. Pour que ces derniers soient op\u00e9rationnels \u00e0 leur poste de travail, des dispositifs d\u2019aide sont mis en place pour assurer leur autonomie.<\/p>\t\t\t\t\t\t\t\t<\/div>\n\t\t\t\t<\/div>\n\t\t\t\t\t<\/div>\n\t\t<\/div>\n\t\t\t\t\t<\/div>\n\t\t<\/section>\n\t\t\t\t<\/div>\n\t\t","protected":false},"excerpt":{"rendered":"<p>Maintien dans l\u2019emploi : qu\u2019est-ce que c\u2019est ? La prise en charge d&rsquo;un collaborateur en situation de handicap est importante pour le maintien dans l&#8217;emploi. En effet, il peut arriver &#8230; <a title=\"Maintien dans l\u2019emploi\u00a0: qu\u2019est-ce que c\u2019est\u00a0?\" class=\"read-more\" href=\"https:\/\/www.kerea.eu\/index.php\/2024\/08\/01\/maintien-dans-lemploi-quest-ce-que-cest\/\" aria-label=\"Read more about Maintien dans l\u2019emploi\u00a0: qu\u2019est-ce que c\u2019est\u00a0?\">Lire la suite<\/a><\/p>\n","protected":false},"author":1,"featured_media":646552,"comment_status":"closed","ping_status":"closed","sticky":false,"template":"elementor_canvas","format":"standard","meta":{"_monsterinsights_skip_tracking":false,"_monsterinsights_sitenote_active":false,"_monsterinsights_sitenote_note":"","_monsterinsights_sitenote_category":0,"footnotes":""},"categories":[1],"tags":[],"class_list":["post-646513","post","type-post","status-publish","format-standard","has-post-thumbnail","hentry","category-sante"],"yoast_head":"<!-- This site is optimized with the Yoast SEO plugin v27.5 - https:\/\/yoast.com\/product\/yoast-seo-wordpress\/ -->\n<title>Maintien dans l\u2019emploi\u00a0: qu\u2019est-ce que c\u2019est\u00a0? - KEREA<\/title>\n<meta name=\"description\" content=\"Le maintien dans l&#039;emploi aide les salari\u00e9s handicap\u00e9s \u00e0 conserver leur poste avec des am\u00e9nagements adapt\u00e9s.\" \/>\n<meta name=\"robots\" content=\"index, follow, max-snippet:-1, max-image-preview:large, max-video-preview:-1\" \/>\n<link rel=\"canonical\" href=\"https:\/\/www.kerea.eu\/index.php\/2024\/08\/01\/maintien-dans-lemploi-quest-ce-que-cest\/\" \/>\n<meta property=\"og:locale\" content=\"fr_FR\" \/>\n<meta property=\"og:type\" content=\"article\" \/>\n<meta property=\"og:title\" content=\"Maintien dans l\u2019emploi\u00a0: qu\u2019est-ce que c\u2019est\u00a0? - KEREA\" \/>\n<meta property=\"og:description\" content=\"Le maintien dans l&#039;emploi aide les salari\u00e9s handicap\u00e9s \u00e0 conserver leur poste avec des am\u00e9nagements adapt\u00e9s.\" \/>\n<meta property=\"og:url\" content=\"https:\/\/www.kerea.eu\/index.php\/2024\/08\/01\/maintien-dans-lemploi-quest-ce-que-cest\/\" \/>\n<meta property=\"og:site_name\" content=\"KEREA\" \/>\n<meta property=\"article:published_time\" content=\"2024-08-01T14:11:32+00:00\" \/>\n<meta property=\"article:modified_time\" content=\"2024-08-19T07:32:05+00:00\" \/>\n<meta property=\"og:image\" content=\"https:\/\/www.kerea.eu\/wp-content\/uploads\/2024\/08\/maintien-en-emploi.png\" \/>\n\t<meta property=\"og:image:width\" content=\"720\" \/>\n\t<meta property=\"og:image:height\" content=\"460\" \/>\n\t<meta property=\"og:image:type\" content=\"image\/png\" \/>\n<meta name=\"author\" content=\"Kerea\" \/>\n<meta name=\"twitter:card\" content=\"summary_large_image\" \/>\n<meta name=\"twitter:label1\" content=\"\u00c9crit par\" \/>\n\t<meta name=\"twitter:data1\" content=\"Kerea\" \/>\n\t<meta name=\"twitter:label2\" content=\"Dur\u00e9e de lecture estim\u00e9e\" \/>\n\t<meta name=\"twitter:data2\" content=\"5 minutes\" \/>\n<script type=\"application\/ld+json\" class=\"yoast-schema-graph\">{\"@context\":\"https:\\\/\\\/schema.org\",\"@graph\":[{\"@type\":\"Article\",\"@id\":\"https:\\\/\\\/www.kerea.eu\\\/index.php\\\/2024\\\/08\\\/01\\\/maintien-dans-lemploi-quest-ce-que-cest\\\/#article\",\"isPartOf\":{\"@id\":\"https:\\\/\\\/www.kerea.eu\\\/index.php\\\/2024\\\/08\\\/01\\\/maintien-dans-lemploi-quest-ce-que-cest\\\/\"},\"author\":{\"name\":\"Kerea\",\"@id\":\"https:\\\/\\\/37.59.242.200\\\/#\\\/schema\\\/person\\\/5396e4c57a7033d620add4e1ee171967\"},\"headline\":\"Maintien dans l\u2019emploi\u00a0: qu\u2019est-ce que c\u2019est\u00a0?\",\"datePublished\":\"2024-08-01T14:11:32+00:00\",\"dateModified\":\"2024-08-19T07:32:05+00:00\",\"mainEntityOfPage\":{\"@id\":\"https:\\\/\\\/www.kerea.eu\\\/index.php\\\/2024\\\/08\\\/01\\\/maintien-dans-lemploi-quest-ce-que-cest\\\/\"},\"wordCount\":921,\"publisher\":{\"@id\":\"https:\\\/\\\/37.59.242.200\\\/#organization\"},\"image\":{\"@id\":\"https:\\\/\\\/www.kerea.eu\\\/index.php\\\/2024\\\/08\\\/01\\\/maintien-dans-lemploi-quest-ce-que-cest\\\/#primaryimage\"},\"thumbnailUrl\":\"https:\\\/\\\/www.kerea.eu\\\/wp-content\\\/uploads\\\/2024\\\/08\\\/maintien-en-emploi.png\",\"articleSection\":[\"Sant\u00e9\"],\"inLanguage\":\"fr-FR\"},{\"@type\":\"WebPage\",\"@id\":\"https:\\\/\\\/www.kerea.eu\\\/index.php\\\/2024\\\/08\\\/01\\\/maintien-dans-lemploi-quest-ce-que-cest\\\/\",\"url\":\"https:\\\/\\\/www.kerea.eu\\\/index.php\\\/2024\\\/08\\\/01\\\/maintien-dans-lemploi-quest-ce-que-cest\\\/\",\"name\":\"Maintien dans l\u2019emploi\u00a0: qu\u2019est-ce que c\u2019est\u00a0? - KEREA\",\"isPartOf\":{\"@id\":\"https:\\\/\\\/37.59.242.200\\\/#website\"},\"primaryImageOfPage\":{\"@id\":\"https:\\\/\\\/www.kerea.eu\\\/index.php\\\/2024\\\/08\\\/01\\\/maintien-dans-lemploi-quest-ce-que-cest\\\/#primaryimage\"},\"image\":{\"@id\":\"https:\\\/\\\/www.kerea.eu\\\/index.php\\\/2024\\\/08\\\/01\\\/maintien-dans-lemploi-quest-ce-que-cest\\\/#primaryimage\"},\"thumbnailUrl\":\"https:\\\/\\\/www.kerea.eu\\\/wp-content\\\/uploads\\\/2024\\\/08\\\/maintien-en-emploi.png\",\"datePublished\":\"2024-08-01T14:11:32+00:00\",\"dateModified\":\"2024-08-19T07:32:05+00:00\",\"description\":\"Le maintien dans l'emploi aide les salari\u00e9s handicap\u00e9s \u00e0 conserver leur poste avec des am\u00e9nagements adapt\u00e9s.\",\"breadcrumb\":{\"@id\":\"https:\\\/\\\/www.kerea.eu\\\/index.php\\\/2024\\\/08\\\/01\\\/maintien-dans-lemploi-quest-ce-que-cest\\\/#breadcrumb\"},\"inLanguage\":\"fr-FR\",\"potentialAction\":[{\"@type\":\"ReadAction\",\"target\":[\"https:\\\/\\\/www.kerea.eu\\\/index.php\\\/2024\\\/08\\\/01\\\/maintien-dans-lemploi-quest-ce-que-cest\\\/\"]}]},{\"@type\":\"ImageObject\",\"inLanguage\":\"fr-FR\",\"@id\":\"https:\\\/\\\/www.kerea.eu\\\/index.php\\\/2024\\\/08\\\/01\\\/maintien-dans-lemploi-quest-ce-que-cest\\\/#primaryimage\",\"url\":\"https:\\\/\\\/www.kerea.eu\\\/wp-content\\\/uploads\\\/2024\\\/08\\\/maintien-en-emploi.png\",\"contentUrl\":\"https:\\\/\\\/www.kerea.eu\\\/wp-content\\\/uploads\\\/2024\\\/08\\\/maintien-en-emploi.png\",\"width\":720,\"height\":460},{\"@type\":\"BreadcrumbList\",\"@id\":\"https:\\\/\\\/www.kerea.eu\\\/index.php\\\/2024\\\/08\\\/01\\\/maintien-dans-lemploi-quest-ce-que-cest\\\/#breadcrumb\",\"itemListElement\":[{\"@type\":\"ListItem\",\"position\":1,\"name\":\"Accueil\",\"item\":\"https:\\\/\\\/www.kerea.eu\\\/\"},{\"@type\":\"ListItem\",\"position\":2,\"name\":\"Maintien dans l\u2019emploi\u00a0: qu\u2019est-ce que c\u2019est\u00a0?\"}]},{\"@type\":\"WebSite\",\"@id\":\"https:\\\/\\\/37.59.242.200\\\/#website\",\"url\":\"https:\\\/\\\/37.59.242.200\\\/\",\"name\":\"KEREA\",\"description\":\"Kerea, votre partenaire sant\u00e9 et bien-\u00eatre au travail\",\"publisher\":{\"@id\":\"https:\\\/\\\/37.59.242.200\\\/#organization\"},\"potentialAction\":[{\"@type\":\"SearchAction\",\"target\":{\"@type\":\"EntryPoint\",\"urlTemplate\":\"https:\\\/\\\/37.59.242.200\\\/?s={search_term_string}\"},\"query-input\":{\"@type\":\"PropertyValueSpecification\",\"valueRequired\":true,\"valueName\":\"search_term_string\"}}],\"inLanguage\":\"fr-FR\"},{\"@type\":\"Organization\",\"@id\":\"https:\\\/\\\/37.59.242.200\\\/#organization\",\"name\":\"KEREA\",\"url\":\"https:\\\/\\\/37.59.242.200\\\/\",\"logo\":{\"@type\":\"ImageObject\",\"inLanguage\":\"fr-FR\",\"@id\":\"https:\\\/\\\/37.59.242.200\\\/#\\\/schema\\\/logo\\\/image\\\/\",\"url\":\"https:\\\/\\\/www.kerea.eu\\\/wp-content\\\/uploads\\\/2025\\\/12\\\/logo-kerea.png\",\"contentUrl\":\"https:\\\/\\\/www.kerea.eu\\\/wp-content\\\/uploads\\\/2025\\\/12\\\/logo-kerea.png\",\"width\":1497,\"height\":600,\"caption\":\"KEREA\"},\"image\":{\"@id\":\"https:\\\/\\\/37.59.242.200\\\/#\\\/schema\\\/logo\\\/image\\\/\"},\"sameAs\":[\"https:\\\/\\\/www.linkedin.com\\\/showcase\\\/kerea-by-efficience\\\/\"]},{\"@type\":\"Person\",\"@id\":\"https:\\\/\\\/37.59.242.200\\\/#\\\/schema\\\/person\\\/5396e4c57a7033d620add4e1ee171967\",\"name\":\"Kerea\",\"url\":\"https:\\\/\\\/www.kerea.eu\\\/index.php\\\/author\\\/admin\\\/\"}]}<\/script>\n<!-- \/ Yoast SEO plugin. -->","yoast_head_json":{"title":"Maintien dans l\u2019emploi\u00a0: qu\u2019est-ce que c\u2019est\u00a0? - KEREA","description":"Le maintien dans l'emploi aide les salari\u00e9s handicap\u00e9s \u00e0 conserver leur poste avec des am\u00e9nagements adapt\u00e9s.","robots":{"index":"index","follow":"follow","max-snippet":"max-snippet:-1","max-image-preview":"max-image-preview:large","max-video-preview":"max-video-preview:-1"},"canonical":"https:\/\/www.kerea.eu\/index.php\/2024\/08\/01\/maintien-dans-lemploi-quest-ce-que-cest\/","og_locale":"fr_FR","og_type":"article","og_title":"Maintien dans l\u2019emploi\u00a0: qu\u2019est-ce que c\u2019est\u00a0? - KEREA","og_description":"Le maintien dans l'emploi aide les salari\u00e9s handicap\u00e9s \u00e0 conserver leur poste avec des am\u00e9nagements adapt\u00e9s.","og_url":"https:\/\/www.kerea.eu\/index.php\/2024\/08\/01\/maintien-dans-lemploi-quest-ce-que-cest\/","og_site_name":"KEREA","article_published_time":"2024-08-01T14:11:32+00:00","article_modified_time":"2024-08-19T07:32:05+00:00","og_image":[{"width":720,"height":460,"url":"https:\/\/www.kerea.eu\/wp-content\/uploads\/2024\/08\/maintien-en-emploi.png","type":"image\/png"}],"author":"Kerea","twitter_card":"summary_large_image","twitter_misc":{"\u00c9crit par":"Kerea","Dur\u00e9e de lecture estim\u00e9e":"5 minutes"},"schema":{"@context":"https:\/\/schema.org","@graph":[{"@type":"Article","@id":"https:\/\/www.kerea.eu\/index.php\/2024\/08\/01\/maintien-dans-lemploi-quest-ce-que-cest\/#article","isPartOf":{"@id":"https:\/\/www.kerea.eu\/index.php\/2024\/08\/01\/maintien-dans-lemploi-quest-ce-que-cest\/"},"author":{"name":"Kerea","@id":"https:\/\/37.59.242.200\/#\/schema\/person\/5396e4c57a7033d620add4e1ee171967"},"headline":"Maintien dans l\u2019emploi\u00a0: qu\u2019est-ce que c\u2019est\u00a0?","datePublished":"2024-08-01T14:11:32+00:00","dateModified":"2024-08-19T07:32:05+00:00","mainEntityOfPage":{"@id":"https:\/\/www.kerea.eu\/index.php\/2024\/08\/01\/maintien-dans-lemploi-quest-ce-que-cest\/"},"wordCount":921,"publisher":{"@id":"https:\/\/37.59.242.200\/#organization"},"image":{"@id":"https:\/\/www.kerea.eu\/index.php\/2024\/08\/01\/maintien-dans-lemploi-quest-ce-que-cest\/#primaryimage"},"thumbnailUrl":"https:\/\/www.kerea.eu\/wp-content\/uploads\/2024\/08\/maintien-en-emploi.png","articleSection":["Sant\u00e9"],"inLanguage":"fr-FR"},{"@type":"WebPage","@id":"https:\/\/www.kerea.eu\/index.php\/2024\/08\/01\/maintien-dans-lemploi-quest-ce-que-cest\/","url":"https:\/\/www.kerea.eu\/index.php\/2024\/08\/01\/maintien-dans-lemploi-quest-ce-que-cest\/","name":"Maintien dans l\u2019emploi\u00a0: qu\u2019est-ce que c\u2019est\u00a0? - KEREA","isPartOf":{"@id":"https:\/\/37.59.242.200\/#website"},"primaryImageOfPage":{"@id":"https:\/\/www.kerea.eu\/index.php\/2024\/08\/01\/maintien-dans-lemploi-quest-ce-que-cest\/#primaryimage"},"image":{"@id":"https:\/\/www.kerea.eu\/index.php\/2024\/08\/01\/maintien-dans-lemploi-quest-ce-que-cest\/#primaryimage"},"thumbnailUrl":"https:\/\/www.kerea.eu\/wp-content\/uploads\/2024\/08\/maintien-en-emploi.png","datePublished":"2024-08-01T14:11:32+00:00","dateModified":"2024-08-19T07:32:05+00:00","description":"Le maintien dans l'emploi aide les salari\u00e9s handicap\u00e9s \u00e0 conserver leur poste avec des am\u00e9nagements adapt\u00e9s.","breadcrumb":{"@id":"https:\/\/www.kerea.eu\/index.php\/2024\/08\/01\/maintien-dans-lemploi-quest-ce-que-cest\/#breadcrumb"},"inLanguage":"fr-FR","potentialAction":[{"@type":"ReadAction","target":["https:\/\/www.kerea.eu\/index.php\/2024\/08\/01\/maintien-dans-lemploi-quest-ce-que-cest\/"]}]},{"@type":"ImageObject","inLanguage":"fr-FR","@id":"https:\/\/www.kerea.eu\/index.php\/2024\/08\/01\/maintien-dans-lemploi-quest-ce-que-cest\/#primaryimage","url":"https:\/\/www.kerea.eu\/wp-content\/uploads\/2024\/08\/maintien-en-emploi.png","contentUrl":"https:\/\/www.kerea.eu\/wp-content\/uploads\/2024\/08\/maintien-en-emploi.png","width":720,"height":460},{"@type":"BreadcrumbList","@id":"https:\/\/www.kerea.eu\/index.php\/2024\/08\/01\/maintien-dans-lemploi-quest-ce-que-cest\/#breadcrumb","itemListElement":[{"@type":"ListItem","position":1,"name":"Accueil","item":"https:\/\/www.kerea.eu\/"},{"@type":"ListItem","position":2,"name":"Maintien dans l\u2019emploi\u00a0: qu\u2019est-ce que c\u2019est\u00a0?"}]},{"@type":"WebSite","@id":"https:\/\/37.59.242.200\/#website","url":"https:\/\/37.59.242.200\/","name":"KEREA","description":"Kerea, votre partenaire sant\u00e9 et bien-\u00eatre au travail","publisher":{"@id":"https:\/\/37.59.242.200\/#organization"},"potentialAction":[{"@type":"SearchAction","target":{"@type":"EntryPoint","urlTemplate":"https:\/\/37.59.242.200\/?s={search_term_string}"},"query-input":{"@type":"PropertyValueSpecification","valueRequired":true,"valueName":"search_term_string"}}],"inLanguage":"fr-FR"},{"@type":"Organization","@id":"https:\/\/37.59.242.200\/#organization","name":"KEREA","url":"https:\/\/37.59.242.200\/","logo":{"@type":"ImageObject","inLanguage":"fr-FR","@id":"https:\/\/37.59.242.200\/#\/schema\/logo\/image\/","url":"https:\/\/www.kerea.eu\/wp-content\/uploads\/2025\/12\/logo-kerea.png","contentUrl":"https:\/\/www.kerea.eu\/wp-content\/uploads\/2025\/12\/logo-kerea.png","width":1497,"height":600,"caption":"KEREA"},"image":{"@id":"https:\/\/37.59.242.200\/#\/schema\/logo\/image\/"},"sameAs":["https:\/\/www.linkedin.com\/showcase\/kerea-by-efficience\/"]},{"@type":"Person","@id":"https:\/\/37.59.242.200\/#\/schema\/person\/5396e4c57a7033d620add4e1ee171967","name":"Kerea","url":"https:\/\/www.kerea.eu\/index.php\/author\/admin\/"}]}},"_links":{"self":[{"href":"https:\/\/www.kerea.eu\/index.php\/wp-json\/wp\/v2\/posts\/646513","targetHints":{"allow":["GET"]}}],"collection":[{"href":"https:\/\/www.kerea.eu\/index.php\/wp-json\/wp\/v2\/posts"}],"about":[{"href":"https:\/\/www.kerea.eu\/index.php\/wp-json\/wp\/v2\/types\/post"}],"author":[{"embeddable":true,"href":"https:\/\/www.kerea.eu\/index.php\/wp-json\/wp\/v2\/users\/1"}],"replies":[{"embeddable":true,"href":"https:\/\/www.kerea.eu\/index.php\/wp-json\/wp\/v2\/comments?post=646513"}],"version-history":[{"count":11,"href":"https:\/\/www.kerea.eu\/index.php\/wp-json\/wp\/v2\/posts\/646513\/revisions"}],"predecessor-version":[{"id":647473,"href":"https:\/\/www.kerea.eu\/index.php\/wp-json\/wp\/v2\/posts\/646513\/revisions\/647473"}],"wp:featuredmedia":[{"embeddable":true,"href":"https:\/\/www.kerea.eu\/index.php\/wp-json\/wp\/v2\/media\/646552"}],"wp:attachment":[{"href":"https:\/\/www.kerea.eu\/index.php\/wp-json\/wp\/v2\/media?parent=646513"}],"wp:term":[{"taxonomy":"category","embeddable":true,"href":"https:\/\/www.kerea.eu\/index.php\/wp-json\/wp\/v2\/categories?post=646513"},{"taxonomy":"post_tag","embeddable":true,"href":"https:\/\/www.kerea.eu\/index.php\/wp-json\/wp\/v2\/tags?post=646513"}],"curies":[{"name":"wp","href":"https:\/\/api.w.org\/{rel}","templated":true}]}}