{"id":645172,"date":"2024-01-23T11:06:45","date_gmt":"2024-01-23T11:06:45","guid":{"rendered":"https:\/\/www.kerea.eu\/?p=645172"},"modified":"2024-07-16T12:38:25","modified_gmt":"2024-07-16T12:38:25","slug":"infirmier-dentreprise","status":"publish","type":"post","link":"https:\/\/www.kerea.eu\/index.php\/2024\/01\/23\/infirmier-dentreprise\/","title":{"rendered":"Infirmier d&rsquo;entreprise"},"content":{"rendered":"\t\t<div data-elementor-type=\"wp-post\" data-elementor-id=\"645172\" class=\"elementor elementor-645172\">\n\t\t\t\t\t\t<section class=\"elementor-section elementor-top-section elementor-element elementor-element-0d4a1e7 elementor-section-boxed elementor-section-height-default elementor-section-height-default\" data-id=\"0d4a1e7\" data-element_type=\"section\" data-e-type=\"section\">\n\t\t\t\t\t\t<div class=\"elementor-container elementor-column-gap-default\">\n\t\t\t\t\t<div class=\"elementor-column elementor-col-100 elementor-top-column elementor-element elementor-element-442e3c7\" data-id=\"442e3c7\" data-element_type=\"column\" data-e-type=\"column\">\n\t\t\t<div class=\"elementor-widget-wrap elementor-element-populated\">\n\t\t\t\t\t\t<div class=\"elementor-element elementor-element-dda1d75 elementor-widget elementor-widget-heading\" data-id=\"dda1d75\" data-element_type=\"widget\" data-e-type=\"widget\" data-widget_type=\"heading.default\">\n\t\t\t\t<div class=\"elementor-widget-container\">\n\t\t\t\t\t<h1 class=\"elementor-heading-title elementor-size-default\">Infirmier d'entreprise<\/h1>\t\t\t\t<\/div>\n\t\t\t\t<\/div>\n\t\t\t\t<div class=\"elementor-element elementor-element-9a269b0 elementor-widget elementor-widget-image\" data-id=\"9a269b0\" data-element_type=\"widget\" data-e-type=\"widget\" data-widget_type=\"image.default\">\n\t\t\t\t<div class=\"elementor-widget-container\">\n\t\t\t\t\t\t\t\t\t\t\t\t\t\t\t<img fetchpriority=\"high\" decoding=\"async\" width=\"900\" height=\"508\" src=\"https:\/\/www.kerea.eu\/wp-content\/uploads\/2024\/01\/devenir-infirmier-formation-et-salaire.jpeg\" class=\"attachment-large size-large wp-image-645174\" alt=\"\" srcset=\"https:\/\/www.kerea.eu\/wp-content\/uploads\/2024\/01\/devenir-infirmier-formation-et-salaire.jpeg 900w, https:\/\/www.kerea.eu\/wp-content\/uploads\/2024\/01\/devenir-infirmier-formation-et-salaire-300x169.jpeg 300w, https:\/\/www.kerea.eu\/wp-content\/uploads\/2024\/01\/devenir-infirmier-formation-et-salaire-768x433.jpeg 768w\" sizes=\"(max-width: 900px) 100vw, 900px\" \/>\t\t\t\t\t\t\t\t\t\t\t\t\t\t\t<\/div>\n\t\t\t\t<\/div>\n\t\t\t\t<div class=\"elementor-element elementor-element-ee39dde elementor-widget elementor-widget-text-editor\" data-id=\"ee39dde\" data-element_type=\"widget\" data-e-type=\"widget\" data-widget_type=\"text-editor.default\">\n\t\t\t\t<div class=\"elementor-widget-container\">\n\t\t\t\t\t\t\t\t\t<p>Un infirmier d&rsquo;entreprise accompagne l&rsquo;entreprise (salari\u00e9s ainsi que la direction) dans l&rsquo;application des normes de sant\u00e9 au travail.\u00a0<\/p>\t\t\t\t\t\t\t\t<\/div>\n\t\t\t\t<\/div>\n\t\t\t\t<div class=\"elementor-element elementor-element-c30b996 elementor-widget elementor-widget-heading\" data-id=\"c30b996\" data-element_type=\"widget\" data-e-type=\"widget\" data-widget_type=\"heading.default\">\n\t\t\t\t<div class=\"elementor-widget-container\">\n\t\t\t\t\t<h2 class=\"elementor-heading-title elementor-size-default\">Est-il obligatoire d\u2019avoir un infirmier d\u2019entreprise ?<\/h2>\t\t\t\t<\/div>\n\t\t\t\t<\/div>\n\t\t\t\t<div class=\"elementor-element elementor-element-2cba2f2 elementor-widget elementor-widget-text-editor\" data-id=\"2cba2f2\" data-element_type=\"widget\" data-e-type=\"widget\" data-widget_type=\"text-editor.default\">\n\t\t\t\t<div class=\"elementor-widget-container\">\n\t\t\t\t\t\t\t\t\t<p><span class=\"OYPEnA text-decoration-none text-strikethrough-none\">Oui, a partir de 200 salari\u00e9s pour les sites industriels et de 500 salari\u00e9s pour les autres entreprises, il est obligatoire d\u2019avoir un infirmier sur site.<\/span><\/p>\t\t\t\t\t\t\t\t<\/div>\n\t\t\t\t<\/div>\n\t\t\t\t<div class=\"elementor-element elementor-element-ca6f953 elementor-widget elementor-widget-heading\" data-id=\"ca6f953\" data-element_type=\"widget\" data-e-type=\"widget\" data-widget_type=\"heading.default\">\n\t\t\t\t<div class=\"elementor-widget-container\">\n\t\t\t\t\t<h2 class=\"elementor-heading-title elementor-size-default\">Quel est son r\u00f4le  ?<\/h2>\t\t\t\t<\/div>\n\t\t\t\t<\/div>\n\t\t\t\t<div class=\"elementor-element elementor-element-e86a461 elementor-widget elementor-widget-text-editor\" data-id=\"e86a461\" data-element_type=\"widget\" data-e-type=\"widget\" data-widget_type=\"text-editor.default\">\n\t\t\t\t<div class=\"elementor-widget-container\">\n\t\t\t\t\t\t\t\t\t<p><span class=\"OYPEnA text-decoration-none text-strikethrough-none\">L\u2019infirmier d\u2019entreprise participe \u00e0 la pr\u00e9vention primaire en Sant\u00e9 au Travail par l\u2019identification et l\u2019\u00e9valuation des risques professionnels, en passant par le recueil d\u2019informations, l\u2019analyse et la proposition d\u2019actions.<\/span><\/p>\t\t\t\t\t\t\t\t<\/div>\n\t\t\t\t<\/div>\n\t\t\t\t<div class=\"elementor-element elementor-element-cd499a8 elementor-widget elementor-widget-heading\" data-id=\"cd499a8\" data-element_type=\"widget\" data-e-type=\"widget\" data-widget_type=\"heading.default\">\n\t\t\t\t<div class=\"elementor-widget-container\">\n\t\t\t\t\t<h2 class=\"elementor-heading-title elementor-size-default\">Quelles sont les missions ?<\/h2>\t\t\t\t<\/div>\n\t\t\t\t<\/div>\n\t\t\t\t<div class=\"elementor-element elementor-element-bce4640 elementor-widget elementor-widget-text-editor\" data-id=\"bce4640\" data-element_type=\"widget\" data-e-type=\"widget\" data-widget_type=\"text-editor.default\">\n\t\t\t\t<div class=\"elementor-widget-container\">\n\t\t\t\t\t\t\t\t\t<ul><li><span class=\"OYPEnA text-decoration-none text-strikethrough-none\">Agir au sein d\u2019une \u00e9quipe pluridisciplinaire dans le cadre de la Sant\u00e9 au Travail et de l\u2019\u00e9valuation des risques professionnels<\/span><\/li><li><span class=\"OYPEnA text-decoration-none text-strikethrough-none\">Participer \u00e0 la pr\u00e9vention primaire en Sant\u00e9 au Travail<\/span><\/li><li><span class=\"OYPEnA text-decoration-none text-strikethrough-none\">Participer \u00e0 des actions de sant\u00e9 publique<\/span><\/li><li><span class=\"OYPEnA text-decoration-none text-strikethrough-none\">Assurer un suivi individuel de l\u2019\u00e9tat de sant\u00e9 des collaborateurs<\/span><\/li><\/ul>\t\t\t\t\t\t\t\t<\/div>\n\t\t\t\t<\/div>\n\t\t\t\t<div class=\"elementor-element elementor-element-5f27490 elementor-widget elementor-widget-heading\" data-id=\"5f27490\" data-element_type=\"widget\" data-e-type=\"widget\" data-widget_type=\"heading.default\">\n\t\t\t\t<div class=\"elementor-widget-container\">\n\t\t\t\t\t<h2 class=\"elementor-heading-title elementor-size-default\">Quels sont les domaines d\u2019intervention ?<\/h2>\t\t\t\t<\/div>\n\t\t\t\t<\/div>\n\t\t\t\t<div class=\"elementor-element elementor-element-7dcb4f1 elementor-widget elementor-widget-text-editor\" data-id=\"7dcb4f1\" data-element_type=\"widget\" data-e-type=\"widget\" data-widget_type=\"text-editor.default\">\n\t\t\t\t<div class=\"elementor-widget-container\">\n\t\t\t\t\t\t\t\t\t<ul><li><span class=\"OYPEnA text-decoration-none text-strikethrough-none\">Pr\u00e9vention sant\u00e9<\/span><\/li><li><span class=\"OYPEnA text-decoration-none text-strikethrough-none\">R\u00e9alisation des visites d\u2019information et de pr\u00e9vention<\/span><\/li><li><span class=\"OYPEnA text-decoration-none text-strikethrough-none\">R\u00e9alisation des visites interm\u00e9diaires<\/span><\/li><li><span class=\"OYPEnA text-decoration-none text-strikethrough-none\">Participation aux actions de maintien ou de r\u00e9insertion des<\/span> <span class=\"OYPEnA text-decoration-none text-strikethrough-none\">collaborateurs en poste<\/span><\/li><\/ul>\t\t\t\t\t\t\t\t<\/div>\n\t\t\t\t<\/div>\n\t\t\t\t<div class=\"elementor-element elementor-element-c6e9991 elementor-arrows-position-inside elementor-pagination-position-outside elementor-widget elementor-widget-image-carousel\" data-id=\"c6e9991\" data-element_type=\"widget\" data-e-type=\"widget\" data-settings=\"{&quot;navigation&quot;:&quot;both&quot;,&quot;autoplay&quot;:&quot;yes&quot;,&quot;pause_on_hover&quot;:&quot;yes&quot;,&quot;pause_on_interaction&quot;:&quot;yes&quot;,&quot;autoplay_speed&quot;:5000,&quot;infinite&quot;:&quot;yes&quot;,&quot;speed&quot;:500}\" data-widget_type=\"image-carousel.default\">\n\t\t\t\t<div class=\"elementor-widget-container\">\n\t\t\t\t\t\t\t<div class=\"elementor-image-carousel-wrapper swiper\" role=\"region\" aria-roledescription=\"carousel\" aria-label=\"Carrousel d\u2019images\" dir=\"ltr\">\n\t\t\t<div class=\"elementor-image-carousel swiper-wrapper\" aria-live=\"off\">\n\t\t\t\t\t\t\t\t<div class=\"swiper-slide\" role=\"group\" aria-roledescription=\"slide\" aria-label=\"1 sur 7\"><figure class=\"swiper-slide-inner\"><img decoding=\"async\" class=\"swiper-slide-image\" src=\"https:\/\/www.kerea.eu\/wp-content\/uploads\/2024\/01\/Carrousel-infirmier-dentreprise-page-1.png\" alt=\"Carrousel infirmier d&#039;entreprise page 1\" \/><\/figure><\/div><div class=\"swiper-slide\" role=\"group\" aria-roledescription=\"slide\" aria-label=\"2 sur 7\"><figure class=\"swiper-slide-inner\"><img decoding=\"async\" class=\"swiper-slide-image\" src=\"https:\/\/www.kerea.eu\/wp-content\/uploads\/2024\/01\/Carrousel-infirmier-dentreprise-page-2.png\" alt=\"Carrousel infirmier d&#039;entreprise page 2\" \/><\/figure><\/div><div class=\"swiper-slide\" role=\"group\" aria-roledescription=\"slide\" aria-label=\"3 sur 7\"><figure class=\"swiper-slide-inner\"><img decoding=\"async\" class=\"swiper-slide-image\" src=\"https:\/\/www.kerea.eu\/wp-content\/uploads\/2024\/01\/Carrousel-infirmier-dentreprise-page-3.png\" alt=\"Carrousel infirmier d&#039;entreprise page 3\" \/><\/figure><\/div><div class=\"swiper-slide\" role=\"group\" aria-roledescription=\"slide\" aria-label=\"4 sur 7\"><figure class=\"swiper-slide-inner\"><img decoding=\"async\" class=\"swiper-slide-image\" src=\"https:\/\/www.kerea.eu\/wp-content\/uploads\/2024\/01\/Carrousel-infirmier-dentreprise-page-4.png\" alt=\"Carrousel infirmier d&#039;entreprise page 4\" \/><\/figure><\/div><div class=\"swiper-slide\" role=\"group\" aria-roledescription=\"slide\" aria-label=\"5 sur 7\"><figure class=\"swiper-slide-inner\"><img decoding=\"async\" class=\"swiper-slide-image\" src=\"https:\/\/www.kerea.eu\/wp-content\/uploads\/2024\/01\/Carrousel-infirmier-dentreprise-page-5.png\" alt=\"Carrousel infirmier d&#039;entreprise page 5\" \/><\/figure><\/div><div class=\"swiper-slide\" role=\"group\" aria-roledescription=\"slide\" aria-label=\"6 sur 7\"><figure class=\"swiper-slide-inner\"><img decoding=\"async\" class=\"swiper-slide-image\" src=\"https:\/\/www.kerea.eu\/wp-content\/uploads\/2024\/01\/Carrousel-infirmier-dentreprise-page-6.png\" alt=\"Carrousel infirmier d&#039;entreprise page 6\" \/><\/figure><\/div><div class=\"swiper-slide\" role=\"group\" aria-roledescription=\"slide\" aria-label=\"7 sur 7\"><figure class=\"swiper-slide-inner\"><img decoding=\"async\" class=\"swiper-slide-image\" src=\"https:\/\/www.kerea.eu\/wp-content\/uploads\/2024\/01\/Carrousel-infirmier-dentreprise-page-7.png\" alt=\"Carrousel infirmier d&#039;entreprise page 7\" \/><\/figure><\/div>\t\t\t<\/div>\n\t\t\t\t\t\t\t\t\t\t\t\t<div class=\"elementor-swiper-button elementor-swiper-button-prev\" role=\"button\" tabindex=\"0\">\n\t\t\t\t\t\t<i aria-hidden=\"true\" class=\"eicon-chevron-left\"><\/i>\t\t\t\t\t<\/div>\n\t\t\t\t\t<div class=\"elementor-swiper-button elementor-swiper-button-next\" role=\"button\" tabindex=\"0\">\n\t\t\t\t\t\t<i aria-hidden=\"true\" class=\"eicon-chevron-right\"><\/i>\t\t\t\t\t<\/div>\n\t\t\t\t\n\t\t\t\t\t\t\t\t\t<div class=\"swiper-pagination\"><\/div>\n\t\t\t\t\t\t\t\t\t<\/div>\n\t\t\t\t\t\t<\/div>\n\t\t\t\t<\/div>\n\t\t\t\t<div class=\"elementor-element elementor-element-09ca2b0 elementor-widget elementor-widget-text-editor\" data-id=\"09ca2b0\" data-element_type=\"widget\" data-e-type=\"widget\" data-widget_type=\"text-editor.default\">\n\t\t\t\t<div class=\"elementor-widget-container\">\n\t\t\t\t\t\t\t\t\t<p>Pour en savoir plus :\u00a0<\/p>\t\t\t\t\t\t\t\t<\/div>\n\t\t\t\t<\/div>\n\t\t\t\t<div class=\"elementor-element elementor-element-81c9c92 elementor-align-center elementor-widget elementor-widget-button\" data-id=\"81c9c92\" data-element_type=\"widget\" data-e-type=\"widget\" data-widget_type=\"button.default\">\n\t\t\t\t<div class=\"elementor-widget-container\">\n\t\t\t\t\t\t\t\t\t<div class=\"elementor-button-wrapper\">\n\t\t\t\t\t<a class=\"elementor-button elementor-button-link elementor-size-sm\" href=\"https:\/\/www.kerea.eu\/index.php\/offre-infirmerie-entreprise\/\">\n\t\t\t\t\t\t<span class=\"elementor-button-content-wrapper\">\n\t\t\t\t\t\t\t\t\t<span class=\"elementor-button-text\">Page infirmier d'entreprise<\/span>\n\t\t\t\t\t<\/span>\n\t\t\t\t\t<\/a>\n\t\t\t\t<\/div>\n\t\t\t\t\t\t\t\t<\/div>\n\t\t\t\t<\/div>\n\t\t\t\t\t<\/div>\n\t\t<\/div>\n\t\t\t\t\t<\/div>\n\t\t<\/section>\n\t\t\t\t<section class=\"elementor-section elementor-top-section elementor-element elementor-element-891d2a4 elementor-section-boxed elementor-section-height-default elementor-section-height-default\" data-id=\"891d2a4\" data-element_type=\"section\" data-e-type=\"section\">\n\t\t\t\t\t\t<div class=\"elementor-container elementor-column-gap-default\">\n\t\t\t\t\t<div class=\"elementor-column elementor-col-100 elementor-top-column elementor-element elementor-element-f1df9f7\" data-id=\"f1df9f7\" data-element_type=\"column\" data-e-type=\"column\">\n\t\t\t<div class=\"elementor-widget-wrap\">\n\t\t\t\t\t\t\t<\/div>\n\t\t<\/div>\n\t\t\t\t\t<\/div>\n\t\t<\/section>\n\t\t\t\t<\/div>\n\t\t","protected":false},"excerpt":{"rendered":"<p>Infirmier d&rsquo;entreprise Un infirmier d&rsquo;entreprise accompagne l&rsquo;entreprise (salari\u00e9s ainsi que la direction) dans l&rsquo;application des normes de sant\u00e9 au travail.\u00a0 Est-il obligatoire d\u2019avoir un infirmier d\u2019entreprise ? Oui, a partir &#8230; <a title=\"Infirmier d&rsquo;entreprise\" class=\"read-more\" href=\"https:\/\/www.kerea.eu\/index.php\/2024\/01\/23\/infirmier-dentreprise\/\" aria-label=\"Read more about Infirmier d&rsquo;entreprise\">Lire la suite<\/a><\/p>\n","protected":false},"author":1,"featured_media":645174,"comment_status":"closed","ping_status":"closed","sticky":false,"template":"elementor_canvas","format":"standard","meta":{"_monsterinsights_skip_tracking":false,"_monsterinsights_sitenote_active":false,"_monsterinsights_sitenote_note":"","_monsterinsights_sitenote_category":0,"footnotes":""},"categories":[1],"tags":[],"class_list":["post-645172","post","type-post","status-publish","format-standard","has-post-thumbnail","hentry","category-sante"],"yoast_head":"<!-- This site is optimized with the Yoast SEO plugin v27.5 - https:\/\/yoast.com\/product\/yoast-seo-wordpress\/ -->\n<title>Infirmier d&#039;entreprise<\/title>\n<meta name=\"description\" content=\"L&#039;infirmier d&#039;entreprise accompagne direction et salari\u00e9s dans l&#039;application des normes de sant\u00e9 au travail...\" \/>\n<meta name=\"robots\" content=\"index, follow, max-snippet:-1, max-image-preview:large, max-video-preview:-1\" \/>\n<link rel=\"canonical\" href=\"https:\/\/www.kerea.eu\/index.php\/2024\/01\/23\/infirmier-dentreprise\/\" \/>\n<meta property=\"og:locale\" content=\"fr_FR\" \/>\n<meta property=\"og:type\" content=\"article\" \/>\n<meta property=\"og:title\" content=\"Infirmier d&#039;entreprise\" \/>\n<meta property=\"og:description\" content=\"L&#039;infirmier d&#039;entreprise accompagne direction et salari\u00e9s dans l&#039;application des normes de sant\u00e9 au travail...\" \/>\n<meta property=\"og:url\" content=\"https:\/\/www.kerea.eu\/index.php\/2024\/01\/23\/infirmier-dentreprise\/\" \/>\n<meta property=\"og:site_name\" content=\"KEREA\" \/>\n<meta property=\"article:published_time\" content=\"2024-01-23T11:06:45+00:00\" \/>\n<meta property=\"article:modified_time\" content=\"2024-07-16T12:38:25+00:00\" \/>\n<meta property=\"og:image\" content=\"https:\/\/www.kerea.eu\/wp-content\/uploads\/2024\/01\/devenir-infirmier-formation-et-salaire.jpeg\" \/>\n\t<meta property=\"og:image:width\" content=\"900\" \/>\n\t<meta property=\"og:image:height\" content=\"508\" \/>\n\t<meta property=\"og:image:type\" content=\"image\/jpeg\" \/>\n<meta name=\"author\" content=\"Kerea\" \/>\n<meta name=\"twitter:card\" content=\"summary_large_image\" \/>\n<meta name=\"twitter:label1\" content=\"\u00c9crit par\" \/>\n\t<meta name=\"twitter:data1\" content=\"Kerea\" \/>\n\t<meta name=\"twitter:label2\" content=\"Dur\u00e9e de lecture estim\u00e9e\" \/>\n\t<meta name=\"twitter:data2\" content=\"4 minutes\" \/>\n<script type=\"application\/ld+json\" class=\"yoast-schema-graph\">{\"@context\":\"https:\\\/\\\/schema.org\",\"@graph\":[{\"@type\":\"Article\",\"@id\":\"https:\\\/\\\/www.kerea.eu\\\/index.php\\\/2024\\\/01\\\/23\\\/infirmier-dentreprise\\\/#article\",\"isPartOf\":{\"@id\":\"https:\\\/\\\/www.kerea.eu\\\/index.php\\\/2024\\\/01\\\/23\\\/infirmier-dentreprise\\\/\"},\"author\":{\"name\":\"Kerea\",\"@id\":\"https:\\\/\\\/37.59.242.200\\\/#\\\/schema\\\/person\\\/5396e4c57a7033d620add4e1ee171967\"},\"headline\":\"Infirmier d&rsquo;entreprise\",\"datePublished\":\"2024-01-23T11:06:45+00:00\",\"dateModified\":\"2024-07-16T12:38:25+00:00\",\"mainEntityOfPage\":{\"@id\":\"https:\\\/\\\/www.kerea.eu\\\/index.php\\\/2024\\\/01\\\/23\\\/infirmier-dentreprise\\\/\"},\"wordCount\":202,\"publisher\":{\"@id\":\"https:\\\/\\\/37.59.242.200\\\/#organization\"},\"image\":{\"@id\":\"https:\\\/\\\/www.kerea.eu\\\/index.php\\\/2024\\\/01\\\/23\\\/infirmier-dentreprise\\\/#primaryimage\"},\"thumbnailUrl\":\"https:\\\/\\\/www.kerea.eu\\\/wp-content\\\/uploads\\\/2024\\\/01\\\/devenir-infirmier-formation-et-salaire.jpeg\",\"articleSection\":[\"Sant\u00e9\"],\"inLanguage\":\"fr-FR\"},{\"@type\":\"WebPage\",\"@id\":\"https:\\\/\\\/www.kerea.eu\\\/index.php\\\/2024\\\/01\\\/23\\\/infirmier-dentreprise\\\/\",\"url\":\"https:\\\/\\\/www.kerea.eu\\\/index.php\\\/2024\\\/01\\\/23\\\/infirmier-dentreprise\\\/\",\"name\":\"Infirmier d'entreprise\",\"isPartOf\":{\"@id\":\"https:\\\/\\\/37.59.242.200\\\/#website\"},\"primaryImageOfPage\":{\"@id\":\"https:\\\/\\\/www.kerea.eu\\\/index.php\\\/2024\\\/01\\\/23\\\/infirmier-dentreprise\\\/#primaryimage\"},\"image\":{\"@id\":\"https:\\\/\\\/www.kerea.eu\\\/index.php\\\/2024\\\/01\\\/23\\\/infirmier-dentreprise\\\/#primaryimage\"},\"thumbnailUrl\":\"https:\\\/\\\/www.kerea.eu\\\/wp-content\\\/uploads\\\/2024\\\/01\\\/devenir-infirmier-formation-et-salaire.jpeg\",\"datePublished\":\"2024-01-23T11:06:45+00:00\",\"dateModified\":\"2024-07-16T12:38:25+00:00\",\"description\":\"L'infirmier d'entreprise accompagne direction et salari\u00e9s dans l'application des normes de sant\u00e9 au travail...\",\"breadcrumb\":{\"@id\":\"https:\\\/\\\/www.kerea.eu\\\/index.php\\\/2024\\\/01\\\/23\\\/infirmier-dentreprise\\\/#breadcrumb\"},\"inLanguage\":\"fr-FR\",\"potentialAction\":[{\"@type\":\"ReadAction\",\"target\":[\"https:\\\/\\\/www.kerea.eu\\\/index.php\\\/2024\\\/01\\\/23\\\/infirmier-dentreprise\\\/\"]}]},{\"@type\":\"ImageObject\",\"inLanguage\":\"fr-FR\",\"@id\":\"https:\\\/\\\/www.kerea.eu\\\/index.php\\\/2024\\\/01\\\/23\\\/infirmier-dentreprise\\\/#primaryimage\",\"url\":\"https:\\\/\\\/www.kerea.eu\\\/wp-content\\\/uploads\\\/2024\\\/01\\\/devenir-infirmier-formation-et-salaire.jpeg\",\"contentUrl\":\"https:\\\/\\\/www.kerea.eu\\\/wp-content\\\/uploads\\\/2024\\\/01\\\/devenir-infirmier-formation-et-salaire.jpeg\",\"width\":900,\"height\":508},{\"@type\":\"BreadcrumbList\",\"@id\":\"https:\\\/\\\/www.kerea.eu\\\/index.php\\\/2024\\\/01\\\/23\\\/infirmier-dentreprise\\\/#breadcrumb\",\"itemListElement\":[{\"@type\":\"ListItem\",\"position\":1,\"name\":\"Accueil\",\"item\":\"https:\\\/\\\/www.kerea.eu\\\/\"},{\"@type\":\"ListItem\",\"position\":2,\"name\":\"Infirmier d&rsquo;entreprise\"}]},{\"@type\":\"WebSite\",\"@id\":\"https:\\\/\\\/37.59.242.200\\\/#website\",\"url\":\"https:\\\/\\\/37.59.242.200\\\/\",\"name\":\"KEREA\",\"description\":\"Kerea, votre partenaire sant\u00e9 et bien-\u00eatre au travail\",\"publisher\":{\"@id\":\"https:\\\/\\\/37.59.242.200\\\/#organization\"},\"potentialAction\":[{\"@type\":\"SearchAction\",\"target\":{\"@type\":\"EntryPoint\",\"urlTemplate\":\"https:\\\/\\\/37.59.242.200\\\/?s={search_term_string}\"},\"query-input\":{\"@type\":\"PropertyValueSpecification\",\"valueRequired\":true,\"valueName\":\"search_term_string\"}}],\"inLanguage\":\"fr-FR\"},{\"@type\":\"Organization\",\"@id\":\"https:\\\/\\\/37.59.242.200\\\/#organization\",\"name\":\"KEREA\",\"url\":\"https:\\\/\\\/37.59.242.200\\\/\",\"logo\":{\"@type\":\"ImageObject\",\"inLanguage\":\"fr-FR\",\"@id\":\"https:\\\/\\\/37.59.242.200\\\/#\\\/schema\\\/logo\\\/image\\\/\",\"url\":\"https:\\\/\\\/www.kerea.eu\\\/wp-content\\\/uploads\\\/2025\\\/12\\\/logo-kerea.png\",\"contentUrl\":\"https:\\\/\\\/www.kerea.eu\\\/wp-content\\\/uploads\\\/2025\\\/12\\\/logo-kerea.png\",\"width\":1497,\"height\":600,\"caption\":\"KEREA\"},\"image\":{\"@id\":\"https:\\\/\\\/37.59.242.200\\\/#\\\/schema\\\/logo\\\/image\\\/\"},\"sameAs\":[\"https:\\\/\\\/www.linkedin.com\\\/showcase\\\/kerea-by-efficience\\\/\"]},{\"@type\":\"Person\",\"@id\":\"https:\\\/\\\/37.59.242.200\\\/#\\\/schema\\\/person\\\/5396e4c57a7033d620add4e1ee171967\",\"name\":\"Kerea\",\"url\":\"https:\\\/\\\/www.kerea.eu\\\/index.php\\\/author\\\/admin\\\/\"}]}<\/script>\n<!-- \/ Yoast SEO plugin. -->","yoast_head_json":{"title":"Infirmier d'entreprise","description":"L'infirmier d'entreprise accompagne direction et salari\u00e9s dans l'application des normes de sant\u00e9 au travail...","robots":{"index":"index","follow":"follow","max-snippet":"max-snippet:-1","max-image-preview":"max-image-preview:large","max-video-preview":"max-video-preview:-1"},"canonical":"https:\/\/www.kerea.eu\/index.php\/2024\/01\/23\/infirmier-dentreprise\/","og_locale":"fr_FR","og_type":"article","og_title":"Infirmier d'entreprise","og_description":"L'infirmier d'entreprise accompagne direction et salari\u00e9s dans l'application des normes de sant\u00e9 au travail...","og_url":"https:\/\/www.kerea.eu\/index.php\/2024\/01\/23\/infirmier-dentreprise\/","og_site_name":"KEREA","article_published_time":"2024-01-23T11:06:45+00:00","article_modified_time":"2024-07-16T12:38:25+00:00","og_image":[{"width":900,"height":508,"url":"https:\/\/www.kerea.eu\/wp-content\/uploads\/2024\/01\/devenir-infirmier-formation-et-salaire.jpeg","type":"image\/jpeg"}],"author":"Kerea","twitter_card":"summary_large_image","twitter_misc":{"\u00c9crit par":"Kerea","Dur\u00e9e de lecture estim\u00e9e":"4 minutes"},"schema":{"@context":"https:\/\/schema.org","@graph":[{"@type":"Article","@id":"https:\/\/www.kerea.eu\/index.php\/2024\/01\/23\/infirmier-dentreprise\/#article","isPartOf":{"@id":"https:\/\/www.kerea.eu\/index.php\/2024\/01\/23\/infirmier-dentreprise\/"},"author":{"name":"Kerea","@id":"https:\/\/37.59.242.200\/#\/schema\/person\/5396e4c57a7033d620add4e1ee171967"},"headline":"Infirmier d&rsquo;entreprise","datePublished":"2024-01-23T11:06:45+00:00","dateModified":"2024-07-16T12:38:25+00:00","mainEntityOfPage":{"@id":"https:\/\/www.kerea.eu\/index.php\/2024\/01\/23\/infirmier-dentreprise\/"},"wordCount":202,"publisher":{"@id":"https:\/\/37.59.242.200\/#organization"},"image":{"@id":"https:\/\/www.kerea.eu\/index.php\/2024\/01\/23\/infirmier-dentreprise\/#primaryimage"},"thumbnailUrl":"https:\/\/www.kerea.eu\/wp-content\/uploads\/2024\/01\/devenir-infirmier-formation-et-salaire.jpeg","articleSection":["Sant\u00e9"],"inLanguage":"fr-FR"},{"@type":"WebPage","@id":"https:\/\/www.kerea.eu\/index.php\/2024\/01\/23\/infirmier-dentreprise\/","url":"https:\/\/www.kerea.eu\/index.php\/2024\/01\/23\/infirmier-dentreprise\/","name":"Infirmier d'entreprise","isPartOf":{"@id":"https:\/\/37.59.242.200\/#website"},"primaryImageOfPage":{"@id":"https:\/\/www.kerea.eu\/index.php\/2024\/01\/23\/infirmier-dentreprise\/#primaryimage"},"image":{"@id":"https:\/\/www.kerea.eu\/index.php\/2024\/01\/23\/infirmier-dentreprise\/#primaryimage"},"thumbnailUrl":"https:\/\/www.kerea.eu\/wp-content\/uploads\/2024\/01\/devenir-infirmier-formation-et-salaire.jpeg","datePublished":"2024-01-23T11:06:45+00:00","dateModified":"2024-07-16T12:38:25+00:00","description":"L'infirmier d'entreprise accompagne direction et salari\u00e9s dans l'application des normes de sant\u00e9 au travail...","breadcrumb":{"@id":"https:\/\/www.kerea.eu\/index.php\/2024\/01\/23\/infirmier-dentreprise\/#breadcrumb"},"inLanguage":"fr-FR","potentialAction":[{"@type":"ReadAction","target":["https:\/\/www.kerea.eu\/index.php\/2024\/01\/23\/infirmier-dentreprise\/"]}]},{"@type":"ImageObject","inLanguage":"fr-FR","@id":"https:\/\/www.kerea.eu\/index.php\/2024\/01\/23\/infirmier-dentreprise\/#primaryimage","url":"https:\/\/www.kerea.eu\/wp-content\/uploads\/2024\/01\/devenir-infirmier-formation-et-salaire.jpeg","contentUrl":"https:\/\/www.kerea.eu\/wp-content\/uploads\/2024\/01\/devenir-infirmier-formation-et-salaire.jpeg","width":900,"height":508},{"@type":"BreadcrumbList","@id":"https:\/\/www.kerea.eu\/index.php\/2024\/01\/23\/infirmier-dentreprise\/#breadcrumb","itemListElement":[{"@type":"ListItem","position":1,"name":"Accueil","item":"https:\/\/www.kerea.eu\/"},{"@type":"ListItem","position":2,"name":"Infirmier d&rsquo;entreprise"}]},{"@type":"WebSite","@id":"https:\/\/37.59.242.200\/#website","url":"https:\/\/37.59.242.200\/","name":"KEREA","description":"Kerea, votre partenaire sant\u00e9 et bien-\u00eatre au travail","publisher":{"@id":"https:\/\/37.59.242.200\/#organization"},"potentialAction":[{"@type":"SearchAction","target":{"@type":"EntryPoint","urlTemplate":"https:\/\/37.59.242.200\/?s={search_term_string}"},"query-input":{"@type":"PropertyValueSpecification","valueRequired":true,"valueName":"search_term_string"}}],"inLanguage":"fr-FR"},{"@type":"Organization","@id":"https:\/\/37.59.242.200\/#organization","name":"KEREA","url":"https:\/\/37.59.242.200\/","logo":{"@type":"ImageObject","inLanguage":"fr-FR","@id":"https:\/\/37.59.242.200\/#\/schema\/logo\/image\/","url":"https:\/\/www.kerea.eu\/wp-content\/uploads\/2025\/12\/logo-kerea.png","contentUrl":"https:\/\/www.kerea.eu\/wp-content\/uploads\/2025\/12\/logo-kerea.png","width":1497,"height":600,"caption":"KEREA"},"image":{"@id":"https:\/\/37.59.242.200\/#\/schema\/logo\/image\/"},"sameAs":["https:\/\/www.linkedin.com\/showcase\/kerea-by-efficience\/"]},{"@type":"Person","@id":"https:\/\/37.59.242.200\/#\/schema\/person\/5396e4c57a7033d620add4e1ee171967","name":"Kerea","url":"https:\/\/www.kerea.eu\/index.php\/author\/admin\/"}]}},"_links":{"self":[{"href":"https:\/\/www.kerea.eu\/index.php\/wp-json\/wp\/v2\/posts\/645172","targetHints":{"allow":["GET"]}}],"collection":[{"href":"https:\/\/www.kerea.eu\/index.php\/wp-json\/wp\/v2\/posts"}],"about":[{"href":"https:\/\/www.kerea.eu\/index.php\/wp-json\/wp\/v2\/types\/post"}],"author":[{"embeddable":true,"href":"https:\/\/www.kerea.eu\/index.php\/wp-json\/wp\/v2\/users\/1"}],"replies":[{"embeddable":true,"href":"https:\/\/www.kerea.eu\/index.php\/wp-json\/wp\/v2\/comments?post=645172"}],"version-history":[{"count":38,"href":"https:\/\/www.kerea.eu\/index.php\/wp-json\/wp\/v2\/posts\/645172\/revisions"}],"predecessor-version":[{"id":646433,"href":"https:\/\/www.kerea.eu\/index.php\/wp-json\/wp\/v2\/posts\/645172\/revisions\/646433"}],"wp:featuredmedia":[{"embeddable":true,"href":"https:\/\/www.kerea.eu\/index.php\/wp-json\/wp\/v2\/media\/645174"}],"wp:attachment":[{"href":"https:\/\/www.kerea.eu\/index.php\/wp-json\/wp\/v2\/media?parent=645172"}],"wp:term":[{"taxonomy":"category","embeddable":true,"href":"https:\/\/www.kerea.eu\/index.php\/wp-json\/wp\/v2\/categories?post=645172"},{"taxonomy":"post_tag","embeddable":true,"href":"https:\/\/www.kerea.eu\/index.php\/wp-json\/wp\/v2\/tags?post=645172"}],"curies":[{"name":"wp","href":"https:\/\/api.w.org\/{rel}","templated":true}]}}