{"id":629174,"date":"2023-11-21T16:02:45","date_gmt":"2023-11-21T16:02:45","guid":{"rendered":"https:\/\/www.kerea.eu\/?p=629174"},"modified":"2024-01-16T08:28:12","modified_gmt":"2024-01-16T08:28:12","slug":"semaine-europeenne-pour-lemploi-des-personnes-handicapees-2","status":"publish","type":"post","link":"https:\/\/www.kerea.eu\/index.php\/2023\/11\/21\/semaine-europeenne-pour-lemploi-des-personnes-handicapees-2\/","title":{"rendered":"Semaine europ\u00e9enne pour l&#8217;emploi des personnes handicap\u00e9es"},"content":{"rendered":"\t\t<div data-elementor-type=\"wp-post\" data-elementor-id=\"629174\" class=\"elementor elementor-629174\">\n\t\t\t\t\t\t<section class=\"elementor-section elementor-top-section elementor-element elementor-element-c449015 elementor-section-boxed elementor-section-height-default elementor-section-height-default\" data-id=\"c449015\" data-element_type=\"section\" data-e-type=\"section\">\n\t\t\t\t\t\t<div class=\"elementor-container elementor-column-gap-default\">\n\t\t\t\t\t<div class=\"elementor-column elementor-col-100 elementor-top-column elementor-element elementor-element-e6b26fc\" data-id=\"e6b26fc\" data-element_type=\"column\" data-e-type=\"column\">\n\t\t\t<div class=\"elementor-widget-wrap elementor-element-populated\">\n\t\t\t\t\t\t<div class=\"elementor-element elementor-element-c146efc elementor-widget elementor-widget-text-editor\" data-id=\"c146efc\" data-element_type=\"widget\" data-e-type=\"widget\" data-widget_type=\"text-editor.default\">\n\t\t\t\t<div class=\"elementor-widget-container\">\n\t\t\t\t\t\t\t\t\t<p>Lancement de la 27\u00e8me Semaine Europ\u00e9enne pour l\u2019Emploi des Personnes Handicap\u00e9es (SEEPH)\u00a0du lundi 20 au dimanche 26 novembre 2023.<\/p><p>Sa th\u00e9matique ? \u00ab La transition num\u00e9rique : un acc\u00e9l\u00e9rateur pour l\u2019emploi des personnes en situation de handicap ? \u00bb<\/p>\t\t\t\t\t\t\t\t<\/div>\n\t\t\t\t<\/div>\n\t\t\t\t\t<\/div>\n\t\t<\/div>\n\t\t\t\t\t<\/div>\n\t\t<\/section>\n\t\t\t\t<section class=\"elementor-section elementor-top-section elementor-element elementor-element-cd1ff92 elementor-section-boxed elementor-section-height-default elementor-section-height-default\" data-id=\"cd1ff92\" data-element_type=\"section\" data-e-type=\"section\">\n\t\t\t\t\t\t<div class=\"elementor-container elementor-column-gap-default\">\n\t\t\t\t\t<div class=\"elementor-column elementor-col-100 elementor-top-column elementor-element elementor-element-d28033c\" data-id=\"d28033c\" data-element_type=\"column\" data-e-type=\"column\">\n\t\t\t<div class=\"elementor-widget-wrap elementor-element-populated\">\n\t\t\t\t\t\t<div class=\"elementor-element elementor-element-439fd8b elementor-widget elementor-widget-heading\" data-id=\"439fd8b\" data-element_type=\"widget\" data-e-type=\"widget\" data-widget_type=\"heading.default\">\n\t\t\t\t<div class=\"elementor-widget-container\">\n\t\t\t\t\t<h2 class=\"elementor-heading-title elementor-size-default\">Quel est le but de cette semaine ?<\/h2>\t\t\t\t<\/div>\n\t\t\t\t<\/div>\n\t\t\t\t\t<\/div>\n\t\t<\/div>\n\t\t\t\t\t<\/div>\n\t\t<\/section>\n\t\t\t\t<section class=\"elementor-section elementor-top-section elementor-element elementor-element-4722d8c elementor-section-boxed elementor-section-height-default elementor-section-height-default\" data-id=\"4722d8c\" data-element_type=\"section\" data-e-type=\"section\">\n\t\t\t\t\t\t<div class=\"elementor-container elementor-column-gap-default\">\n\t\t\t\t\t<div class=\"elementor-column elementor-col-100 elementor-top-column elementor-element elementor-element-4094a95\" data-id=\"4094a95\" data-element_type=\"column\" data-e-type=\"column\">\n\t\t\t<div class=\"elementor-widget-wrap elementor-element-populated\">\n\t\t\t\t\t\t<div class=\"elementor-element elementor-element-c225958 elementor-widget elementor-widget-text-editor\" data-id=\"c225958\" data-element_type=\"widget\" data-e-type=\"widget\" data-widget_type=\"text-editor.default\">\n\t\t\t\t<div class=\"elementor-widget-container\">\n\t\t\t\t\t\t\t\t\t<p>Durant cette semaine,\u00a0 de nombreuses actions sont organis\u00e9es sur l\u2019ensemble du territoire pour sensibiliser, informer et agir sur l\u2019employabilit\u00e9 des personnes en situation de handicap.<\/p><p>L\u2019objectif est de faire se\u00a0rencontrer entreprises, politiques, associations, soci\u00e9t\u00e9 civile et bien entendu demandeurs d\u2019emploi en situation de handicap.<\/p><p>Pour\u00a0une personne en situation de handicap, c\u2019est deux fois plus compliqu\u00e9 de trouver un emploi que pour le reste de la population.\u00a0La SEEPH est l\u2019occasion de mettre en avant les\u00a0diff\u00e9rents dispositifs existants pour faciliter l\u2019insertion professionnelle\u00a0des personnes en situation de handicap.<\/p>\t\t\t\t\t\t\t\t<\/div>\n\t\t\t\t<\/div>\n\t\t\t\t\t<\/div>\n\t\t<\/div>\n\t\t\t\t\t<\/div>\n\t\t<\/section>\n\t\t\t\t<section class=\"elementor-section elementor-top-section elementor-element elementor-element-6ed7874 elementor-section-boxed elementor-section-height-default elementor-section-height-default\" data-id=\"6ed7874\" data-element_type=\"section\" data-e-type=\"section\">\n\t\t\t\t\t\t<div class=\"elementor-container elementor-column-gap-default\">\n\t\t\t\t\t<div class=\"elementor-column elementor-col-100 elementor-top-column elementor-element elementor-element-a3b3e38\" data-id=\"a3b3e38\" data-element_type=\"column\" data-e-type=\"column\">\n\t\t\t<div class=\"elementor-widget-wrap elementor-element-populated\">\n\t\t\t\t\t\t<div class=\"elementor-element elementor-element-5397493 elementor-widget elementor-widget-text-editor\" data-id=\"5397493\" data-element_type=\"widget\" data-e-type=\"widget\" data-widget_type=\"text-editor.default\">\n\t\t\t\t<div class=\"elementor-widget-container\">\n\t\t\t\t\t\t\t\t\t<p><strong><a href=\"https:\/\/www.semaine-emploi-handicap.com\/la-liste-des-evenements\">Retrouvez tous les \u00e9v\u00e9nements de la semaine<\/a><\/strong><\/p>\t\t\t\t\t\t\t\t<\/div>\n\t\t\t\t<\/div>\n\t\t\t\t\t<\/div>\n\t\t<\/div>\n\t\t\t\t\t<\/div>\n\t\t<\/section>\n\t\t\t\t<section class=\"elementor-section elementor-top-section elementor-element elementor-element-933aa92 elementor-section-boxed elementor-section-height-default elementor-section-height-default\" data-id=\"933aa92\" data-element_type=\"section\" data-e-type=\"section\">\n\t\t\t\t\t\t<div class=\"elementor-container elementor-column-gap-default\">\n\t\t\t\t\t<div class=\"elementor-column elementor-col-50 elementor-top-column elementor-element elementor-element-785e5e9\" data-id=\"785e5e9\" data-element_type=\"column\" data-e-type=\"column\">\n\t\t\t<div class=\"elementor-widget-wrap elementor-element-populated\">\n\t\t\t\t\t\t<div class=\"elementor-element elementor-element-a27c60f elementor-widget elementor-widget-button\" data-id=\"a27c60f\" data-element_type=\"widget\" data-e-type=\"widget\" data-widget_type=\"button.default\">\n\t\t\t\t<div class=\"elementor-widget-container\">\n\t\t\t\t\t\t\t\t\t<div class=\"elementor-button-wrapper\">\n\t\t\t\t\t<a class=\"elementor-button elementor-button-link elementor-size-sm\" href=\"https:\/\/www.preventica.com\/webi-details.php?webinar=633\">\n\t\t\t\t\t\t<span class=\"elementor-button-content-wrapper\">\n\t\t\t\t\t\t\t\t\t<span class=\"elementor-button-text\">Retrouvez notre webinaire <\/span>\n\t\t\t\t\t<\/span>\n\t\t\t\t\t<\/a>\n\t\t\t\t<\/div>\n\t\t\t\t\t\t\t\t<\/div>\n\t\t\t\t<\/div>\n\t\t\t\t<div class=\"elementor-element elementor-element-87a57ac elementor-widget elementor-widget-button\" data-id=\"87a57ac\" data-element_type=\"widget\" data-e-type=\"widget\" data-widget_type=\"button.default\">\n\t\t\t\t<div class=\"elementor-widget-container\">\n\t\t\t\t\t\t\t\t\t<div class=\"elementor-button-wrapper\">\n\t\t\t\t\t<a class=\"elementor-button elementor-button-link elementor-size-sm\" href=\"https:\/\/www.oeth.org\/\">\n\t\t\t\t\t\t<span class=\"elementor-button-content-wrapper\">\n\t\t\t\t\t\t\t\t\t<span class=\"elementor-button-text\">OETH<\/span>\n\t\t\t\t\t<\/span>\n\t\t\t\t\t<\/a>\n\t\t\t\t<\/div>\n\t\t\t\t\t\t\t\t<\/div>\n\t\t\t\t<\/div>\n\t\t\t\t<div class=\"elementor-element elementor-element-a59385a elementor-widget elementor-widget-button\" data-id=\"a59385a\" data-element_type=\"widget\" data-e-type=\"widget\" data-widget_type=\"button.default\">\n\t\t\t\t<div class=\"elementor-widget-container\">\n\t\t\t\t\t\t\t\t\t<div class=\"elementor-button-wrapper\">\n\t\t\t\t\t<a class=\"elementor-button elementor-button-link elementor-size-sm\" href=\"https:\/\/www.monparcourshandicap.gouv.fr\/aides\">\n\t\t\t\t\t\t<span class=\"elementor-button-content-wrapper\">\n\t\t\t\t\t\t\t\t\t<span class=\"elementor-button-text\">Mon parcours de handicap <\/span>\n\t\t\t\t\t<\/span>\n\t\t\t\t\t<\/a>\n\t\t\t\t<\/div>\n\t\t\t\t\t\t\t\t<\/div>\n\t\t\t\t<\/div>\n\t\t\t\t\t<\/div>\n\t\t<\/div>\n\t\t\t\t<div class=\"elementor-column elementor-col-50 elementor-top-column elementor-element elementor-element-a7069e9\" data-id=\"a7069e9\" data-element_type=\"column\" data-e-type=\"column\">\n\t\t\t<div class=\"elementor-widget-wrap elementor-element-populated\">\n\t\t\t\t\t\t<div class=\"elementor-element elementor-element-e1ced88 elementor-widget elementor-widget-button\" data-id=\"e1ced88\" data-element_type=\"widget\" data-e-type=\"widget\" data-widget_type=\"button.default\">\n\t\t\t\t<div class=\"elementor-widget-container\">\n\t\t\t\t\t\t\t\t\t<div class=\"elementor-button-wrapper\">\n\t\t\t\t\t<a class=\"elementor-button elementor-button-link elementor-size-sm\" href=\"https:\/\/www.efficience-santeautravail.org\/maintien-dans-emploi\/\">\n\t\t\t\t\t\t<span class=\"elementor-button-content-wrapper\">\n\t\t\t\t\t\t\t\t\t<span class=\"elementor-button-text\">Retrouvez toute la documentation sur le sujet <\/span>\n\t\t\t\t\t<\/span>\n\t\t\t\t\t<\/a>\n\t\t\t\t<\/div>\n\t\t\t\t\t\t\t\t<\/div>\n\t\t\t\t<\/div>\n\t\t\t\t<div class=\"elementor-element elementor-element-5562594 elementor-widget elementor-widget-button\" data-id=\"5562594\" data-element_type=\"widget\" data-e-type=\"widget\" data-widget_type=\"button.default\">\n\t\t\t\t<div class=\"elementor-widget-container\">\n\t\t\t\t\t\t\t\t\t<div class=\"elementor-button-wrapper\">\n\t\t\t\t\t<a class=\"elementor-button elementor-button-link elementor-size-sm\" href=\"https:\/\/www.agefiph.fr\/\">\n\t\t\t\t\t\t<span class=\"elementor-button-content-wrapper\">\n\t\t\t\t\t\t\t\t\t<span class=\"elementor-button-text\">AGEFIPH<\/span>\n\t\t\t\t\t<\/span>\n\t\t\t\t\t<\/a>\n\t\t\t\t<\/div>\n\t\t\t\t\t\t\t\t<\/div>\n\t\t\t\t<\/div>\n\t\t\t\t<div class=\"elementor-element elementor-element-d36732e elementor-widget elementor-widget-button\" data-id=\"d36732e\" data-element_type=\"widget\" data-e-type=\"widget\" data-widget_type=\"button.default\">\n\t\t\t\t<div class=\"elementor-widget-container\">\n\t\t\t\t\t\t\t\t\t<div class=\"elementor-button-wrapper\">\n\t\t\t\t\t<a class=\"elementor-button elementor-button-link elementor-size-sm\" href=\"https:\/\/www.semaine-emploi-handicap.com\/edition-2023-seeph2023\">\n\t\t\t\t\t\t<span class=\"elementor-button-content-wrapper\">\n\t\t\t\t\t\t\t\t\t<span class=\"elementor-button-text\">SEEPH 2023<\/span>\n\t\t\t\t\t<\/span>\n\t\t\t\t\t<\/a>\n\t\t\t\t<\/div>\n\t\t\t\t\t\t\t\t<\/div>\n\t\t\t\t<\/div>\n\t\t\t\t\t<\/div>\n\t\t<\/div>\n\t\t\t\t\t<\/div>\n\t\t<\/section>\n\t\t\t\t<\/div>\n\t\t","protected":false},"excerpt":{"rendered":"<p>Lancement de la 27\u00e8me Semaine Europ\u00e9enne pour l\u2019Emploi des Personnes Handicap\u00e9es (SEEPH)&nbsp;du lundi 20 au dimanche 26 novembre 2023. Sa th\u00e9matique ? \u00ab La transition num\u00e9rique : un acc\u00e9l\u00e9rateur pour &#8230; <a title=\"Semaine europ\u00e9enne pour l&#8217;emploi des personnes handicap\u00e9es\" class=\"read-more\" href=\"https:\/\/www.kerea.eu\/index.php\/2023\/11\/21\/semaine-europeenne-pour-lemploi-des-personnes-handicapees-2\/\" aria-label=\"Read more about Semaine europ\u00e9enne pour l&#8217;emploi des personnes handicap\u00e9es\">Lire la suite<\/a><\/p>\n","protected":false},"author":1,"featured_media":629177,"comment_status":"closed","ping_status":"closed","sticky":false,"template":"","format":"standard","meta":{"_monsterinsights_skip_tracking":false,"_monsterinsights_sitenote_active":false,"_monsterinsights_sitenote_note":"","_monsterinsights_sitenote_category":0,"footnotes":""},"categories":[1],"tags":[],"class_list":["post-629174","post","type-post","status-publish","format-standard","has-post-thumbnail","hentry","category-sante"],"yoast_head":"<!-- This site is optimized with the Yoast SEO plugin v27.5 - https:\/\/yoast.com\/product\/yoast-seo-wordpress\/ -->\n<title>Semaine europ\u00e9enne pour l&#039;emploi des personnes handicap\u00e9es<\/title>\n<meta name=\"description\" content=\"Lancement de la 27\u00e8me Semaine Europ\u00e9enne pour l\u2019Emploi des Personnes Handicap\u00e9es (SEEPH)\u00a0du lundi 20 au dimanche 26 novembre 2023.\" \/>\n<meta name=\"robots\" content=\"index, follow, max-snippet:-1, max-image-preview:large, max-video-preview:-1\" \/>\n<link rel=\"canonical\" href=\"https:\/\/www.kerea.eu\/index.php\/2023\/11\/21\/semaine-europeenne-pour-lemploi-des-personnes-handicapees-2\/\" \/>\n<meta property=\"og:locale\" content=\"fr_FR\" \/>\n<meta property=\"og:type\" content=\"article\" \/>\n<meta property=\"og:title\" content=\"Semaine europ\u00e9enne pour l&#039;emploi des personnes handicap\u00e9es\" \/>\n<meta property=\"og:description\" content=\"Lancement de la 27\u00e8me Semaine Europ\u00e9enne pour l\u2019Emploi des Personnes Handicap\u00e9es (SEEPH)\u00a0du lundi 20 au dimanche 26 novembre 2023.\" \/>\n<meta property=\"og:url\" content=\"https:\/\/www.kerea.eu\/index.php\/2023\/11\/21\/semaine-europeenne-pour-lemploi-des-personnes-handicapees-2\/\" \/>\n<meta property=\"og:site_name\" content=\"KEREA\" \/>\n<meta property=\"article:published_time\" content=\"2023-11-21T16:02:45+00:00\" \/>\n<meta property=\"article:modified_time\" content=\"2024-01-16T08:28:12+00:00\" \/>\n<meta property=\"og:image\" content=\"https:\/\/www.kerea.eu\/wp-content\/uploads\/2023\/11\/Fotolia_47879190_S-1.jpg\" \/>\n\t<meta property=\"og:image:width\" content=\"849\" \/>\n\t<meta property=\"og:image:height\" content=\"566\" \/>\n\t<meta property=\"og:image:type\" content=\"image\/jpeg\" \/>\n<meta name=\"author\" content=\"Kerea\" \/>\n<meta name=\"twitter:card\" content=\"summary_large_image\" \/>\n<meta name=\"twitter:label1\" content=\"\u00c9crit par\" \/>\n\t<meta name=\"twitter:data1\" content=\"Kerea\" \/>\n\t<meta name=\"twitter:label2\" content=\"Dur\u00e9e de lecture estim\u00e9e\" \/>\n\t<meta name=\"twitter:data2\" content=\"1 minute\" \/>\n<script type=\"application\/ld+json\" class=\"yoast-schema-graph\">{\"@context\":\"https:\\\/\\\/schema.org\",\"@graph\":[{\"@type\":\"Article\",\"@id\":\"https:\\\/\\\/www.kerea.eu\\\/index.php\\\/2023\\\/11\\\/21\\\/semaine-europeenne-pour-lemploi-des-personnes-handicapees-2\\\/#article\",\"isPartOf\":{\"@id\":\"https:\\\/\\\/www.kerea.eu\\\/index.php\\\/2023\\\/11\\\/21\\\/semaine-europeenne-pour-lemploi-des-personnes-handicapees-2\\\/\"},\"author\":{\"name\":\"Kerea\",\"@id\":\"https:\\\/\\\/37.59.242.200\\\/#\\\/schema\\\/person\\\/5396e4c57a7033d620add4e1ee171967\"},\"headline\":\"Semaine europ\u00e9enne pour l&#8217;emploi des personnes handicap\u00e9es\",\"datePublished\":\"2023-11-21T16:02:45+00:00\",\"dateModified\":\"2024-01-16T08:28:12+00:00\",\"mainEntityOfPage\":{\"@id\":\"https:\\\/\\\/www.kerea.eu\\\/index.php\\\/2023\\\/11\\\/21\\\/semaine-europeenne-pour-lemploi-des-personnes-handicapees-2\\\/\"},\"wordCount\":189,\"publisher\":{\"@id\":\"https:\\\/\\\/37.59.242.200\\\/#organization\"},\"image\":{\"@id\":\"https:\\\/\\\/www.kerea.eu\\\/index.php\\\/2023\\\/11\\\/21\\\/semaine-europeenne-pour-lemploi-des-personnes-handicapees-2\\\/#primaryimage\"},\"thumbnailUrl\":\"https:\\\/\\\/www.kerea.eu\\\/wp-content\\\/uploads\\\/2023\\\/11\\\/Fotolia_47879190_S-1.jpg\",\"articleSection\":[\"Sant\u00e9\"],\"inLanguage\":\"fr-FR\"},{\"@type\":\"WebPage\",\"@id\":\"https:\\\/\\\/www.kerea.eu\\\/index.php\\\/2023\\\/11\\\/21\\\/semaine-europeenne-pour-lemploi-des-personnes-handicapees-2\\\/\",\"url\":\"https:\\\/\\\/www.kerea.eu\\\/index.php\\\/2023\\\/11\\\/21\\\/semaine-europeenne-pour-lemploi-des-personnes-handicapees-2\\\/\",\"name\":\"Semaine europ\u00e9enne pour l'emploi des personnes handicap\u00e9es\",\"isPartOf\":{\"@id\":\"https:\\\/\\\/37.59.242.200\\\/#website\"},\"primaryImageOfPage\":{\"@id\":\"https:\\\/\\\/www.kerea.eu\\\/index.php\\\/2023\\\/11\\\/21\\\/semaine-europeenne-pour-lemploi-des-personnes-handicapees-2\\\/#primaryimage\"},\"image\":{\"@id\":\"https:\\\/\\\/www.kerea.eu\\\/index.php\\\/2023\\\/11\\\/21\\\/semaine-europeenne-pour-lemploi-des-personnes-handicapees-2\\\/#primaryimage\"},\"thumbnailUrl\":\"https:\\\/\\\/www.kerea.eu\\\/wp-content\\\/uploads\\\/2023\\\/11\\\/Fotolia_47879190_S-1.jpg\",\"datePublished\":\"2023-11-21T16:02:45+00:00\",\"dateModified\":\"2024-01-16T08:28:12+00:00\",\"description\":\"Lancement de la 27\u00e8me Semaine Europ\u00e9enne pour l\u2019Emploi des Personnes Handicap\u00e9es (SEEPH)\u00a0du lundi 20 au dimanche 26 novembre 2023.\",\"breadcrumb\":{\"@id\":\"https:\\\/\\\/www.kerea.eu\\\/index.php\\\/2023\\\/11\\\/21\\\/semaine-europeenne-pour-lemploi-des-personnes-handicapees-2\\\/#breadcrumb\"},\"inLanguage\":\"fr-FR\",\"potentialAction\":[{\"@type\":\"ReadAction\",\"target\":[\"https:\\\/\\\/www.kerea.eu\\\/index.php\\\/2023\\\/11\\\/21\\\/semaine-europeenne-pour-lemploi-des-personnes-handicapees-2\\\/\"]}]},{\"@type\":\"ImageObject\",\"inLanguage\":\"fr-FR\",\"@id\":\"https:\\\/\\\/www.kerea.eu\\\/index.php\\\/2023\\\/11\\\/21\\\/semaine-europeenne-pour-lemploi-des-personnes-handicapees-2\\\/#primaryimage\",\"url\":\"https:\\\/\\\/www.kerea.eu\\\/wp-content\\\/uploads\\\/2023\\\/11\\\/Fotolia_47879190_S-1.jpg\",\"contentUrl\":\"https:\\\/\\\/www.kerea.eu\\\/wp-content\\\/uploads\\\/2023\\\/11\\\/Fotolia_47879190_S-1.jpg\",\"width\":849,\"height\":566,\"caption\":\"team work\"},{\"@type\":\"BreadcrumbList\",\"@id\":\"https:\\\/\\\/www.kerea.eu\\\/index.php\\\/2023\\\/11\\\/21\\\/semaine-europeenne-pour-lemploi-des-personnes-handicapees-2\\\/#breadcrumb\",\"itemListElement\":[{\"@type\":\"ListItem\",\"position\":1,\"name\":\"Accueil\",\"item\":\"https:\\\/\\\/www.kerea.eu\\\/\"},{\"@type\":\"ListItem\",\"position\":2,\"name\":\"Semaine europ\u00e9enne pour l&#8217;emploi des personnes handicap\u00e9es\"}]},{\"@type\":\"WebSite\",\"@id\":\"https:\\\/\\\/37.59.242.200\\\/#website\",\"url\":\"https:\\\/\\\/37.59.242.200\\\/\",\"name\":\"KEREA\",\"description\":\"Kerea, votre partenaire sant\u00e9 et bien-\u00eatre au travail\",\"publisher\":{\"@id\":\"https:\\\/\\\/37.59.242.200\\\/#organization\"},\"potentialAction\":[{\"@type\":\"SearchAction\",\"target\":{\"@type\":\"EntryPoint\",\"urlTemplate\":\"https:\\\/\\\/37.59.242.200\\\/?s={search_term_string}\"},\"query-input\":{\"@type\":\"PropertyValueSpecification\",\"valueRequired\":true,\"valueName\":\"search_term_string\"}}],\"inLanguage\":\"fr-FR\"},{\"@type\":\"Organization\",\"@id\":\"https:\\\/\\\/37.59.242.200\\\/#organization\",\"name\":\"KEREA\",\"url\":\"https:\\\/\\\/37.59.242.200\\\/\",\"logo\":{\"@type\":\"ImageObject\",\"inLanguage\":\"fr-FR\",\"@id\":\"https:\\\/\\\/37.59.242.200\\\/#\\\/schema\\\/logo\\\/image\\\/\",\"url\":\"https:\\\/\\\/www.kerea.eu\\\/wp-content\\\/uploads\\\/2025\\\/12\\\/logo-kerea.png\",\"contentUrl\":\"https:\\\/\\\/www.kerea.eu\\\/wp-content\\\/uploads\\\/2025\\\/12\\\/logo-kerea.png\",\"width\":1497,\"height\":600,\"caption\":\"KEREA\"},\"image\":{\"@id\":\"https:\\\/\\\/37.59.242.200\\\/#\\\/schema\\\/logo\\\/image\\\/\"},\"sameAs\":[\"https:\\\/\\\/www.linkedin.com\\\/showcase\\\/kerea-by-efficience\\\/\"]},{\"@type\":\"Person\",\"@id\":\"https:\\\/\\\/37.59.242.200\\\/#\\\/schema\\\/person\\\/5396e4c57a7033d620add4e1ee171967\",\"name\":\"Kerea\",\"url\":\"https:\\\/\\\/www.kerea.eu\\\/index.php\\\/author\\\/admin\\\/\"}]}<\/script>\n<!-- \/ Yoast SEO plugin. -->","yoast_head_json":{"title":"Semaine europ\u00e9enne pour l'emploi des personnes handicap\u00e9es","description":"Lancement de la 27\u00e8me Semaine Europ\u00e9enne pour l\u2019Emploi des Personnes Handicap\u00e9es (SEEPH)\u00a0du lundi 20 au dimanche 26 novembre 2023.","robots":{"index":"index","follow":"follow","max-snippet":"max-snippet:-1","max-image-preview":"max-image-preview:large","max-video-preview":"max-video-preview:-1"},"canonical":"https:\/\/www.kerea.eu\/index.php\/2023\/11\/21\/semaine-europeenne-pour-lemploi-des-personnes-handicapees-2\/","og_locale":"fr_FR","og_type":"article","og_title":"Semaine europ\u00e9enne pour l'emploi des personnes handicap\u00e9es","og_description":"Lancement de la 27\u00e8me Semaine Europ\u00e9enne pour l\u2019Emploi des Personnes Handicap\u00e9es (SEEPH)\u00a0du lundi 20 au dimanche 26 novembre 2023.","og_url":"https:\/\/www.kerea.eu\/index.php\/2023\/11\/21\/semaine-europeenne-pour-lemploi-des-personnes-handicapees-2\/","og_site_name":"KEREA","article_published_time":"2023-11-21T16:02:45+00:00","article_modified_time":"2024-01-16T08:28:12+00:00","og_image":[{"width":849,"height":566,"url":"https:\/\/www.kerea.eu\/wp-content\/uploads\/2023\/11\/Fotolia_47879190_S-1.jpg","type":"image\/jpeg"}],"author":"Kerea","twitter_card":"summary_large_image","twitter_misc":{"\u00c9crit par":"Kerea","Dur\u00e9e de lecture estim\u00e9e":"1 minute"},"schema":{"@context":"https:\/\/schema.org","@graph":[{"@type":"Article","@id":"https:\/\/www.kerea.eu\/index.php\/2023\/11\/21\/semaine-europeenne-pour-lemploi-des-personnes-handicapees-2\/#article","isPartOf":{"@id":"https:\/\/www.kerea.eu\/index.php\/2023\/11\/21\/semaine-europeenne-pour-lemploi-des-personnes-handicapees-2\/"},"author":{"name":"Kerea","@id":"https:\/\/37.59.242.200\/#\/schema\/person\/5396e4c57a7033d620add4e1ee171967"},"headline":"Semaine europ\u00e9enne pour l&#8217;emploi des personnes handicap\u00e9es","datePublished":"2023-11-21T16:02:45+00:00","dateModified":"2024-01-16T08:28:12+00:00","mainEntityOfPage":{"@id":"https:\/\/www.kerea.eu\/index.php\/2023\/11\/21\/semaine-europeenne-pour-lemploi-des-personnes-handicapees-2\/"},"wordCount":189,"publisher":{"@id":"https:\/\/37.59.242.200\/#organization"},"image":{"@id":"https:\/\/www.kerea.eu\/index.php\/2023\/11\/21\/semaine-europeenne-pour-lemploi-des-personnes-handicapees-2\/#primaryimage"},"thumbnailUrl":"https:\/\/www.kerea.eu\/wp-content\/uploads\/2023\/11\/Fotolia_47879190_S-1.jpg","articleSection":["Sant\u00e9"],"inLanguage":"fr-FR"},{"@type":"WebPage","@id":"https:\/\/www.kerea.eu\/index.php\/2023\/11\/21\/semaine-europeenne-pour-lemploi-des-personnes-handicapees-2\/","url":"https:\/\/www.kerea.eu\/index.php\/2023\/11\/21\/semaine-europeenne-pour-lemploi-des-personnes-handicapees-2\/","name":"Semaine europ\u00e9enne pour l'emploi des personnes handicap\u00e9es","isPartOf":{"@id":"https:\/\/37.59.242.200\/#website"},"primaryImageOfPage":{"@id":"https:\/\/www.kerea.eu\/index.php\/2023\/11\/21\/semaine-europeenne-pour-lemploi-des-personnes-handicapees-2\/#primaryimage"},"image":{"@id":"https:\/\/www.kerea.eu\/index.php\/2023\/11\/21\/semaine-europeenne-pour-lemploi-des-personnes-handicapees-2\/#primaryimage"},"thumbnailUrl":"https:\/\/www.kerea.eu\/wp-content\/uploads\/2023\/11\/Fotolia_47879190_S-1.jpg","datePublished":"2023-11-21T16:02:45+00:00","dateModified":"2024-01-16T08:28:12+00:00","description":"Lancement de la 27\u00e8me Semaine Europ\u00e9enne pour l\u2019Emploi des Personnes Handicap\u00e9es (SEEPH)\u00a0du lundi 20 au dimanche 26 novembre 2023.","breadcrumb":{"@id":"https:\/\/www.kerea.eu\/index.php\/2023\/11\/21\/semaine-europeenne-pour-lemploi-des-personnes-handicapees-2\/#breadcrumb"},"inLanguage":"fr-FR","potentialAction":[{"@type":"ReadAction","target":["https:\/\/www.kerea.eu\/index.php\/2023\/11\/21\/semaine-europeenne-pour-lemploi-des-personnes-handicapees-2\/"]}]},{"@type":"ImageObject","inLanguage":"fr-FR","@id":"https:\/\/www.kerea.eu\/index.php\/2023\/11\/21\/semaine-europeenne-pour-lemploi-des-personnes-handicapees-2\/#primaryimage","url":"https:\/\/www.kerea.eu\/wp-content\/uploads\/2023\/11\/Fotolia_47879190_S-1.jpg","contentUrl":"https:\/\/www.kerea.eu\/wp-content\/uploads\/2023\/11\/Fotolia_47879190_S-1.jpg","width":849,"height":566,"caption":"team work"},{"@type":"BreadcrumbList","@id":"https:\/\/www.kerea.eu\/index.php\/2023\/11\/21\/semaine-europeenne-pour-lemploi-des-personnes-handicapees-2\/#breadcrumb","itemListElement":[{"@type":"ListItem","position":1,"name":"Accueil","item":"https:\/\/www.kerea.eu\/"},{"@type":"ListItem","position":2,"name":"Semaine europ\u00e9enne pour l&#8217;emploi des personnes handicap\u00e9es"}]},{"@type":"WebSite","@id":"https:\/\/37.59.242.200\/#website","url":"https:\/\/37.59.242.200\/","name":"KEREA","description":"Kerea, votre partenaire sant\u00e9 et bien-\u00eatre au travail","publisher":{"@id":"https:\/\/37.59.242.200\/#organization"},"potentialAction":[{"@type":"SearchAction","target":{"@type":"EntryPoint","urlTemplate":"https:\/\/37.59.242.200\/?s={search_term_string}"},"query-input":{"@type":"PropertyValueSpecification","valueRequired":true,"valueName":"search_term_string"}}],"inLanguage":"fr-FR"},{"@type":"Organization","@id":"https:\/\/37.59.242.200\/#organization","name":"KEREA","url":"https:\/\/37.59.242.200\/","logo":{"@type":"ImageObject","inLanguage":"fr-FR","@id":"https:\/\/37.59.242.200\/#\/schema\/logo\/image\/","url":"https:\/\/www.kerea.eu\/wp-content\/uploads\/2025\/12\/logo-kerea.png","contentUrl":"https:\/\/www.kerea.eu\/wp-content\/uploads\/2025\/12\/logo-kerea.png","width":1497,"height":600,"caption":"KEREA"},"image":{"@id":"https:\/\/37.59.242.200\/#\/schema\/logo\/image\/"},"sameAs":["https:\/\/www.linkedin.com\/showcase\/kerea-by-efficience\/"]},{"@type":"Person","@id":"https:\/\/37.59.242.200\/#\/schema\/person\/5396e4c57a7033d620add4e1ee171967","name":"Kerea","url":"https:\/\/www.kerea.eu\/index.php\/author\/admin\/"}]}},"_links":{"self":[{"href":"https:\/\/www.kerea.eu\/index.php\/wp-json\/wp\/v2\/posts\/629174","targetHints":{"allow":["GET"]}}],"collection":[{"href":"https:\/\/www.kerea.eu\/index.php\/wp-json\/wp\/v2\/posts"}],"about":[{"href":"https:\/\/www.kerea.eu\/index.php\/wp-json\/wp\/v2\/types\/post"}],"author":[{"embeddable":true,"href":"https:\/\/www.kerea.eu\/index.php\/wp-json\/wp\/v2\/users\/1"}],"replies":[{"embeddable":true,"href":"https:\/\/www.kerea.eu\/index.php\/wp-json\/wp\/v2\/comments?post=629174"}],"version-history":[{"count":8,"href":"https:\/\/www.kerea.eu\/index.php\/wp-json\/wp\/v2\/posts\/629174\/revisions"}],"predecessor-version":[{"id":645141,"href":"https:\/\/www.kerea.eu\/index.php\/wp-json\/wp\/v2\/posts\/629174\/revisions\/645141"}],"wp:featuredmedia":[{"embeddable":true,"href":"https:\/\/www.kerea.eu\/index.php\/wp-json\/wp\/v2\/media\/629177"}],"wp:attachment":[{"href":"https:\/\/www.kerea.eu\/index.php\/wp-json\/wp\/v2\/media?parent=629174"}],"wp:term":[{"taxonomy":"category","embeddable":true,"href":"https:\/\/www.kerea.eu\/index.php\/wp-json\/wp\/v2\/categories?post=629174"},{"taxonomy":"post_tag","embeddable":true,"href":"https:\/\/www.kerea.eu\/index.php\/wp-json\/wp\/v2\/tags?post=629174"}],"curies":[{"name":"wp","href":"https:\/\/api.w.org\/{rel}","templated":true}]}}