{"id":616545,"date":"2023-11-14T10:04:57","date_gmt":"2023-11-14T10:04:57","guid":{"rendered":"https:\/\/www.kerea.eu\/?p=616545"},"modified":"2023-11-16T09:17:02","modified_gmt":"2023-11-16T09:17:02","slug":"interview-dune-infirmiere-dentreprise","status":"publish","type":"post","link":"https:\/\/www.kerea.eu\/index.php\/2023\/11\/14\/interview-dune-infirmiere-dentreprise\/","title":{"rendered":"Interview d&rsquo;une infirmi\u00e8re d&rsquo;entreprise"},"content":{"rendered":"\t\t<div data-elementor-type=\"wp-post\" data-elementor-id=\"616545\" class=\"elementor elementor-616545\">\n\t\t\t\t\t\t<section class=\"elementor-section elementor-top-section elementor-element elementor-element-bad1370 elementor-section-boxed elementor-section-height-default elementor-section-height-default\" data-id=\"bad1370\" data-element_type=\"section\" data-e-type=\"section\">\n\t\t\t\t\t\t<div class=\"elementor-container elementor-column-gap-default\">\n\t\t\t\t\t<div class=\"elementor-column elementor-col-100 elementor-top-column elementor-element elementor-element-da3c1ff\" data-id=\"da3c1ff\" data-element_type=\"column\" data-e-type=\"column\">\n\t\t\t<div class=\"elementor-widget-wrap elementor-element-populated\">\n\t\t\t\t\t\t<div class=\"elementor-element elementor-element-f9989be elementor-widget elementor-widget-text-editor\" data-id=\"f9989be\" data-element_type=\"widget\" data-e-type=\"widget\" data-widget_type=\"text-editor.default\">\n\t\t\t\t<div class=\"elementor-widget-container\">\n\t\t\t\t\t\t\t\t\t<p>Quelles sont les missions d\u2019une infirmi\u00e8re d\u2019entreprise ? Quel est son r\u00f4le ? Pour r\u00e9pondre \u00e0 ces questions nous sommes all\u00e9s \u00e0 la rencontre de Wanda infirmi\u00e8re d\u2019entreprise chez Technicolor depuis 2 ans.<\/p>\t\t\t\t\t\t\t\t<\/div>\n\t\t\t\t<\/div>\n\t\t\t\t\t<\/div>\n\t\t<\/div>\n\t\t\t\t\t<\/div>\n\t\t<\/section>\n\t\t\t\t<section class=\"elementor-section elementor-top-section elementor-element elementor-element-e32118e elementor-section-boxed elementor-section-height-default elementor-section-height-default\" data-id=\"e32118e\" data-element_type=\"section\" data-e-type=\"section\">\n\t\t\t\t\t\t<div class=\"elementor-container elementor-column-gap-default\">\n\t\t\t\t\t<div class=\"elementor-column elementor-col-100 elementor-top-column elementor-element elementor-element-2d1c132\" data-id=\"2d1c132\" data-element_type=\"column\" data-e-type=\"column\">\n\t\t\t<div class=\"elementor-widget-wrap elementor-element-populated\">\n\t\t\t\t\t\t<div class=\"elementor-element elementor-element-6cea877 elementor-widget elementor-widget-heading\" data-id=\"6cea877\" data-element_type=\"widget\" data-e-type=\"widget\" data-widget_type=\"heading.default\">\n\t\t\t\t<div class=\"elementor-widget-container\">\n\t\t\t\t\t<h2 class=\"elementor-heading-title elementor-size-default\">Quelles sont les missions au c\u0153ur de l\u2019entreprise ? <\/h2>\t\t\t\t<\/div>\n\t\t\t\t<\/div>\n\t\t\t\t<div class=\"elementor-element elementor-element-d79c411 elementor-widget elementor-widget-text-editor\" data-id=\"d79c411\" data-element_type=\"widget\" data-e-type=\"widget\" data-widget_type=\"text-editor.default\">\n\t\t\t\t<div class=\"elementor-widget-container\">\n\t\t\t\t\t\t\t\t\t<p>Mon r\u00f4le est de contribuer au maintien de la sant\u00e9 mentale et physique des salari\u00e9s.<\/p><p>J\u2019ai un \u00e9ventail de missions riches et vari\u00e9es qui comprennent le suivi m\u00e9dical des salari\u00e9s, la pr\u00e9vention des risques professionnels, la coordination de campagnes de sant\u00e9 publique, des interventions en cas d\u2019urgence et la gestion logistiques et administratifs.<\/p><p>Je travaille en \u00e9troite collaboration et sous la responsabilit\u00e9 du m\u00e9decin du travail r\u00e9f\u00e9rant du site.\u00a0<\/p><p>Au cours d\u2019une visite m\u00e9dicale j\u2019interroge le salari\u00e9 sur son mode de vie ainsi que sur son poste de travail. Je l\u2019informe sur les risques qu\u2019il peut rencontrer lors de son travail et je lui donne des conseils et des outils concrets pour les pr\u00e9venir.\u00a0 Je personnalise mon approche en fonction du poste du travail du salari\u00e9.<\/p><p>Je r\u00e9alise \u00e9galement de nombreuses campagnes de pr\u00e9vention au c\u0153ur de l\u2019entreprise comme\u00a0: Octobre Rose ou le mois sans tabac pour sensibiliser les employ\u00e9s.<\/p><p>Je suis aussi disponible pour r\u00e9pondre aux questions spontan\u00e9es des employ\u00e9s.<\/p><p>J\u2019interviens souvent pour soigner des urgences b\u00e9gnine ou parfois plus graves : des malaises ayant besoins de secours ext\u00e9rieur comme les pompiers. Je g\u00e8re le stock de m\u00e9dicament et je v\u00e9rifie les trousses d\u2019urgences.<\/p><p>J\u2019assure \u00e9galement la gestion administrative pour que les salari\u00e9s puissent passer leur visite en temps et en heure, j\u2019ai souvent des entretiens ou des r\u00e9unions avec des responsables ou employ\u00e9s faisant partie des diff\u00e9rentes entit\u00e9s de l\u2019entreprise.<\/p>\t\t\t\t\t\t\t\t<\/div>\n\t\t\t\t<\/div>\n\t\t\t\t<div class=\"elementor-element elementor-element-8e3765d elementor-widget elementor-widget-heading\" data-id=\"8e3765d\" data-element_type=\"widget\" data-e-type=\"widget\" data-widget_type=\"heading.default\">\n\t\t\t\t<div class=\"elementor-widget-container\">\n\t\t\t\t\t<h2 class=\"elementor-heading-title elementor-size-default\">D\u00e9crivez moi votre journ\u00e9e type <\/h2>\t\t\t\t<\/div>\n\t\t\t\t<\/div>\n\t\t\t\t<div class=\"elementor-element elementor-element-2a0072c elementor-widget elementor-widget-image\" data-id=\"2a0072c\" data-element_type=\"widget\" data-e-type=\"widget\" data-widget_type=\"image.default\">\n\t\t\t\t<div class=\"elementor-widget-container\">\n\t\t\t\t\t\t\t\t\t\t\t\t\t\t\t<img fetchpriority=\"high\" decoding=\"async\" width=\"768\" height=\"768\" src=\"https:\/\/www.kerea.eu\/wp-content\/uploads\/2023\/11\/Ma-journee-type-Publication-Instagram-1-1-768x768.png\" class=\"attachment-medium_large size-medium_large wp-image-622925\" alt=\"\" srcset=\"https:\/\/www.kerea.eu\/wp-content\/uploads\/2023\/11\/Ma-journee-type-Publication-Instagram-1-1-768x768.png 768w, https:\/\/www.kerea.eu\/wp-content\/uploads\/2023\/11\/Ma-journee-type-Publication-Instagram-1-1-300x300.png 300w, https:\/\/www.kerea.eu\/wp-content\/uploads\/2023\/11\/Ma-journee-type-Publication-Instagram-1-1-1024x1024.png 1024w, https:\/\/www.kerea.eu\/wp-content\/uploads\/2023\/11\/Ma-journee-type-Publication-Instagram-1-1-150x150.png 150w, https:\/\/www.kerea.eu\/wp-content\/uploads\/2023\/11\/Ma-journee-type-Publication-Instagram-1-1.png 1080w\" sizes=\"(max-width: 768px) 100vw, 768px\" \/>\t\t\t\t\t\t\t\t\t\t\t\t\t\t\t<\/div>\n\t\t\t\t<\/div>\n\t\t\t\t<div class=\"elementor-element elementor-element-2ed95e8 elementor-widget elementor-widget-heading\" data-id=\"2ed95e8\" data-element_type=\"widget\" data-e-type=\"widget\" data-widget_type=\"heading.default\">\n\t\t\t\t<div class=\"elementor-widget-container\">\n\t\t\t\t\t<h2 class=\"elementor-heading-title elementor-size-default\">Une action marquante de 2023 <\/h2>\t\t\t\t<\/div>\n\t\t\t\t<\/div>\n\t\t\t\t<div class=\"elementor-element elementor-element-531efaa elementor-widget elementor-widget-text-editor\" data-id=\"531efaa\" data-element_type=\"widget\" data-e-type=\"widget\" data-widget_type=\"text-editor.default\">\n\t\t\t\t<div class=\"elementor-widget-container\">\n\t\t\t\t\t\t\t\t\t<p>Octobre rose est l&rsquo;action qui m&rsquo;a le plus marqu\u00e9e en 2023. Nous avons organis\u00e9 des ateliers de sensibilisation pour apprendre l&rsquo;auto-palpation et expliquer son utilit\u00e9. Je r\u00e9pondais aux questions des gens, les informais sur le cancer du sein, son d\u00e9pistage et \u00a0je leur remettais de la documentation.\u00a0<\/p>\t\t\t\t\t\t\t\t<\/div>\n\t\t\t\t<\/div>\n\t\t\t\t<div class=\"elementor-element elementor-element-60322b2 elementor-widget elementor-widget-heading\" data-id=\"60322b2\" data-element_type=\"widget\" data-e-type=\"widget\" data-widget_type=\"heading.default\">\n\t\t\t\t<div class=\"elementor-widget-container\">\n\t\t\t\t\t<h2 class=\"elementor-heading-title elementor-size-default\">Qu'est ce qui vous plait dans votre m\u00e9tier ? <\/h2>\t\t\t\t<\/div>\n\t\t\t\t<\/div>\n\t\t\t\t\t<\/div>\n\t\t<\/div>\n\t\t\t\t\t<\/div>\n\t\t<\/section>\n\t\t\t\t<section class=\"elementor-section elementor-top-section elementor-element elementor-element-17dc6af elementor-section-boxed elementor-section-height-default elementor-section-height-default\" data-id=\"17dc6af\" data-element_type=\"section\" data-e-type=\"section\">\n\t\t\t\t\t\t<div class=\"elementor-container elementor-column-gap-default\">\n\t\t\t\t\t<div class=\"elementor-column elementor-col-100 elementor-top-column elementor-element elementor-element-2ab96d5\" data-id=\"2ab96d5\" data-element_type=\"column\" data-e-type=\"column\">\n\t\t\t<div class=\"elementor-widget-wrap elementor-element-populated\">\n\t\t\t\t\t\t<div class=\"elementor-element elementor-element-86c4507 elementor-widget elementor-widget-text-editor\" data-id=\"86c4507\" data-element_type=\"widget\" data-e-type=\"widget\" data-widget_type=\"text-editor.default\">\n\t\t\t\t<div class=\"elementor-widget-container\">\n\t\t\t\t\t\t\t\t\t<p>J&rsquo;aime l&rsquo;autonomie, les diff\u00e9rentes collaborations , l&rsquo;organisation des campagnes de pr\u00e9vention et bien s\u00fbr la proximit\u00e9 avec les salari\u00e9s.<\/p>\t\t\t\t\t\t\t\t<\/div>\n\t\t\t\t<\/div>\n\t\t\t\t\t<\/div>\n\t\t<\/div>\n\t\t\t\t\t<\/div>\n\t\t<\/section>\n\t\t\t\t<\/div>\n\t\t","protected":false},"excerpt":{"rendered":"<p>Quelles sont les missions d\u2019une infirmi\u00e8re d\u2019entreprise ? Quel est son r\u00f4le ? Pour r\u00e9pondre \u00e0 ces questions nous sommes all\u00e9s \u00e0 la rencontre de Wanda infirmi\u00e8re d\u2019entreprise chez Technicolor &#8230; <a title=\"Interview d&rsquo;une infirmi\u00e8re d&rsquo;entreprise\" class=\"read-more\" href=\"https:\/\/www.kerea.eu\/index.php\/2023\/11\/14\/interview-dune-infirmiere-dentreprise\/\" aria-label=\"Read more about Interview d&rsquo;une infirmi\u00e8re d&rsquo;entreprise\">Lire la suite<\/a><\/p>\n","protected":false},"author":1,"featured_media":619767,"comment_status":"closed","ping_status":"closed","sticky":false,"template":"","format":"standard","meta":{"_monsterinsights_skip_tracking":false,"_monsterinsights_sitenote_active":false,"_monsterinsights_sitenote_note":"","_monsterinsights_sitenote_category":0,"footnotes":""},"categories":[1],"tags":[],"class_list":["post-616545","post","type-post","status-publish","format-standard","has-post-thumbnail","hentry","category-sante"],"yoast_head":"<!-- This site is optimized with the Yoast SEO plugin v27.5 - https:\/\/yoast.com\/product\/yoast-seo-wordpress\/ -->\n<title>Interview d&#039;une infirmi\u00e8re d&#039;entreprise - KEREA<\/title>\n<meta name=\"description\" content=\"Quelles sont les missions d\u2019une infirmi\u00e8re d\u2019entreprise ? quel est son r\u00f4le ? Pour r\u00e9pondre \u00e0 ces questions nous sommes all\u00e9s \u00e0 la rencontre\" \/>\n<meta name=\"robots\" content=\"index, follow, max-snippet:-1, max-image-preview:large, max-video-preview:-1\" \/>\n<link rel=\"canonical\" href=\"https:\/\/www.kerea.eu\/index.php\/2023\/11\/14\/interview-dune-infirmiere-dentreprise\/\" \/>\n<meta property=\"og:locale\" content=\"fr_FR\" \/>\n<meta property=\"og:type\" content=\"article\" \/>\n<meta property=\"og:title\" content=\"Interview d&#039;une infirmi\u00e8re d&#039;entreprise - KEREA\" \/>\n<meta property=\"og:description\" content=\"Quelles sont les missions d\u2019une infirmi\u00e8re d\u2019entreprise ? quel est son r\u00f4le ? Pour r\u00e9pondre \u00e0 ces questions nous sommes all\u00e9s \u00e0 la rencontre\" \/>\n<meta property=\"og:url\" content=\"https:\/\/www.kerea.eu\/index.php\/2023\/11\/14\/interview-dune-infirmiere-dentreprise\/\" \/>\n<meta property=\"og:site_name\" content=\"KEREA\" \/>\n<meta property=\"article:published_time\" content=\"2023-11-14T10:04:57+00:00\" \/>\n<meta property=\"article:modified_time\" content=\"2023-11-16T09:17:02+00:00\" \/>\n<meta property=\"og:image\" content=\"https:\/\/www.kerea.eu\/wp-content\/uploads\/2023\/11\/visite-infirmiere.jpg\" \/>\n\t<meta property=\"og:image:width\" content=\"900\" \/>\n\t<meta property=\"og:image:height\" content=\"584\" \/>\n\t<meta property=\"og:image:type\" content=\"image\/jpeg\" \/>\n<meta name=\"author\" content=\"Kerea\" \/>\n<meta name=\"twitter:card\" content=\"summary_large_image\" \/>\n<meta name=\"twitter:label1\" content=\"\u00c9crit par\" \/>\n\t<meta name=\"twitter:data1\" content=\"Kerea\" \/>\n\t<meta name=\"twitter:label2\" content=\"Dur\u00e9e de lecture estim\u00e9e\" \/>\n\t<meta name=\"twitter:data2\" content=\"3 minutes\" \/>\n<script type=\"application\/ld+json\" class=\"yoast-schema-graph\">{\"@context\":\"https:\\\/\\\/schema.org\",\"@graph\":[{\"@type\":\"Article\",\"@id\":\"https:\\\/\\\/www.kerea.eu\\\/index.php\\\/2023\\\/11\\\/14\\\/interview-dune-infirmiere-dentreprise\\\/#article\",\"isPartOf\":{\"@id\":\"https:\\\/\\\/www.kerea.eu\\\/index.php\\\/2023\\\/11\\\/14\\\/interview-dune-infirmiere-dentreprise\\\/\"},\"author\":{\"name\":\"Kerea\",\"@id\":\"https:\\\/\\\/37.59.242.200\\\/#\\\/schema\\\/person\\\/5396e4c57a7033d620add4e1ee171967\"},\"headline\":\"Interview d&rsquo;une infirmi\u00e8re d&rsquo;entreprise\",\"datePublished\":\"2023-11-14T10:04:57+00:00\",\"dateModified\":\"2023-11-16T09:17:02+00:00\",\"mainEntityOfPage\":{\"@id\":\"https:\\\/\\\/www.kerea.eu\\\/index.php\\\/2023\\\/11\\\/14\\\/interview-dune-infirmiere-dentreprise\\\/\"},\"wordCount\":422,\"publisher\":{\"@id\":\"https:\\\/\\\/37.59.242.200\\\/#organization\"},\"image\":{\"@id\":\"https:\\\/\\\/www.kerea.eu\\\/index.php\\\/2023\\\/11\\\/14\\\/interview-dune-infirmiere-dentreprise\\\/#primaryimage\"},\"thumbnailUrl\":\"https:\\\/\\\/www.kerea.eu\\\/wp-content\\\/uploads\\\/2023\\\/11\\\/visite-infirmiere.jpg\",\"articleSection\":[\"Sant\u00e9\"],\"inLanguage\":\"fr-FR\"},{\"@type\":\"WebPage\",\"@id\":\"https:\\\/\\\/www.kerea.eu\\\/index.php\\\/2023\\\/11\\\/14\\\/interview-dune-infirmiere-dentreprise\\\/\",\"url\":\"https:\\\/\\\/www.kerea.eu\\\/index.php\\\/2023\\\/11\\\/14\\\/interview-dune-infirmiere-dentreprise\\\/\",\"name\":\"Interview d'une infirmi\u00e8re d'entreprise - KEREA\",\"isPartOf\":{\"@id\":\"https:\\\/\\\/37.59.242.200\\\/#website\"},\"primaryImageOfPage\":{\"@id\":\"https:\\\/\\\/www.kerea.eu\\\/index.php\\\/2023\\\/11\\\/14\\\/interview-dune-infirmiere-dentreprise\\\/#primaryimage\"},\"image\":{\"@id\":\"https:\\\/\\\/www.kerea.eu\\\/index.php\\\/2023\\\/11\\\/14\\\/interview-dune-infirmiere-dentreprise\\\/#primaryimage\"},\"thumbnailUrl\":\"https:\\\/\\\/www.kerea.eu\\\/wp-content\\\/uploads\\\/2023\\\/11\\\/visite-infirmiere.jpg\",\"datePublished\":\"2023-11-14T10:04:57+00:00\",\"dateModified\":\"2023-11-16T09:17:02+00:00\",\"description\":\"Quelles sont les missions d\u2019une infirmi\u00e8re d\u2019entreprise ? quel est son r\u00f4le ? Pour r\u00e9pondre \u00e0 ces questions nous sommes all\u00e9s \u00e0 la rencontre\",\"breadcrumb\":{\"@id\":\"https:\\\/\\\/www.kerea.eu\\\/index.php\\\/2023\\\/11\\\/14\\\/interview-dune-infirmiere-dentreprise\\\/#breadcrumb\"},\"inLanguage\":\"fr-FR\",\"potentialAction\":[{\"@type\":\"ReadAction\",\"target\":[\"https:\\\/\\\/www.kerea.eu\\\/index.php\\\/2023\\\/11\\\/14\\\/interview-dune-infirmiere-dentreprise\\\/\"]}]},{\"@type\":\"ImageObject\",\"inLanguage\":\"fr-FR\",\"@id\":\"https:\\\/\\\/www.kerea.eu\\\/index.php\\\/2023\\\/11\\\/14\\\/interview-dune-infirmiere-dentreprise\\\/#primaryimage\",\"url\":\"https:\\\/\\\/www.kerea.eu\\\/wp-content\\\/uploads\\\/2023\\\/11\\\/visite-infirmiere.jpg\",\"contentUrl\":\"https:\\\/\\\/www.kerea.eu\\\/wp-content\\\/uploads\\\/2023\\\/11\\\/visite-infirmiere.jpg\",\"width\":900,\"height\":584},{\"@type\":\"BreadcrumbList\",\"@id\":\"https:\\\/\\\/www.kerea.eu\\\/index.php\\\/2023\\\/11\\\/14\\\/interview-dune-infirmiere-dentreprise\\\/#breadcrumb\",\"itemListElement\":[{\"@type\":\"ListItem\",\"position\":1,\"name\":\"Accueil\",\"item\":\"https:\\\/\\\/www.kerea.eu\\\/\"},{\"@type\":\"ListItem\",\"position\":2,\"name\":\"Interview d&rsquo;une infirmi\u00e8re d&rsquo;entreprise\"}]},{\"@type\":\"WebSite\",\"@id\":\"https:\\\/\\\/37.59.242.200\\\/#website\",\"url\":\"https:\\\/\\\/37.59.242.200\\\/\",\"name\":\"KEREA\",\"description\":\"Kerea, votre partenaire sant\u00e9 et bien-\u00eatre au travail\",\"publisher\":{\"@id\":\"https:\\\/\\\/37.59.242.200\\\/#organization\"},\"potentialAction\":[{\"@type\":\"SearchAction\",\"target\":{\"@type\":\"EntryPoint\",\"urlTemplate\":\"https:\\\/\\\/37.59.242.200\\\/?s={search_term_string}\"},\"query-input\":{\"@type\":\"PropertyValueSpecification\",\"valueRequired\":true,\"valueName\":\"search_term_string\"}}],\"inLanguage\":\"fr-FR\"},{\"@type\":\"Organization\",\"@id\":\"https:\\\/\\\/37.59.242.200\\\/#organization\",\"name\":\"KEREA\",\"url\":\"https:\\\/\\\/37.59.242.200\\\/\",\"logo\":{\"@type\":\"ImageObject\",\"inLanguage\":\"fr-FR\",\"@id\":\"https:\\\/\\\/37.59.242.200\\\/#\\\/schema\\\/logo\\\/image\\\/\",\"url\":\"https:\\\/\\\/www.kerea.eu\\\/wp-content\\\/uploads\\\/2025\\\/12\\\/logo-kerea.png\",\"contentUrl\":\"https:\\\/\\\/www.kerea.eu\\\/wp-content\\\/uploads\\\/2025\\\/12\\\/logo-kerea.png\",\"width\":1497,\"height\":600,\"caption\":\"KEREA\"},\"image\":{\"@id\":\"https:\\\/\\\/37.59.242.200\\\/#\\\/schema\\\/logo\\\/image\\\/\"},\"sameAs\":[\"https:\\\/\\\/www.linkedin.com\\\/showcase\\\/kerea-by-efficience\\\/\"]},{\"@type\":\"Person\",\"@id\":\"https:\\\/\\\/37.59.242.200\\\/#\\\/schema\\\/person\\\/5396e4c57a7033d620add4e1ee171967\",\"name\":\"Kerea\",\"url\":\"https:\\\/\\\/www.kerea.eu\\\/index.php\\\/author\\\/admin\\\/\"}]}<\/script>\n<!-- \/ Yoast SEO plugin. -->","yoast_head_json":{"title":"Interview d'une infirmi\u00e8re d'entreprise - KEREA","description":"Quelles sont les missions d\u2019une infirmi\u00e8re d\u2019entreprise ? quel est son r\u00f4le ? Pour r\u00e9pondre \u00e0 ces questions nous sommes all\u00e9s \u00e0 la rencontre","robots":{"index":"index","follow":"follow","max-snippet":"max-snippet:-1","max-image-preview":"max-image-preview:large","max-video-preview":"max-video-preview:-1"},"canonical":"https:\/\/www.kerea.eu\/index.php\/2023\/11\/14\/interview-dune-infirmiere-dentreprise\/","og_locale":"fr_FR","og_type":"article","og_title":"Interview d'une infirmi\u00e8re d'entreprise - KEREA","og_description":"Quelles sont les missions d\u2019une infirmi\u00e8re d\u2019entreprise ? quel est son r\u00f4le ? Pour r\u00e9pondre \u00e0 ces questions nous sommes all\u00e9s \u00e0 la rencontre","og_url":"https:\/\/www.kerea.eu\/index.php\/2023\/11\/14\/interview-dune-infirmiere-dentreprise\/","og_site_name":"KEREA","article_published_time":"2023-11-14T10:04:57+00:00","article_modified_time":"2023-11-16T09:17:02+00:00","og_image":[{"width":900,"height":584,"url":"https:\/\/www.kerea.eu\/wp-content\/uploads\/2023\/11\/visite-infirmiere.jpg","type":"image\/jpeg"}],"author":"Kerea","twitter_card":"summary_large_image","twitter_misc":{"\u00c9crit par":"Kerea","Dur\u00e9e de lecture estim\u00e9e":"3 minutes"},"schema":{"@context":"https:\/\/schema.org","@graph":[{"@type":"Article","@id":"https:\/\/www.kerea.eu\/index.php\/2023\/11\/14\/interview-dune-infirmiere-dentreprise\/#article","isPartOf":{"@id":"https:\/\/www.kerea.eu\/index.php\/2023\/11\/14\/interview-dune-infirmiere-dentreprise\/"},"author":{"name":"Kerea","@id":"https:\/\/37.59.242.200\/#\/schema\/person\/5396e4c57a7033d620add4e1ee171967"},"headline":"Interview d&rsquo;une infirmi\u00e8re d&rsquo;entreprise","datePublished":"2023-11-14T10:04:57+00:00","dateModified":"2023-11-16T09:17:02+00:00","mainEntityOfPage":{"@id":"https:\/\/www.kerea.eu\/index.php\/2023\/11\/14\/interview-dune-infirmiere-dentreprise\/"},"wordCount":422,"publisher":{"@id":"https:\/\/37.59.242.200\/#organization"},"image":{"@id":"https:\/\/www.kerea.eu\/index.php\/2023\/11\/14\/interview-dune-infirmiere-dentreprise\/#primaryimage"},"thumbnailUrl":"https:\/\/www.kerea.eu\/wp-content\/uploads\/2023\/11\/visite-infirmiere.jpg","articleSection":["Sant\u00e9"],"inLanguage":"fr-FR"},{"@type":"WebPage","@id":"https:\/\/www.kerea.eu\/index.php\/2023\/11\/14\/interview-dune-infirmiere-dentreprise\/","url":"https:\/\/www.kerea.eu\/index.php\/2023\/11\/14\/interview-dune-infirmiere-dentreprise\/","name":"Interview d'une infirmi\u00e8re d'entreprise - KEREA","isPartOf":{"@id":"https:\/\/37.59.242.200\/#website"},"primaryImageOfPage":{"@id":"https:\/\/www.kerea.eu\/index.php\/2023\/11\/14\/interview-dune-infirmiere-dentreprise\/#primaryimage"},"image":{"@id":"https:\/\/www.kerea.eu\/index.php\/2023\/11\/14\/interview-dune-infirmiere-dentreprise\/#primaryimage"},"thumbnailUrl":"https:\/\/www.kerea.eu\/wp-content\/uploads\/2023\/11\/visite-infirmiere.jpg","datePublished":"2023-11-14T10:04:57+00:00","dateModified":"2023-11-16T09:17:02+00:00","description":"Quelles sont les missions d\u2019une infirmi\u00e8re d\u2019entreprise ? quel est son r\u00f4le ? Pour r\u00e9pondre \u00e0 ces questions nous sommes all\u00e9s \u00e0 la rencontre","breadcrumb":{"@id":"https:\/\/www.kerea.eu\/index.php\/2023\/11\/14\/interview-dune-infirmiere-dentreprise\/#breadcrumb"},"inLanguage":"fr-FR","potentialAction":[{"@type":"ReadAction","target":["https:\/\/www.kerea.eu\/index.php\/2023\/11\/14\/interview-dune-infirmiere-dentreprise\/"]}]},{"@type":"ImageObject","inLanguage":"fr-FR","@id":"https:\/\/www.kerea.eu\/index.php\/2023\/11\/14\/interview-dune-infirmiere-dentreprise\/#primaryimage","url":"https:\/\/www.kerea.eu\/wp-content\/uploads\/2023\/11\/visite-infirmiere.jpg","contentUrl":"https:\/\/www.kerea.eu\/wp-content\/uploads\/2023\/11\/visite-infirmiere.jpg","width":900,"height":584},{"@type":"BreadcrumbList","@id":"https:\/\/www.kerea.eu\/index.php\/2023\/11\/14\/interview-dune-infirmiere-dentreprise\/#breadcrumb","itemListElement":[{"@type":"ListItem","position":1,"name":"Accueil","item":"https:\/\/www.kerea.eu\/"},{"@type":"ListItem","position":2,"name":"Interview d&rsquo;une infirmi\u00e8re d&rsquo;entreprise"}]},{"@type":"WebSite","@id":"https:\/\/37.59.242.200\/#website","url":"https:\/\/37.59.242.200\/","name":"KEREA","description":"Kerea, votre partenaire sant\u00e9 et bien-\u00eatre au travail","publisher":{"@id":"https:\/\/37.59.242.200\/#organization"},"potentialAction":[{"@type":"SearchAction","target":{"@type":"EntryPoint","urlTemplate":"https:\/\/37.59.242.200\/?s={search_term_string}"},"query-input":{"@type":"PropertyValueSpecification","valueRequired":true,"valueName":"search_term_string"}}],"inLanguage":"fr-FR"},{"@type":"Organization","@id":"https:\/\/37.59.242.200\/#organization","name":"KEREA","url":"https:\/\/37.59.242.200\/","logo":{"@type":"ImageObject","inLanguage":"fr-FR","@id":"https:\/\/37.59.242.200\/#\/schema\/logo\/image\/","url":"https:\/\/www.kerea.eu\/wp-content\/uploads\/2025\/12\/logo-kerea.png","contentUrl":"https:\/\/www.kerea.eu\/wp-content\/uploads\/2025\/12\/logo-kerea.png","width":1497,"height":600,"caption":"KEREA"},"image":{"@id":"https:\/\/37.59.242.200\/#\/schema\/logo\/image\/"},"sameAs":["https:\/\/www.linkedin.com\/showcase\/kerea-by-efficience\/"]},{"@type":"Person","@id":"https:\/\/37.59.242.200\/#\/schema\/person\/5396e4c57a7033d620add4e1ee171967","name":"Kerea","url":"https:\/\/www.kerea.eu\/index.php\/author\/admin\/"}]}},"_links":{"self":[{"href":"https:\/\/www.kerea.eu\/index.php\/wp-json\/wp\/v2\/posts\/616545","targetHints":{"allow":["GET"]}}],"collection":[{"href":"https:\/\/www.kerea.eu\/index.php\/wp-json\/wp\/v2\/posts"}],"about":[{"href":"https:\/\/www.kerea.eu\/index.php\/wp-json\/wp\/v2\/types\/post"}],"author":[{"embeddable":true,"href":"https:\/\/www.kerea.eu\/index.php\/wp-json\/wp\/v2\/users\/1"}],"replies":[{"embeddable":true,"href":"https:\/\/www.kerea.eu\/index.php\/wp-json\/wp\/v2\/comments?post=616545"}],"version-history":[{"count":40,"href":"https:\/\/www.kerea.eu\/index.php\/wp-json\/wp\/v2\/posts\/616545\/revisions"}],"predecessor-version":[{"id":622929,"href":"https:\/\/www.kerea.eu\/index.php\/wp-json\/wp\/v2\/posts\/616545\/revisions\/622929"}],"wp:featuredmedia":[{"embeddable":true,"href":"https:\/\/www.kerea.eu\/index.php\/wp-json\/wp\/v2\/media\/619767"}],"wp:attachment":[{"href":"https:\/\/www.kerea.eu\/index.php\/wp-json\/wp\/v2\/media?parent=616545"}],"wp:term":[{"taxonomy":"category","embeddable":true,"href":"https:\/\/www.kerea.eu\/index.php\/wp-json\/wp\/v2\/categories?post=616545"},{"taxonomy":"post_tag","embeddable":true,"href":"https:\/\/www.kerea.eu\/index.php\/wp-json\/wp\/v2\/tags?post=616545"}],"curies":[{"name":"wp","href":"https:\/\/api.w.org\/{rel}","templated":true}]}}