{"id":593883,"date":"2023-06-28T07:11:24","date_gmt":"2023-06-28T07:11:24","guid":{"rendered":"https:\/\/www.kerea.eu\/?p=593883"},"modified":"2023-06-28T14:45:47","modified_gmt":"2023-06-28T14:45:47","slug":"soleil-et-uv-webinaire","status":"publish","type":"post","link":"https:\/\/www.kerea.eu\/index.php\/2023\/06\/28\/soleil-et-uv-webinaire\/","title":{"rendered":"Soleil et UV webinaire"},"content":{"rendered":"\t\t<div data-elementor-type=\"wp-post\" data-elementor-id=\"593883\" class=\"elementor elementor-593883\">\n\t\t\t\t\t\t<section class=\"elementor-section elementor-top-section elementor-element elementor-element-8d2ce77 elementor-section-boxed elementor-section-height-default elementor-section-height-default\" data-id=\"8d2ce77\" data-element_type=\"section\" data-e-type=\"section\">\n\t\t\t\t\t\t<div class=\"elementor-container elementor-column-gap-default\">\n\t\t\t\t\t<div class=\"elementor-column elementor-col-100 elementor-top-column elementor-element elementor-element-3f015a8\" data-id=\"3f015a8\" data-element_type=\"column\" data-e-type=\"column\">\n\t\t\t<div class=\"elementor-widget-wrap elementor-element-populated\">\n\t\t\t\t\t\t<div class=\"elementor-element elementor-element-e228e09 elementor-widget elementor-widget-text-editor\" data-id=\"e228e09\" data-element_type=\"widget\" data-e-type=\"widget\" data-widget_type=\"text-editor.default\">\n\t\t\t\t<div class=\"elementor-widget-container\">\n\t\t\t\t\t\t\t\t\t<p>Webinaire \u201cSOLEIL ET UV, comment pr\u00e9venir les risques au travail et sur la plage ?\u201d en partenariat avec l\u2019association <a href=\"https:\/\/www.linkedin.com\/company\/securite-solaire\/\" data-attribute-index=\"0\" data-entity-type=\"MINI_COMPANY\">SECURITE SOLAIRE.<\/a><br \/>L\u2019\u00e9t\u00e9 marque le d\u00e9but de la p\u00e9riode des terrasses entre amis, les sorties au bord de la mer, les voyages et bien \u00e9videmment le soleil qui rayonne de mille feux (Attention \u00e0 ne pas se br\u00fbler).<br \/>Le soleil est indispensable \u00e0 la vie sur Terre. A petites doses, ses rayons nous sont tout \u00e0 fait b\u00e9n\u00e9fiques (synth\u00e8se de vitamine D, sensations de bien-\u00eatre, etc.).<br \/>Mais \u00e0 trop s\u2019y exposer, le soleil pr\u00e9sente aussi des risques pour la sant\u00e9, principalement pour notre peau et nos yeux.<br \/>Il ne faut pas n\u00e9gliger non plus les expositions professionnelles\u2026<br \/>Pourtant les risques sont bien l\u00e0 et leurs cons\u00e9quences peuvent \u00eatre tr\u00e8s graves<br \/>Pour vous accompagner dans la compr\u00e9hension de ces enjeux et la pr\u00e9vention de ces risques, nous vous invitons donc \u00e0 participer \u00e0 notre webinaire \u201cSOLEIL ET UV, comment pr\u00e9venir les risques au travail et sur la plage ?\u201d en partenariat avec l\u2019association <a href=\"https:\/\/www.linkedin.com\/company\/securite-solaire\/\" data-attribute-index=\"2\" data-entity-type=\"MINI_COMPANY\">SECURITE SOLAIRE<\/a>.<\/p><p><strong>Quand aura-t-il lieu ?<\/strong><\/p><p>Le mardi 4 juillet \u00e0 16h30.<\/p><p><strong>Quel est l\u2019objectif de ce webinaire ?<\/strong><\/p><p>Ce webinaire vise \u00e0 sensibiliser et \u00e0 informer les participants sur les effets n\u00e9fastes des UV et \u00e0 fournir des conseils pratiques pour minimiser les risques. Nous aborderons des sujets tels que :<\/p><p>\u2013 Le rayonnement solaire<br \/>\u2013 Ses effets sur la sant\u00e9<br \/>\u2013 Les conseils pratiques et les moyens de protection<br \/>\u2013 Les sp\u00e9cificit\u00e9s des expositions et protections professionnelles<br \/>\u2013 Des pistes d\u2019action de pr\u00e9vention<\/p><p><strong>Comment y participer ?<\/strong><\/p><p>Inscrivez-vous d\u00e8s maintenant en cliquant sur le bouton ci-dessous.<\/p>\t\t\t\t\t\t\t\t<\/div>\n\t\t\t\t<\/div>\n\t\t\t\t<div class=\"elementor-element elementor-element-cef133f elementor-widget elementor-widget-button\" data-id=\"cef133f\" data-element_type=\"widget\" data-e-type=\"widget\" data-widget_type=\"button.default\">\n\t\t\t\t<div class=\"elementor-widget-container\">\n\t\t\t\t\t\t\t\t\t<div class=\"elementor-button-wrapper\">\n\t\t\t\t\t<a class=\"elementor-button elementor-button-link elementor-size-sm\" href=\"https:\/\/www.preventica.com\/webi-details.php?webinar=582\">\n\t\t\t\t\t\t<span class=\"elementor-button-content-wrapper\">\n\t\t\t\t\t\t\t\t\t<span class=\"elementor-button-text\">Inscription au webinaire <\/span>\n\t\t\t\t\t<\/span>\n\t\t\t\t\t<\/a>\n\t\t\t\t<\/div>\n\t\t\t\t\t\t\t\t<\/div>\n\t\t\t\t<\/div>\n\t\t\t\t\t<\/div>\n\t\t<\/div>\n\t\t\t\t\t<\/div>\n\t\t<\/section>\n\t\t\t\t<section class=\"elementor-section elementor-top-section elementor-element elementor-element-f37b3eb elementor-section-boxed elementor-section-height-default elementor-section-height-default\" data-id=\"f37b3eb\" data-element_type=\"section\" data-e-type=\"section\">\n\t\t\t\t\t\t<div class=\"elementor-container elementor-column-gap-default\">\n\t\t\t\t\t<div class=\"elementor-column elementor-col-100 elementor-top-column elementor-element elementor-element-b67b4b1\" data-id=\"b67b4b1\" data-element_type=\"column\" data-e-type=\"column\">\n\t\t\t<div class=\"elementor-widget-wrap elementor-element-populated\">\n\t\t\t\t\t\t<div class=\"elementor-element elementor-element-5785659 elementor-widget elementor-widget-text-editor\" data-id=\"5785659\" data-element_type=\"widget\" data-e-type=\"widget\" data-widget_type=\"text-editor.default\">\n\t\t\t\t<div class=\"elementor-widget-container\">\n\t\t\t\t\t\t\t\t\t<p><strong>Pour en savoir plus<\/strong><\/p>\t\t\t\t\t\t\t\t<\/div>\n\t\t\t\t<\/div>\n\t\t\t\t\t<\/div>\n\t\t<\/div>\n\t\t\t\t\t<\/div>\n\t\t<\/section>\n\t\t\t\t<section class=\"elementor-section elementor-top-section elementor-element elementor-element-d1285dd elementor-section-boxed elementor-section-height-default elementor-section-height-default\" data-id=\"d1285dd\" data-element_type=\"section\" data-e-type=\"section\">\n\t\t\t\t\t\t<div class=\"elementor-container elementor-column-gap-default\">\n\t\t\t\t\t<div class=\"elementor-column elementor-col-50 elementor-top-column elementor-element elementor-element-a64648e\" data-id=\"a64648e\" data-element_type=\"column\" data-e-type=\"column\">\n\t\t\t<div class=\"elementor-widget-wrap elementor-element-populated\">\n\t\t\t\t\t\t<div class=\"elementor-element elementor-element-8da2a07 elementor-align-right elementor-widget elementor-widget-button\" data-id=\"8da2a07\" data-element_type=\"widget\" data-e-type=\"widget\" data-widget_type=\"button.default\">\n\t\t\t\t<div class=\"elementor-widget-container\">\n\t\t\t\t\t\t\t\t\t<div class=\"elementor-button-wrapper\">\n\t\t\t\t\t<a class=\"elementor-button elementor-button-link elementor-size-sm\" href=\"https:\/\/www.efficience-santeautravail.org\/wp-content\/uploads\/2022\/06\/Fortes-chaleurs-chef-dentreprise-1.pdf\">\n\t\t\t\t\t\t<span class=\"elementor-button-content-wrapper\">\n\t\t\t\t\t\t\t\t\t<span class=\"elementor-button-text\">Canicule, comment prot\u00e9ger vos salari\u00e9s ?<\/span>\n\t\t\t\t\t<\/span>\n\t\t\t\t\t<\/a>\n\t\t\t\t<\/div>\n\t\t\t\t\t\t\t\t<\/div>\n\t\t\t\t<\/div>\n\t\t\t\t\t<\/div>\n\t\t<\/div>\n\t\t\t\t<div class=\"elementor-column elementor-col-50 elementor-top-column elementor-element elementor-element-208cb0a\" data-id=\"208cb0a\" data-element_type=\"column\" data-e-type=\"column\">\n\t\t\t<div class=\"elementor-widget-wrap elementor-element-populated\">\n\t\t\t\t\t\t<div class=\"elementor-element elementor-element-091f307 elementor-align-left elementor-widget elementor-widget-button\" data-id=\"091f307\" data-element_type=\"widget\" data-e-type=\"widget\" data-widget_type=\"button.default\">\n\t\t\t\t<div class=\"elementor-widget-container\">\n\t\t\t\t\t\t\t\t\t<div class=\"elementor-button-wrapper\">\n\t\t\t\t\t<a class=\"elementor-button elementor-button-link elementor-size-sm\" href=\"https:\/\/www.efficience-santeautravail.org\/wp-content\/uploads\/2022\/06\/Fortes-chaleurs-salarie-1.pdf\">\n\t\t\t\t\t\t<span class=\"elementor-button-content-wrapper\">\n\t\t\t\t\t\t\t\t\t<span class=\"elementor-button-text\">Canicule, un flyer pour vos salari\u00e9s<\/span>\n\t\t\t\t\t<\/span>\n\t\t\t\t\t<\/a>\n\t\t\t\t<\/div>\n\t\t\t\t\t\t\t\t<\/div>\n\t\t\t\t<\/div>\n\t\t\t\t\t<\/div>\n\t\t<\/div>\n\t\t\t\t\t<\/div>\n\t\t<\/section>\n\t\t\t\t<section class=\"elementor-section elementor-top-section elementor-element elementor-element-23802c9 elementor-section-boxed elementor-section-height-default elementor-section-height-default\" data-id=\"23802c9\" data-element_type=\"section\" data-e-type=\"section\">\n\t\t\t\t\t\t<div class=\"elementor-container elementor-column-gap-default\">\n\t\t\t\t\t<div class=\"elementor-column elementor-col-50 elementor-top-column elementor-element elementor-element-9a423af\" data-id=\"9a423af\" data-element_type=\"column\" data-e-type=\"column\">\n\t\t\t<div class=\"elementor-widget-wrap elementor-element-populated\">\n\t\t\t\t\t\t<div class=\"elementor-element elementor-element-8eec1d9 elementor-align-right elementor-widget elementor-widget-button\" data-id=\"8eec1d9\" data-element_type=\"widget\" data-e-type=\"widget\" data-widget_type=\"button.default\">\n\t\t\t\t<div class=\"elementor-widget-container\">\n\t\t\t\t\t\t\t\t\t<div class=\"elementor-button-wrapper\">\n\t\t\t\t\t<a class=\"elementor-button elementor-button-link elementor-size-sm\" href=\"https:\/\/www.inrs.fr\/publications\/essentiels\/travail-forte-chaleur.html\">\n\t\t\t\t\t\t<span class=\"elementor-button-content-wrapper\">\n\t\t\t\t\t\t\t\t\t<span class=\"elementor-button-text\">Travailler par forte chaleur \u2013 Adoptez les bons reflexes<\/span>\n\t\t\t\t\t<\/span>\n\t\t\t\t\t<\/a>\n\t\t\t\t<\/div>\n\t\t\t\t\t\t\t\t<\/div>\n\t\t\t\t<\/div>\n\t\t\t\t\t<\/div>\n\t\t<\/div>\n\t\t\t\t<div class=\"elementor-column elementor-col-50 elementor-top-column elementor-element elementor-element-585fb7c\" data-id=\"585fb7c\" data-element_type=\"column\" data-e-type=\"column\">\n\t\t\t<div class=\"elementor-widget-wrap elementor-element-populated\">\n\t\t\t\t\t\t<div class=\"elementor-element elementor-element-f543f6b elementor-align-left elementor-widget elementor-widget-button\" data-id=\"f543f6b\" data-element_type=\"widget\" data-e-type=\"widget\" data-widget_type=\"button.default\">\n\t\t\t\t<div class=\"elementor-widget-container\">\n\t\t\t\t\t\t\t\t\t<div class=\"elementor-button-wrapper\">\n\t\t\t\t\t<a class=\"elementor-button elementor-button-link elementor-size-sm\" href=\"https:\/\/www.santepubliquefrance.fr\/determinants-de-sante\/climat\/fortes-chaleurs-canicule\/outils\/#tabs\">\n\t\t\t\t\t\t<span class=\"elementor-button-content-wrapper\">\n\t\t\t\t\t\t\t\t\t<span class=\"elementor-button-text\">Affiches \u2013 Fortes chaleurs, prot\u00e9gez-vous<\/span>\n\t\t\t\t\t<\/span>\n\t\t\t\t\t<\/a>\n\t\t\t\t<\/div>\n\t\t\t\t\t\t\t\t<\/div>\n\t\t\t\t<\/div>\n\t\t\t\t\t<\/div>\n\t\t<\/div>\n\t\t\t\t\t<\/div>\n\t\t<\/section>\n\t\t\t\t<\/div>\n\t\t","protected":false},"excerpt":{"rendered":"<p>Webinaire \u201cSOLEIL ET UV, comment pr\u00e9venir les risques au travail et sur la plage ?\u201d en partenariat avec l\u2019association SECURITE SOLAIRE. L\u2019\u00e9t\u00e9 marque le d\u00e9but de la p\u00e9riode des terrasses &#8230; <a title=\"Soleil et UV webinaire\" class=\"read-more\" href=\"https:\/\/www.kerea.eu\/index.php\/2023\/06\/28\/soleil-et-uv-webinaire\/\" aria-label=\"Read more about Soleil et UV webinaire\">Lire la suite<\/a><\/p>\n","protected":false},"author":1,"featured_media":593912,"comment_status":"closed","ping_status":"closed","sticky":false,"template":"","format":"standard","meta":{"_monsterinsights_skip_tracking":false,"_monsterinsights_sitenote_active":false,"_monsterinsights_sitenote_note":"","_monsterinsights_sitenote_category":0,"footnotes":""},"categories":[1],"tags":[],"class_list":["post-593883","post","type-post","status-publish","format-standard","has-post-thumbnail","hentry","category-sante"],"yoast_head":"<!-- This site is optimized with the Yoast SEO plugin v27.5 - https:\/\/yoast.com\/product\/yoast-seo-wordpress\/ -->\n<title>Soleil et UV webinaire - KEREA<\/title>\n<meta name=\"description\" content=\"Webinaire \u201cSOLEIL ET UV, comment pr\u00e9venir les risques au travail et sur la plage ?\u201d en partenariat avec l\u2019association SECURITE SOLAIRE\" \/>\n<meta name=\"robots\" content=\"index, follow, max-snippet:-1, max-image-preview:large, max-video-preview:-1\" \/>\n<link rel=\"canonical\" href=\"https:\/\/www.kerea.eu\/index.php\/2023\/06\/28\/soleil-et-uv-webinaire\/\" \/>\n<meta property=\"og:locale\" content=\"fr_FR\" \/>\n<meta property=\"og:type\" content=\"article\" \/>\n<meta property=\"og:title\" content=\"Soleil et UV webinaire - KEREA\" \/>\n<meta property=\"og:description\" content=\"Webinaire \u201cSOLEIL ET UV, comment pr\u00e9venir les risques au travail et sur la plage ?\u201d en partenariat avec l\u2019association SECURITE SOLAIRE\" \/>\n<meta property=\"og:url\" content=\"https:\/\/www.kerea.eu\/index.php\/2023\/06\/28\/soleil-et-uv-webinaire\/\" \/>\n<meta property=\"og:site_name\" content=\"KEREA\" \/>\n<meta property=\"article:published_time\" content=\"2023-06-28T07:11:24+00:00\" \/>\n<meta property=\"article:modified_time\" content=\"2023-06-28T14:45:47+00:00\" \/>\n<meta property=\"og:image\" content=\"https:\/\/www.kerea.eu\/wp-content\/uploads\/2023\/06\/Soleil-Uv.png\" \/>\n\t<meta property=\"og:image:width\" content=\"720\" \/>\n\t<meta property=\"og:image:height\" content=\"460\" \/>\n\t<meta property=\"og:image:type\" content=\"image\/png\" \/>\n<meta name=\"author\" content=\"Kerea\" \/>\n<meta name=\"twitter:card\" content=\"summary_large_image\" \/>\n<meta name=\"twitter:label1\" content=\"\u00c9crit par\" \/>\n\t<meta name=\"twitter:data1\" content=\"Kerea\" \/>\n\t<meta name=\"twitter:label2\" content=\"Dur\u00e9e de lecture estim\u00e9e\" \/>\n\t<meta name=\"twitter:data2\" content=\"2 minutes\" \/>\n<script type=\"application\/ld+json\" class=\"yoast-schema-graph\">{\"@context\":\"https:\\\/\\\/schema.org\",\"@graph\":[{\"@type\":\"Article\",\"@id\":\"https:\\\/\\\/www.kerea.eu\\\/index.php\\\/2023\\\/06\\\/28\\\/soleil-et-uv-webinaire\\\/#article\",\"isPartOf\":{\"@id\":\"https:\\\/\\\/www.kerea.eu\\\/index.php\\\/2023\\\/06\\\/28\\\/soleil-et-uv-webinaire\\\/\"},\"author\":{\"name\":\"Kerea\",\"@id\":\"https:\\\/\\\/37.59.242.200\\\/#\\\/schema\\\/person\\\/5396e4c57a7033d620add4e1ee171967\"},\"headline\":\"Soleil et UV webinaire\",\"datePublished\":\"2023-06-28T07:11:24+00:00\",\"dateModified\":\"2023-06-28T14:45:47+00:00\",\"mainEntityOfPage\":{\"@id\":\"https:\\\/\\\/www.kerea.eu\\\/index.php\\\/2023\\\/06\\\/28\\\/soleil-et-uv-webinaire\\\/\"},\"wordCount\":311,\"publisher\":{\"@id\":\"https:\\\/\\\/37.59.242.200\\\/#organization\"},\"image\":{\"@id\":\"https:\\\/\\\/www.kerea.eu\\\/index.php\\\/2023\\\/06\\\/28\\\/soleil-et-uv-webinaire\\\/#primaryimage\"},\"thumbnailUrl\":\"https:\\\/\\\/www.kerea.eu\\\/wp-content\\\/uploads\\\/2023\\\/06\\\/Soleil-Uv.png\",\"articleSection\":[\"Sant\u00e9\"],\"inLanguage\":\"fr-FR\"},{\"@type\":\"WebPage\",\"@id\":\"https:\\\/\\\/www.kerea.eu\\\/index.php\\\/2023\\\/06\\\/28\\\/soleil-et-uv-webinaire\\\/\",\"url\":\"https:\\\/\\\/www.kerea.eu\\\/index.php\\\/2023\\\/06\\\/28\\\/soleil-et-uv-webinaire\\\/\",\"name\":\"Soleil et UV webinaire - KEREA\",\"isPartOf\":{\"@id\":\"https:\\\/\\\/37.59.242.200\\\/#website\"},\"primaryImageOfPage\":{\"@id\":\"https:\\\/\\\/www.kerea.eu\\\/index.php\\\/2023\\\/06\\\/28\\\/soleil-et-uv-webinaire\\\/#primaryimage\"},\"image\":{\"@id\":\"https:\\\/\\\/www.kerea.eu\\\/index.php\\\/2023\\\/06\\\/28\\\/soleil-et-uv-webinaire\\\/#primaryimage\"},\"thumbnailUrl\":\"https:\\\/\\\/www.kerea.eu\\\/wp-content\\\/uploads\\\/2023\\\/06\\\/Soleil-Uv.png\",\"datePublished\":\"2023-06-28T07:11:24+00:00\",\"dateModified\":\"2023-06-28T14:45:47+00:00\",\"description\":\"Webinaire \u201cSOLEIL ET UV, comment pr\u00e9venir les risques au travail et sur la plage ?\u201d en partenariat avec l\u2019association SECURITE SOLAIRE\",\"breadcrumb\":{\"@id\":\"https:\\\/\\\/www.kerea.eu\\\/index.php\\\/2023\\\/06\\\/28\\\/soleil-et-uv-webinaire\\\/#breadcrumb\"},\"inLanguage\":\"fr-FR\",\"potentialAction\":[{\"@type\":\"ReadAction\",\"target\":[\"https:\\\/\\\/www.kerea.eu\\\/index.php\\\/2023\\\/06\\\/28\\\/soleil-et-uv-webinaire\\\/\"]}]},{\"@type\":\"ImageObject\",\"inLanguage\":\"fr-FR\",\"@id\":\"https:\\\/\\\/www.kerea.eu\\\/index.php\\\/2023\\\/06\\\/28\\\/soleil-et-uv-webinaire\\\/#primaryimage\",\"url\":\"https:\\\/\\\/www.kerea.eu\\\/wp-content\\\/uploads\\\/2023\\\/06\\\/Soleil-Uv.png\",\"contentUrl\":\"https:\\\/\\\/www.kerea.eu\\\/wp-content\\\/uploads\\\/2023\\\/06\\\/Soleil-Uv.png\",\"width\":720,\"height\":460,\"caption\":\"Soleil et UV webinaire\"},{\"@type\":\"BreadcrumbList\",\"@id\":\"https:\\\/\\\/www.kerea.eu\\\/index.php\\\/2023\\\/06\\\/28\\\/soleil-et-uv-webinaire\\\/#breadcrumb\",\"itemListElement\":[{\"@type\":\"ListItem\",\"position\":1,\"name\":\"Accueil\",\"item\":\"https:\\\/\\\/www.kerea.eu\\\/\"},{\"@type\":\"ListItem\",\"position\":2,\"name\":\"Soleil et UV webinaire\"}]},{\"@type\":\"WebSite\",\"@id\":\"https:\\\/\\\/37.59.242.200\\\/#website\",\"url\":\"https:\\\/\\\/37.59.242.200\\\/\",\"name\":\"KEREA\",\"description\":\"Kerea, votre partenaire sant\u00e9 et bien-\u00eatre au travail\",\"publisher\":{\"@id\":\"https:\\\/\\\/37.59.242.200\\\/#organization\"},\"potentialAction\":[{\"@type\":\"SearchAction\",\"target\":{\"@type\":\"EntryPoint\",\"urlTemplate\":\"https:\\\/\\\/37.59.242.200\\\/?s={search_term_string}\"},\"query-input\":{\"@type\":\"PropertyValueSpecification\",\"valueRequired\":true,\"valueName\":\"search_term_string\"}}],\"inLanguage\":\"fr-FR\"},{\"@type\":\"Organization\",\"@id\":\"https:\\\/\\\/37.59.242.200\\\/#organization\",\"name\":\"KEREA\",\"url\":\"https:\\\/\\\/37.59.242.200\\\/\",\"logo\":{\"@type\":\"ImageObject\",\"inLanguage\":\"fr-FR\",\"@id\":\"https:\\\/\\\/37.59.242.200\\\/#\\\/schema\\\/logo\\\/image\\\/\",\"url\":\"https:\\\/\\\/www.kerea.eu\\\/wp-content\\\/uploads\\\/2025\\\/12\\\/logo-kerea.png\",\"contentUrl\":\"https:\\\/\\\/www.kerea.eu\\\/wp-content\\\/uploads\\\/2025\\\/12\\\/logo-kerea.png\",\"width\":1497,\"height\":600,\"caption\":\"KEREA\"},\"image\":{\"@id\":\"https:\\\/\\\/37.59.242.200\\\/#\\\/schema\\\/logo\\\/image\\\/\"},\"sameAs\":[\"https:\\\/\\\/www.linkedin.com\\\/showcase\\\/kerea-by-efficience\\\/\"]},{\"@type\":\"Person\",\"@id\":\"https:\\\/\\\/37.59.242.200\\\/#\\\/schema\\\/person\\\/5396e4c57a7033d620add4e1ee171967\",\"name\":\"Kerea\",\"url\":\"https:\\\/\\\/www.kerea.eu\\\/index.php\\\/author\\\/admin\\\/\"}]}<\/script>\n<!-- \/ Yoast SEO plugin. -->","yoast_head_json":{"title":"Soleil et UV webinaire - KEREA","description":"Webinaire \u201cSOLEIL ET UV, comment pr\u00e9venir les risques au travail et sur la plage ?\u201d en partenariat avec l\u2019association SECURITE SOLAIRE","robots":{"index":"index","follow":"follow","max-snippet":"max-snippet:-1","max-image-preview":"max-image-preview:large","max-video-preview":"max-video-preview:-1"},"canonical":"https:\/\/www.kerea.eu\/index.php\/2023\/06\/28\/soleil-et-uv-webinaire\/","og_locale":"fr_FR","og_type":"article","og_title":"Soleil et UV webinaire - KEREA","og_description":"Webinaire \u201cSOLEIL ET UV, comment pr\u00e9venir les risques au travail et sur la plage ?\u201d en partenariat avec l\u2019association SECURITE SOLAIRE","og_url":"https:\/\/www.kerea.eu\/index.php\/2023\/06\/28\/soleil-et-uv-webinaire\/","og_site_name":"KEREA","article_published_time":"2023-06-28T07:11:24+00:00","article_modified_time":"2023-06-28T14:45:47+00:00","og_image":[{"width":720,"height":460,"url":"https:\/\/www.kerea.eu\/wp-content\/uploads\/2023\/06\/Soleil-Uv.png","type":"image\/png"}],"author":"Kerea","twitter_card":"summary_large_image","twitter_misc":{"\u00c9crit par":"Kerea","Dur\u00e9e de lecture estim\u00e9e":"2 minutes"},"schema":{"@context":"https:\/\/schema.org","@graph":[{"@type":"Article","@id":"https:\/\/www.kerea.eu\/index.php\/2023\/06\/28\/soleil-et-uv-webinaire\/#article","isPartOf":{"@id":"https:\/\/www.kerea.eu\/index.php\/2023\/06\/28\/soleil-et-uv-webinaire\/"},"author":{"name":"Kerea","@id":"https:\/\/37.59.242.200\/#\/schema\/person\/5396e4c57a7033d620add4e1ee171967"},"headline":"Soleil et UV webinaire","datePublished":"2023-06-28T07:11:24+00:00","dateModified":"2023-06-28T14:45:47+00:00","mainEntityOfPage":{"@id":"https:\/\/www.kerea.eu\/index.php\/2023\/06\/28\/soleil-et-uv-webinaire\/"},"wordCount":311,"publisher":{"@id":"https:\/\/37.59.242.200\/#organization"},"image":{"@id":"https:\/\/www.kerea.eu\/index.php\/2023\/06\/28\/soleil-et-uv-webinaire\/#primaryimage"},"thumbnailUrl":"https:\/\/www.kerea.eu\/wp-content\/uploads\/2023\/06\/Soleil-Uv.png","articleSection":["Sant\u00e9"],"inLanguage":"fr-FR"},{"@type":"WebPage","@id":"https:\/\/www.kerea.eu\/index.php\/2023\/06\/28\/soleil-et-uv-webinaire\/","url":"https:\/\/www.kerea.eu\/index.php\/2023\/06\/28\/soleil-et-uv-webinaire\/","name":"Soleil et UV webinaire - KEREA","isPartOf":{"@id":"https:\/\/37.59.242.200\/#website"},"primaryImageOfPage":{"@id":"https:\/\/www.kerea.eu\/index.php\/2023\/06\/28\/soleil-et-uv-webinaire\/#primaryimage"},"image":{"@id":"https:\/\/www.kerea.eu\/index.php\/2023\/06\/28\/soleil-et-uv-webinaire\/#primaryimage"},"thumbnailUrl":"https:\/\/www.kerea.eu\/wp-content\/uploads\/2023\/06\/Soleil-Uv.png","datePublished":"2023-06-28T07:11:24+00:00","dateModified":"2023-06-28T14:45:47+00:00","description":"Webinaire \u201cSOLEIL ET UV, comment pr\u00e9venir les risques au travail et sur la plage ?\u201d en partenariat avec l\u2019association SECURITE SOLAIRE","breadcrumb":{"@id":"https:\/\/www.kerea.eu\/index.php\/2023\/06\/28\/soleil-et-uv-webinaire\/#breadcrumb"},"inLanguage":"fr-FR","potentialAction":[{"@type":"ReadAction","target":["https:\/\/www.kerea.eu\/index.php\/2023\/06\/28\/soleil-et-uv-webinaire\/"]}]},{"@type":"ImageObject","inLanguage":"fr-FR","@id":"https:\/\/www.kerea.eu\/index.php\/2023\/06\/28\/soleil-et-uv-webinaire\/#primaryimage","url":"https:\/\/www.kerea.eu\/wp-content\/uploads\/2023\/06\/Soleil-Uv.png","contentUrl":"https:\/\/www.kerea.eu\/wp-content\/uploads\/2023\/06\/Soleil-Uv.png","width":720,"height":460,"caption":"Soleil et UV webinaire"},{"@type":"BreadcrumbList","@id":"https:\/\/www.kerea.eu\/index.php\/2023\/06\/28\/soleil-et-uv-webinaire\/#breadcrumb","itemListElement":[{"@type":"ListItem","position":1,"name":"Accueil","item":"https:\/\/www.kerea.eu\/"},{"@type":"ListItem","position":2,"name":"Soleil et UV webinaire"}]},{"@type":"WebSite","@id":"https:\/\/37.59.242.200\/#website","url":"https:\/\/37.59.242.200\/","name":"KEREA","description":"Kerea, votre partenaire sant\u00e9 et bien-\u00eatre au travail","publisher":{"@id":"https:\/\/37.59.242.200\/#organization"},"potentialAction":[{"@type":"SearchAction","target":{"@type":"EntryPoint","urlTemplate":"https:\/\/37.59.242.200\/?s={search_term_string}"},"query-input":{"@type":"PropertyValueSpecification","valueRequired":true,"valueName":"search_term_string"}}],"inLanguage":"fr-FR"},{"@type":"Organization","@id":"https:\/\/37.59.242.200\/#organization","name":"KEREA","url":"https:\/\/37.59.242.200\/","logo":{"@type":"ImageObject","inLanguage":"fr-FR","@id":"https:\/\/37.59.242.200\/#\/schema\/logo\/image\/","url":"https:\/\/www.kerea.eu\/wp-content\/uploads\/2025\/12\/logo-kerea.png","contentUrl":"https:\/\/www.kerea.eu\/wp-content\/uploads\/2025\/12\/logo-kerea.png","width":1497,"height":600,"caption":"KEREA"},"image":{"@id":"https:\/\/37.59.242.200\/#\/schema\/logo\/image\/"},"sameAs":["https:\/\/www.linkedin.com\/showcase\/kerea-by-efficience\/"]},{"@type":"Person","@id":"https:\/\/37.59.242.200\/#\/schema\/person\/5396e4c57a7033d620add4e1ee171967","name":"Kerea","url":"https:\/\/www.kerea.eu\/index.php\/author\/admin\/"}]}},"_links":{"self":[{"href":"https:\/\/www.kerea.eu\/index.php\/wp-json\/wp\/v2\/posts\/593883","targetHints":{"allow":["GET"]}}],"collection":[{"href":"https:\/\/www.kerea.eu\/index.php\/wp-json\/wp\/v2\/posts"}],"about":[{"href":"https:\/\/www.kerea.eu\/index.php\/wp-json\/wp\/v2\/types\/post"}],"author":[{"embeddable":true,"href":"https:\/\/www.kerea.eu\/index.php\/wp-json\/wp\/v2\/users\/1"}],"replies":[{"embeddable":true,"href":"https:\/\/www.kerea.eu\/index.php\/wp-json\/wp\/v2\/comments?post=593883"}],"version-history":[{"count":21,"href":"https:\/\/www.kerea.eu\/index.php\/wp-json\/wp\/v2\/posts\/593883\/revisions"}],"predecessor-version":[{"id":595031,"href":"https:\/\/www.kerea.eu\/index.php\/wp-json\/wp\/v2\/posts\/593883\/revisions\/595031"}],"wp:featuredmedia":[{"embeddable":true,"href":"https:\/\/www.kerea.eu\/index.php\/wp-json\/wp\/v2\/media\/593912"}],"wp:attachment":[{"href":"https:\/\/www.kerea.eu\/index.php\/wp-json\/wp\/v2\/media?parent=593883"}],"wp:term":[{"taxonomy":"category","embeddable":true,"href":"https:\/\/www.kerea.eu\/index.php\/wp-json\/wp\/v2\/categories?post=593883"},{"taxonomy":"post_tag","embeddable":true,"href":"https:\/\/www.kerea.eu\/index.php\/wp-json\/wp\/v2\/tags?post=593883"}],"curies":[{"name":"wp","href":"https:\/\/api.w.org\/{rel}","templated":true}]}}