{"id":44922,"date":"2022-06-14T15:04:26","date_gmt":"2022-06-14T15:04:26","guid":{"rendered":"https:\/\/www.kerea.eu\/?p=44922"},"modified":"2022-06-14T15:04:42","modified_gmt":"2022-06-14T15:04:42","slug":"les-apports-de-la-qvct-au-sein-des-entreprises","status":"publish","type":"post","link":"https:\/\/www.kerea.eu\/index.php\/2022\/06\/14\/les-apports-de-la-qvct-au-sein-des-entreprises\/","title":{"rendered":"Les apports de la QVCT au sein des entreprises"},"content":{"rendered":"\t\t<div data-elementor-type=\"wp-post\" data-elementor-id=\"44922\" class=\"elementor elementor-44922\">\n\t\t\t\t\t\t<section class=\"elementor-section elementor-top-section elementor-element elementor-element-b232f6c elementor-section-boxed elementor-section-height-default elementor-section-height-default\" data-id=\"b232f6c\" data-element_type=\"section\" data-e-type=\"section\">\n\t\t\t\t\t\t<div class=\"elementor-container elementor-column-gap-default\">\n\t\t\t\t\t<div class=\"elementor-column elementor-col-100 elementor-top-column elementor-element elementor-element-e7ed9f4\" data-id=\"e7ed9f4\" data-element_type=\"column\" data-e-type=\"column\">\n\t\t\t<div class=\"elementor-widget-wrap elementor-element-populated\">\n\t\t\t\t\t\t<div class=\"elementor-element elementor-element-0cda295 elementor-widget elementor-widget-text-editor\" data-id=\"0cda295\" data-element_type=\"widget\" data-e-type=\"widget\" data-widget_type=\"text-editor.default\">\n\t\t\t\t<div class=\"elementor-widget-container\">\n\t\t\t\t\t\t\t\t\t<p><em>Depuis le 1<sup>er<\/sup> avril, la QVT devient QCVT. L\u2019<a href=\"https:\/\/www.anact.fr\/\">ANACT<\/a> met en place du 20 au 24 juin 2022, la <a href=\"https:\/\/semaineqvt.anact.fr\/le-programme\">semaine de la QVT<\/a> avec pour th\u00e8me \u00ab\u00a0En qu\u00eate de sens au travail\u00a0\u00bb. L\u2019occasion d\u2019\u00e9changer sur les questions li\u00e9es aux relations et conditions de travail des collaborateurs.<\/em><\/p>\t\t\t\t\t\t\t\t<\/div>\n\t\t\t\t<\/div>\n\t\t\t\t\t<\/div>\n\t\t<\/div>\n\t\t\t\t\t<\/div>\n\t\t<\/section>\n\t\t\t\t<section class=\"elementor-section elementor-top-section elementor-element elementor-element-3599d9f elementor-section-boxed elementor-section-height-default elementor-section-height-default\" data-id=\"3599d9f\" data-element_type=\"section\" data-e-type=\"section\">\n\t\t\t\t\t\t<div class=\"elementor-container elementor-column-gap-default\">\n\t\t\t\t\t<div class=\"elementor-column elementor-col-100 elementor-top-column elementor-element elementor-element-34e2dd4\" data-id=\"34e2dd4\" data-element_type=\"column\" data-e-type=\"column\">\n\t\t\t<div class=\"elementor-widget-wrap elementor-element-populated\">\n\t\t\t\t\t\t<div class=\"elementor-element elementor-element-e65f8d0 elementor-widget elementor-widget-text-editor\" data-id=\"e65f8d0\" data-element_type=\"widget\" data-e-type=\"widget\" data-widget_type=\"text-editor.default\">\n\t\t\t\t<div class=\"elementor-widget-container\">\n\t\t\t\t\t\t\t\t\t<p>Sur une p\u00e9riode de sortie de crise, de nouvelles probl\u00e9matiques li\u00e9es au travail et \u00e0 son organisation ont \u00e9merg\u00e9. Les questions de qualit\u00e9 de vie et de conditions de travail doivent \u00eatre prises en compte dans un environnement o\u00f9 les modes de travail sont divers, afin d\u2019optimiser le d\u00e9veloppement d\u2019une entreprise. La QVCT (Qualit\u00e9 de Vie et Conditions de Travail) a \u00e9t\u00e9 int\u00e9gr\u00e9e au code du travail le 31 mars 2022, conform\u00e9ment \u00e0 la loi du 2 ao\u00fbt 2021 renfor\u00e7ant la pr\u00e9vention sant\u00e9 au travail. Cette \u00e9volution d\u00e9finit le travail d&rsquo;am\u00e9lioration et les conditions dans lesquelles il est r\u00e9alis\u00e9 au c\u0153ur de la d\u00e9marche QVT. Il s&rsquo;agit d&rsquo;am\u00e9liorer la fa\u00e7on dont l&rsquo;entreprise travaille ensemble au travers \u00a0d\u2019un double objectif : favoriser le d\u00e9veloppement des salari\u00e9s et la performance organisationnelle.<\/p><p>Il est obligatoire d\u2019adopter un accord de QVCT au sein des entreprises de plus de 50 personnes. Derri\u00e8re cette exigence se cachent plusieurs avantages. En effet, les entreprises peuvent utiliser ce levier afin de rendre l\u2019organisation attractive aux yeux des parties prenantes et peuvent initier une dynamique aupr\u00e8s des collaborateurs et ouvrir la voie sur des \u00e9ventuels leviers d\u2019am\u00e9lioration\u00a0sur l&rsquo;organisation du travail, du management, du dialogue social, de l&rsquo;accompagnement des transformations&#8230;<\/p><p>Kerea vous propose de vous accompagner sur un programme personnalis\u00e9 li\u00e9 \u00e0 cette th\u00e9matique. Nos \u00e9quipes et partenaires peuvent vous proposer diff\u00e9rentes actions \u00e0 r\u00e9aliser en interne pour interagir avec vos salari\u00e9s.<\/p>\t\t\t\t\t\t\t\t<\/div>\n\t\t\t\t<\/div>\n\t\t\t\t\t<\/div>\n\t\t<\/div>\n\t\t\t\t\t<\/div>\n\t\t<\/section>\n\t\t\t\t<section class=\"elementor-section elementor-top-section elementor-element elementor-element-3174072 elementor-section-boxed elementor-section-height-default elementor-section-height-default\" data-id=\"3174072\" data-element_type=\"section\" data-e-type=\"section\">\n\t\t\t\t\t\t<div class=\"elementor-container elementor-column-gap-default\">\n\t\t\t\t\t<div class=\"elementor-column elementor-col-50 elementor-top-column elementor-element elementor-element-52744dd\" data-id=\"52744dd\" data-element_type=\"column\" data-e-type=\"column\">\n\t\t\t<div class=\"elementor-widget-wrap elementor-element-populated\">\n\t\t\t\t\t\t<div class=\"elementor-element elementor-element-b43abf7 elementor-widget elementor-widget-text-editor\" data-id=\"b43abf7\" data-element_type=\"widget\" data-e-type=\"widget\" data-widget_type=\"text-editor.default\">\n\t\t\t\t<div class=\"elementor-widget-container\">\n\t\t\t\t\t\t\t\t\t<p>Pour plus d\u2019informations, contactez Kerea.<\/p>\t\t\t\t\t\t\t\t<\/div>\n\t\t\t\t<\/div>\n\t\t\t\t\t<\/div>\n\t\t<\/div>\n\t\t\t\t<div class=\"elementor-column elementor-col-50 elementor-top-column elementor-element elementor-element-06a8b53\" data-id=\"06a8b53\" data-element_type=\"column\" data-e-type=\"column\">\n\t\t\t<div class=\"elementor-widget-wrap elementor-element-populated\">\n\t\t\t\t\t\t<div class=\"elementor-element elementor-element-260d35a elementor-align-left elementor-widget elementor-widget-button\" data-id=\"260d35a\" data-element_type=\"widget\" data-e-type=\"widget\" data-widget_type=\"button.default\">\n\t\t\t\t<div class=\"elementor-widget-container\">\n\t\t\t\t\t\t\t\t\t<div class=\"elementor-button-wrapper\">\n\t\t\t\t\t<a class=\"elementor-button elementor-button-link elementor-size-sm\" href=\"https:\/\/www.kerea.eu\/index.php\/contact\/\">\n\t\t\t\t\t\t<span class=\"elementor-button-content-wrapper\">\n\t\t\t\t\t\t\t\t\t<span class=\"elementor-button-text\">Cliquez ici<\/span>\n\t\t\t\t\t<\/span>\n\t\t\t\t\t<\/a>\n\t\t\t\t<\/div>\n\t\t\t\t\t\t\t\t<\/div>\n\t\t\t\t<\/div>\n\t\t\t\t\t<\/div>\n\t\t<\/div>\n\t\t\t\t\t<\/div>\n\t\t<\/section>\n\t\t\t\t<\/div>\n\t\t","protected":false},"excerpt":{"rendered":"<p>Depuis le 1er avril, la QVT devient QCVT. L\u2019ANACT met en place du 20 au 24 juin 2022, la semaine de la QVT avec pour th\u00e8me \u00ab\u00a0En qu\u00eate de sens &#8230; <a title=\"Les apports de la QVCT au sein des entreprises\" class=\"read-more\" href=\"https:\/\/www.kerea.eu\/index.php\/2022\/06\/14\/les-apports-de-la-qvct-au-sein-des-entreprises\/\" aria-label=\"Read more about Les apports de la QVCT au sein des entreprises\">Lire la suite<\/a><\/p>\n","protected":false},"author":1,"featured_media":45216,"comment_status":"closed","ping_status":"closed","sticky":false,"template":"","format":"standard","meta":{"_monsterinsights_skip_tracking":false,"_monsterinsights_sitenote_active":false,"_monsterinsights_sitenote_note":"","_monsterinsights_sitenote_category":0,"footnotes":""},"categories":[1],"tags":[],"class_list":["post-44922","post","type-post","status-publish","format-standard","has-post-thumbnail","hentry","category-sante"],"yoast_head":"<!-- This site is optimized with the Yoast SEO plugin v27.5 - https:\/\/yoast.com\/product\/yoast-seo-wordpress\/ -->\n<title>Les apports de la QVCT au sein des entreprises - KEREA<\/title>\n<meta name=\"description\" content=\"La QVCT a \u00e9t\u00e9 int\u00e9gr\u00e9e au code du travail le 31 mars 2022, conform\u00e9ment \u00e0 la loi du 2 ao\u00fbt 2021 renfor\u00e7ant la pr\u00e9vention sant\u00e9 au travail.\" \/>\n<meta name=\"robots\" content=\"index, follow, max-snippet:-1, max-image-preview:large, max-video-preview:-1\" \/>\n<link rel=\"canonical\" href=\"https:\/\/www.kerea.eu\/index.php\/2022\/06\/14\/les-apports-de-la-qvct-au-sein-des-entreprises\/\" \/>\n<meta property=\"og:locale\" content=\"fr_FR\" \/>\n<meta property=\"og:type\" content=\"article\" \/>\n<meta property=\"og:title\" content=\"Les apports de la QVCT au sein des entreprises - KEREA\" \/>\n<meta property=\"og:description\" content=\"La QVCT a \u00e9t\u00e9 int\u00e9gr\u00e9e au code du travail le 31 mars 2022, conform\u00e9ment \u00e0 la loi du 2 ao\u00fbt 2021 renfor\u00e7ant la pr\u00e9vention sant\u00e9 au travail.\" \/>\n<meta property=\"og:url\" content=\"https:\/\/www.kerea.eu\/index.php\/2022\/06\/14\/les-apports-de-la-qvct-au-sein-des-entreprises\/\" \/>\n<meta property=\"og:site_name\" content=\"KEREA\" \/>\n<meta property=\"article:published_time\" content=\"2022-06-14T15:04:26+00:00\" \/>\n<meta property=\"article:modified_time\" content=\"2022-06-14T15:04:42+00:00\" \/>\n<meta property=\"og:image\" content=\"https:\/\/www.kerea.eu\/wp-content\/uploads\/2022\/06\/Images-scaled.jpg\" \/>\n\t<meta property=\"og:image:width\" content=\"2560\" \/>\n\t<meta property=\"og:image:height\" content=\"1280\" \/>\n\t<meta property=\"og:image:type\" content=\"image\/jpeg\" \/>\n<meta name=\"author\" content=\"Kerea\" \/>\n<meta name=\"twitter:card\" content=\"summary_large_image\" \/>\n<meta name=\"twitter:label1\" content=\"\u00c9crit par\" \/>\n\t<meta name=\"twitter:data1\" content=\"Kerea\" \/>\n\t<meta name=\"twitter:label2\" content=\"Dur\u00e9e de lecture estim\u00e9e\" \/>\n\t<meta name=\"twitter:data2\" content=\"2 minutes\" \/>\n<script type=\"application\/ld+json\" class=\"yoast-schema-graph\">{\"@context\":\"https:\\\/\\\/schema.org\",\"@graph\":[{\"@type\":\"Article\",\"@id\":\"https:\\\/\\\/www.kerea.eu\\\/index.php\\\/2022\\\/06\\\/14\\\/les-apports-de-la-qvct-au-sein-des-entreprises\\\/#article\",\"isPartOf\":{\"@id\":\"https:\\\/\\\/www.kerea.eu\\\/index.php\\\/2022\\\/06\\\/14\\\/les-apports-de-la-qvct-au-sein-des-entreprises\\\/\"},\"author\":{\"name\":\"Kerea\",\"@id\":\"https:\\\/\\\/37.59.242.200\\\/#\\\/schema\\\/person\\\/5396e4c57a7033d620add4e1ee171967\"},\"headline\":\"Les apports de la QVCT au sein des entreprises\",\"datePublished\":\"2022-06-14T15:04:26+00:00\",\"dateModified\":\"2022-06-14T15:04:42+00:00\",\"mainEntityOfPage\":{\"@id\":\"https:\\\/\\\/www.kerea.eu\\\/index.php\\\/2022\\\/06\\\/14\\\/les-apports-de-la-qvct-au-sein-des-entreprises\\\/\"},\"wordCount\":327,\"publisher\":{\"@id\":\"https:\\\/\\\/37.59.242.200\\\/#organization\"},\"image\":{\"@id\":\"https:\\\/\\\/www.kerea.eu\\\/index.php\\\/2022\\\/06\\\/14\\\/les-apports-de-la-qvct-au-sein-des-entreprises\\\/#primaryimage\"},\"thumbnailUrl\":\"https:\\\/\\\/www.kerea.eu\\\/wp-content\\\/uploads\\\/2022\\\/06\\\/Images-scaled.jpg\",\"articleSection\":[\"Sant\u00e9\"],\"inLanguage\":\"fr-FR\"},{\"@type\":\"WebPage\",\"@id\":\"https:\\\/\\\/www.kerea.eu\\\/index.php\\\/2022\\\/06\\\/14\\\/les-apports-de-la-qvct-au-sein-des-entreprises\\\/\",\"url\":\"https:\\\/\\\/www.kerea.eu\\\/index.php\\\/2022\\\/06\\\/14\\\/les-apports-de-la-qvct-au-sein-des-entreprises\\\/\",\"name\":\"Les apports de la QVCT au sein des entreprises - KEREA\",\"isPartOf\":{\"@id\":\"https:\\\/\\\/37.59.242.200\\\/#website\"},\"primaryImageOfPage\":{\"@id\":\"https:\\\/\\\/www.kerea.eu\\\/index.php\\\/2022\\\/06\\\/14\\\/les-apports-de-la-qvct-au-sein-des-entreprises\\\/#primaryimage\"},\"image\":{\"@id\":\"https:\\\/\\\/www.kerea.eu\\\/index.php\\\/2022\\\/06\\\/14\\\/les-apports-de-la-qvct-au-sein-des-entreprises\\\/#primaryimage\"},\"thumbnailUrl\":\"https:\\\/\\\/www.kerea.eu\\\/wp-content\\\/uploads\\\/2022\\\/06\\\/Images-scaled.jpg\",\"datePublished\":\"2022-06-14T15:04:26+00:00\",\"dateModified\":\"2022-06-14T15:04:42+00:00\",\"description\":\"La QVCT a \u00e9t\u00e9 int\u00e9gr\u00e9e au code du travail le 31 mars 2022, conform\u00e9ment \u00e0 la loi du 2 ao\u00fbt 2021 renfor\u00e7ant la pr\u00e9vention sant\u00e9 au travail.\",\"breadcrumb\":{\"@id\":\"https:\\\/\\\/www.kerea.eu\\\/index.php\\\/2022\\\/06\\\/14\\\/les-apports-de-la-qvct-au-sein-des-entreprises\\\/#breadcrumb\"},\"inLanguage\":\"fr-FR\",\"potentialAction\":[{\"@type\":\"ReadAction\",\"target\":[\"https:\\\/\\\/www.kerea.eu\\\/index.php\\\/2022\\\/06\\\/14\\\/les-apports-de-la-qvct-au-sein-des-entreprises\\\/\"]}]},{\"@type\":\"ImageObject\",\"inLanguage\":\"fr-FR\",\"@id\":\"https:\\\/\\\/www.kerea.eu\\\/index.php\\\/2022\\\/06\\\/14\\\/les-apports-de-la-qvct-au-sein-des-entreprises\\\/#primaryimage\",\"url\":\"https:\\\/\\\/www.kerea.eu\\\/wp-content\\\/uploads\\\/2022\\\/06\\\/Images-scaled.jpg\",\"contentUrl\":\"https:\\\/\\\/www.kerea.eu\\\/wp-content\\\/uploads\\\/2022\\\/06\\\/Images-scaled.jpg\",\"width\":2560,\"height\":1280,\"caption\":\"groupe de travail\"},{\"@type\":\"BreadcrumbList\",\"@id\":\"https:\\\/\\\/www.kerea.eu\\\/index.php\\\/2022\\\/06\\\/14\\\/les-apports-de-la-qvct-au-sein-des-entreprises\\\/#breadcrumb\",\"itemListElement\":[{\"@type\":\"ListItem\",\"position\":1,\"name\":\"Accueil\",\"item\":\"https:\\\/\\\/www.kerea.eu\\\/\"},{\"@type\":\"ListItem\",\"position\":2,\"name\":\"Les apports de la QVCT au sein des entreprises\"}]},{\"@type\":\"WebSite\",\"@id\":\"https:\\\/\\\/37.59.242.200\\\/#website\",\"url\":\"https:\\\/\\\/37.59.242.200\\\/\",\"name\":\"KEREA\",\"description\":\"Kerea, votre partenaire sant\u00e9 et bien-\u00eatre au travail\",\"publisher\":{\"@id\":\"https:\\\/\\\/37.59.242.200\\\/#organization\"},\"potentialAction\":[{\"@type\":\"SearchAction\",\"target\":{\"@type\":\"EntryPoint\",\"urlTemplate\":\"https:\\\/\\\/37.59.242.200\\\/?s={search_term_string}\"},\"query-input\":{\"@type\":\"PropertyValueSpecification\",\"valueRequired\":true,\"valueName\":\"search_term_string\"}}],\"inLanguage\":\"fr-FR\"},{\"@type\":\"Organization\",\"@id\":\"https:\\\/\\\/37.59.242.200\\\/#organization\",\"name\":\"KEREA\",\"url\":\"https:\\\/\\\/37.59.242.200\\\/\",\"logo\":{\"@type\":\"ImageObject\",\"inLanguage\":\"fr-FR\",\"@id\":\"https:\\\/\\\/37.59.242.200\\\/#\\\/schema\\\/logo\\\/image\\\/\",\"url\":\"https:\\\/\\\/www.kerea.eu\\\/wp-content\\\/uploads\\\/2025\\\/12\\\/logo-kerea.png\",\"contentUrl\":\"https:\\\/\\\/www.kerea.eu\\\/wp-content\\\/uploads\\\/2025\\\/12\\\/logo-kerea.png\",\"width\":1497,\"height\":600,\"caption\":\"KEREA\"},\"image\":{\"@id\":\"https:\\\/\\\/37.59.242.200\\\/#\\\/schema\\\/logo\\\/image\\\/\"},\"sameAs\":[\"https:\\\/\\\/www.linkedin.com\\\/showcase\\\/kerea-by-efficience\\\/\"]},{\"@type\":\"Person\",\"@id\":\"https:\\\/\\\/37.59.242.200\\\/#\\\/schema\\\/person\\\/5396e4c57a7033d620add4e1ee171967\",\"name\":\"Kerea\",\"url\":\"https:\\\/\\\/www.kerea.eu\\\/index.php\\\/author\\\/admin\\\/\"}]}<\/script>\n<!-- \/ Yoast SEO plugin. -->","yoast_head_json":{"title":"Les apports de la QVCT au sein des entreprises - KEREA","description":"La QVCT a \u00e9t\u00e9 int\u00e9gr\u00e9e au code du travail le 31 mars 2022, conform\u00e9ment \u00e0 la loi du 2 ao\u00fbt 2021 renfor\u00e7ant la pr\u00e9vention sant\u00e9 au travail.","robots":{"index":"index","follow":"follow","max-snippet":"max-snippet:-1","max-image-preview":"max-image-preview:large","max-video-preview":"max-video-preview:-1"},"canonical":"https:\/\/www.kerea.eu\/index.php\/2022\/06\/14\/les-apports-de-la-qvct-au-sein-des-entreprises\/","og_locale":"fr_FR","og_type":"article","og_title":"Les apports de la QVCT au sein des entreprises - KEREA","og_description":"La QVCT a \u00e9t\u00e9 int\u00e9gr\u00e9e au code du travail le 31 mars 2022, conform\u00e9ment \u00e0 la loi du 2 ao\u00fbt 2021 renfor\u00e7ant la pr\u00e9vention sant\u00e9 au travail.","og_url":"https:\/\/www.kerea.eu\/index.php\/2022\/06\/14\/les-apports-de-la-qvct-au-sein-des-entreprises\/","og_site_name":"KEREA","article_published_time":"2022-06-14T15:04:26+00:00","article_modified_time":"2022-06-14T15:04:42+00:00","og_image":[{"width":2560,"height":1280,"url":"https:\/\/www.kerea.eu\/wp-content\/uploads\/2022\/06\/Images-scaled.jpg","type":"image\/jpeg"}],"author":"Kerea","twitter_card":"summary_large_image","twitter_misc":{"\u00c9crit par":"Kerea","Dur\u00e9e de lecture estim\u00e9e":"2 minutes"},"schema":{"@context":"https:\/\/schema.org","@graph":[{"@type":"Article","@id":"https:\/\/www.kerea.eu\/index.php\/2022\/06\/14\/les-apports-de-la-qvct-au-sein-des-entreprises\/#article","isPartOf":{"@id":"https:\/\/www.kerea.eu\/index.php\/2022\/06\/14\/les-apports-de-la-qvct-au-sein-des-entreprises\/"},"author":{"name":"Kerea","@id":"https:\/\/37.59.242.200\/#\/schema\/person\/5396e4c57a7033d620add4e1ee171967"},"headline":"Les apports de la QVCT au sein des entreprises","datePublished":"2022-06-14T15:04:26+00:00","dateModified":"2022-06-14T15:04:42+00:00","mainEntityOfPage":{"@id":"https:\/\/www.kerea.eu\/index.php\/2022\/06\/14\/les-apports-de-la-qvct-au-sein-des-entreprises\/"},"wordCount":327,"publisher":{"@id":"https:\/\/37.59.242.200\/#organization"},"image":{"@id":"https:\/\/www.kerea.eu\/index.php\/2022\/06\/14\/les-apports-de-la-qvct-au-sein-des-entreprises\/#primaryimage"},"thumbnailUrl":"https:\/\/www.kerea.eu\/wp-content\/uploads\/2022\/06\/Images-scaled.jpg","articleSection":["Sant\u00e9"],"inLanguage":"fr-FR"},{"@type":"WebPage","@id":"https:\/\/www.kerea.eu\/index.php\/2022\/06\/14\/les-apports-de-la-qvct-au-sein-des-entreprises\/","url":"https:\/\/www.kerea.eu\/index.php\/2022\/06\/14\/les-apports-de-la-qvct-au-sein-des-entreprises\/","name":"Les apports de la QVCT au sein des entreprises - KEREA","isPartOf":{"@id":"https:\/\/37.59.242.200\/#website"},"primaryImageOfPage":{"@id":"https:\/\/www.kerea.eu\/index.php\/2022\/06\/14\/les-apports-de-la-qvct-au-sein-des-entreprises\/#primaryimage"},"image":{"@id":"https:\/\/www.kerea.eu\/index.php\/2022\/06\/14\/les-apports-de-la-qvct-au-sein-des-entreprises\/#primaryimage"},"thumbnailUrl":"https:\/\/www.kerea.eu\/wp-content\/uploads\/2022\/06\/Images-scaled.jpg","datePublished":"2022-06-14T15:04:26+00:00","dateModified":"2022-06-14T15:04:42+00:00","description":"La QVCT a \u00e9t\u00e9 int\u00e9gr\u00e9e au code du travail le 31 mars 2022, conform\u00e9ment \u00e0 la loi du 2 ao\u00fbt 2021 renfor\u00e7ant la pr\u00e9vention sant\u00e9 au travail.","breadcrumb":{"@id":"https:\/\/www.kerea.eu\/index.php\/2022\/06\/14\/les-apports-de-la-qvct-au-sein-des-entreprises\/#breadcrumb"},"inLanguage":"fr-FR","potentialAction":[{"@type":"ReadAction","target":["https:\/\/www.kerea.eu\/index.php\/2022\/06\/14\/les-apports-de-la-qvct-au-sein-des-entreprises\/"]}]},{"@type":"ImageObject","inLanguage":"fr-FR","@id":"https:\/\/www.kerea.eu\/index.php\/2022\/06\/14\/les-apports-de-la-qvct-au-sein-des-entreprises\/#primaryimage","url":"https:\/\/www.kerea.eu\/wp-content\/uploads\/2022\/06\/Images-scaled.jpg","contentUrl":"https:\/\/www.kerea.eu\/wp-content\/uploads\/2022\/06\/Images-scaled.jpg","width":2560,"height":1280,"caption":"groupe de travail"},{"@type":"BreadcrumbList","@id":"https:\/\/www.kerea.eu\/index.php\/2022\/06\/14\/les-apports-de-la-qvct-au-sein-des-entreprises\/#breadcrumb","itemListElement":[{"@type":"ListItem","position":1,"name":"Accueil","item":"https:\/\/www.kerea.eu\/"},{"@type":"ListItem","position":2,"name":"Les apports de la QVCT au sein des entreprises"}]},{"@type":"WebSite","@id":"https:\/\/37.59.242.200\/#website","url":"https:\/\/37.59.242.200\/","name":"KEREA","description":"Kerea, votre partenaire sant\u00e9 et bien-\u00eatre au travail","publisher":{"@id":"https:\/\/37.59.242.200\/#organization"},"potentialAction":[{"@type":"SearchAction","target":{"@type":"EntryPoint","urlTemplate":"https:\/\/37.59.242.200\/?s={search_term_string}"},"query-input":{"@type":"PropertyValueSpecification","valueRequired":true,"valueName":"search_term_string"}}],"inLanguage":"fr-FR"},{"@type":"Organization","@id":"https:\/\/37.59.242.200\/#organization","name":"KEREA","url":"https:\/\/37.59.242.200\/","logo":{"@type":"ImageObject","inLanguage":"fr-FR","@id":"https:\/\/37.59.242.200\/#\/schema\/logo\/image\/","url":"https:\/\/www.kerea.eu\/wp-content\/uploads\/2025\/12\/logo-kerea.png","contentUrl":"https:\/\/www.kerea.eu\/wp-content\/uploads\/2025\/12\/logo-kerea.png","width":1497,"height":600,"caption":"KEREA"},"image":{"@id":"https:\/\/37.59.242.200\/#\/schema\/logo\/image\/"},"sameAs":["https:\/\/www.linkedin.com\/showcase\/kerea-by-efficience\/"]},{"@type":"Person","@id":"https:\/\/37.59.242.200\/#\/schema\/person\/5396e4c57a7033d620add4e1ee171967","name":"Kerea","url":"https:\/\/www.kerea.eu\/index.php\/author\/admin\/"}]}},"_links":{"self":[{"href":"https:\/\/www.kerea.eu\/index.php\/wp-json\/wp\/v2\/posts\/44922","targetHints":{"allow":["GET"]}}],"collection":[{"href":"https:\/\/www.kerea.eu\/index.php\/wp-json\/wp\/v2\/posts"}],"about":[{"href":"https:\/\/www.kerea.eu\/index.php\/wp-json\/wp\/v2\/types\/post"}],"author":[{"embeddable":true,"href":"https:\/\/www.kerea.eu\/index.php\/wp-json\/wp\/v2\/users\/1"}],"replies":[{"embeddable":true,"href":"https:\/\/www.kerea.eu\/index.php\/wp-json\/wp\/v2\/comments?post=44922"}],"version-history":[{"count":39,"href":"https:\/\/www.kerea.eu\/index.php\/wp-json\/wp\/v2\/posts\/44922\/revisions"}],"predecessor-version":[{"id":45333,"href":"https:\/\/www.kerea.eu\/index.php\/wp-json\/wp\/v2\/posts\/44922\/revisions\/45333"}],"wp:featuredmedia":[{"embeddable":true,"href":"https:\/\/www.kerea.eu\/index.php\/wp-json\/wp\/v2\/media\/45216"}],"wp:attachment":[{"href":"https:\/\/www.kerea.eu\/index.php\/wp-json\/wp\/v2\/media?parent=44922"}],"wp:term":[{"taxonomy":"category","embeddable":true,"href":"https:\/\/www.kerea.eu\/index.php\/wp-json\/wp\/v2\/categories?post=44922"},{"taxonomy":"post_tag","embeddable":true,"href":"https:\/\/www.kerea.eu\/index.php\/wp-json\/wp\/v2\/tags?post=44922"}],"curies":[{"name":"wp","href":"https:\/\/api.w.org\/{rel}","templated":true}]}}