{"id":2503,"date":"2022-05-04T11:55:39","date_gmt":"2022-05-04T11:55:39","guid":{"rendered":"https:\/\/www.kerea.eu\/?p=2503"},"modified":"2024-03-12T09:50:38","modified_gmt":"2024-03-12T09:50:38","slug":"kerea-annonce-sa-presence-au-salon-infirmier-2022","status":"publish","type":"post","link":"https:\/\/www.kerea.eu\/index.php\/2022\/05\/04\/kerea-annonce-sa-presence-au-salon-infirmier-2022\/","title":{"rendered":"Kerea annonce sa pr\u00e9sence au salon Infirmier 2022"},"content":{"rendered":"\t\t<div data-elementor-type=\"wp-post\" data-elementor-id=\"2503\" class=\"elementor elementor-2503\">\n\t\t\t\t\t\t<section class=\"elementor-section elementor-top-section elementor-element elementor-element-7d06257 elementor-section-boxed elementor-section-height-default elementor-section-height-default\" data-id=\"7d06257\" data-element_type=\"section\" data-e-type=\"section\">\n\t\t\t\t\t\t<div class=\"elementor-container elementor-column-gap-default\">\n\t\t\t\t\t<div class=\"elementor-column elementor-col-100 elementor-top-column elementor-element elementor-element-412b331\" data-id=\"412b331\" data-element_type=\"column\" data-e-type=\"column\">\n\t\t\t<div class=\"elementor-widget-wrap elementor-element-populated\">\n\t\t\t\t\t\t<div class=\"elementor-element elementor-element-dbbf95c elementor-widget elementor-widget-text-editor\" data-id=\"dbbf95c\" data-element_type=\"widget\" data-e-type=\"widget\" data-widget_type=\"text-editor.default\">\n\t\t\t\t<div class=\"elementor-widget-container\">\n\t\t\t\t\t\t\t\t\t<p>Kerea, filiale d\u2019<a href=\"https:\/\/www.efficience-santeautravail.org\/\">Efficience Sant\u00e9 au Travail<\/a> sera pr\u00e9sent au salon Infirmier du 17 au 19 mai 2022 \u00e0 Paris Expo &#8211; Porte de Versailles.<\/p><p>Le <a href=\"https:\/\/www.saloninfirmier.fr\/\">salon Infirmier<\/a> se tiendra sur 3 jours. Le th\u00e8me de l\u2019ann\u00e9e est \u00ab\u00a0Comment r\u00e9-enchanter la profession infirmi\u00e8re\u00a0?\u00bb. Il rassemblera les professionnels infirmiers qui pourrons se former, s\u2019informer et se rencontrer. Cette ann\u00e9e, le salon comptera une centaine d\u2019exposants et pr\u00e8s de 10\u00a0000 visiteurs.<\/p><p>Pour son premier salon de l\u2019ann\u00e9e, Kerea aura le plaisir de vous rencontrer aux c\u00f4t\u00e9s d\u2019Efficience Sant\u00e9 au Travail sur son stand D07 du Pavillon 1.<\/p><p>Un programme riche et instructif vous y attend\u00a0:<\/p><ul><li>Ateliers ludiques\u00a0: Pr\u00e9parer votre smoothie en p\u00e9dalant sur le v\u00e9lo, \u2026<\/li><li>Sensibilisation et pr\u00e9vention<\/li><li>Recrutements<\/li><li>Conf\u00e9rences, tables rondes<\/li><\/ul>\t\t\t\t\t\t\t\t<\/div>\n\t\t\t\t<\/div>\n\t\t\t\t\t<\/div>\n\t\t<\/div>\n\t\t\t\t\t<\/div>\n\t\t<\/section>\n\t\t\t\t<section class=\"elementor-section elementor-top-section elementor-element elementor-element-0ce0f15 elementor-section-boxed elementor-section-height-default elementor-section-height-default\" data-id=\"0ce0f15\" data-element_type=\"section\" data-e-type=\"section\">\n\t\t\t\t\t\t<div class=\"elementor-container elementor-column-gap-default\">\n\t\t\t\t\t<div class=\"elementor-column elementor-col-66 elementor-top-column elementor-element elementor-element-b5cc6bb\" data-id=\"b5cc6bb\" data-element_type=\"column\" data-e-type=\"column\">\n\t\t\t<div class=\"elementor-widget-wrap elementor-element-populated\">\n\t\t\t\t\t\t<div class=\"elementor-element elementor-element-6cb8686 elementor-widget elementor-widget-text-editor\" data-id=\"6cb8686\" data-element_type=\"widget\" data-e-type=\"widget\" data-widget_type=\"text-editor.default\">\n\t\t\t\t<div class=\"elementor-widget-container\">\n\t\t\t\t\t\t\t\t\t<p>Retrouvez toutes les informations pratiques sur le site Internet du Salon Infirmier.<\/p>\t\t\t\t\t\t\t\t<\/div>\n\t\t\t\t<\/div>\n\t\t\t\t\t<\/div>\n\t\t<\/div>\n\t\t\t\t<div class=\"elementor-column elementor-col-33 elementor-top-column elementor-element elementor-element-8acba66\" data-id=\"8acba66\" data-element_type=\"column\" data-e-type=\"column\">\n\t\t\t<div class=\"elementor-widget-wrap\">\n\t\t\t\t\t\t\t<\/div>\n\t\t<\/div>\n\t\t\t\t\t<\/div>\n\t\t<\/section>\n\t\t\t\t<\/div>\n\t\t","protected":false},"excerpt":{"rendered":"<p>Kerea, filiale d\u2019Efficience Sant\u00e9 au Travail sera pr\u00e9sent au salon Infirmier du 17 au 19 mai 2022 \u00e0 Paris Expo &#8211; Porte de Versailles.<\/p>\n","protected":false},"author":1,"featured_media":2496,"comment_status":"closed","ping_status":"closed","sticky":false,"template":"","format":"standard","meta":{"_monsterinsights_skip_tracking":false,"_monsterinsights_sitenote_active":false,"_monsterinsights_sitenote_note":"","_monsterinsights_sitenote_category":0,"footnotes":""},"categories":[25],"tags":[],"class_list":["post-2503","post","type-post","status-publish","format-standard","has-post-thumbnail","hentry","category-evenements"],"yoast_head":"<!-- This site is optimized with the Yoast SEO plugin v27.5 - https:\/\/yoast.com\/product\/yoast-seo-wordpress\/ -->\n<title>Kerea annonce sa pr\u00e9sence au salon Infirmier 2022 - KEREA<\/title>\n<meta name=\"description\" content=\"Kerea, filiale d\u2019Efficience Sant\u00e9 au Travail sera pr\u00e9sent au salon Infirmier du 17 au 19 mai 2022 \u00e0 Paris Expo - Porte de Versailles.\" \/>\n<meta name=\"robots\" content=\"index, follow, max-snippet:-1, max-image-preview:large, max-video-preview:-1\" \/>\n<link rel=\"canonical\" href=\"https:\/\/www.kerea.eu\/index.php\/2022\/05\/04\/kerea-annonce-sa-presence-au-salon-infirmier-2022\/\" \/>\n<meta property=\"og:locale\" content=\"fr_FR\" \/>\n<meta property=\"og:type\" content=\"article\" \/>\n<meta property=\"og:title\" content=\"Kerea annonce sa pr\u00e9sence au salon Infirmier 2022 - KEREA\" \/>\n<meta property=\"og:description\" content=\"Kerea, filiale d\u2019Efficience Sant\u00e9 au Travail sera pr\u00e9sent au salon Infirmier du 17 au 19 mai 2022 \u00e0 Paris Expo - Porte de Versailles.\" \/>\n<meta property=\"og:url\" content=\"https:\/\/www.kerea.eu\/index.php\/2022\/05\/04\/kerea-annonce-sa-presence-au-salon-infirmier-2022\/\" \/>\n<meta property=\"og:site_name\" content=\"KEREA\" \/>\n<meta property=\"article:published_time\" content=\"2022-05-04T11:55:39+00:00\" \/>\n<meta property=\"article:modified_time\" content=\"2024-03-12T09:50:38+00:00\" \/>\n<meta property=\"og:image\" content=\"https:\/\/www.kerea.eu\/wp-content\/uploads\/2022\/05\/Banniere-salon-infirmier.png\" \/>\n\t<meta property=\"og:image:width\" content=\"700\" \/>\n\t<meta property=\"og:image:height\" content=\"400\" \/>\n\t<meta property=\"og:image:type\" content=\"image\/png\" \/>\n<meta name=\"author\" content=\"Kerea\" \/>\n<meta name=\"twitter:card\" content=\"summary_large_image\" \/>\n<meta name=\"twitter:label1\" content=\"\u00c9crit par\" \/>\n\t<meta name=\"twitter:data1\" content=\"Kerea\" \/>\n\t<meta name=\"twitter:label2\" content=\"Dur\u00e9e de lecture estim\u00e9e\" \/>\n\t<meta name=\"twitter:data2\" content=\"1 minute\" \/>\n<script type=\"application\/ld+json\" class=\"yoast-schema-graph\">{\"@context\":\"https:\\\/\\\/schema.org\",\"@graph\":[{\"@type\":\"Article\",\"@id\":\"https:\\\/\\\/www.kerea.eu\\\/index.php\\\/2022\\\/05\\\/04\\\/kerea-annonce-sa-presence-au-salon-infirmier-2022\\\/#article\",\"isPartOf\":{\"@id\":\"https:\\\/\\\/www.kerea.eu\\\/index.php\\\/2022\\\/05\\\/04\\\/kerea-annonce-sa-presence-au-salon-infirmier-2022\\\/\"},\"author\":{\"name\":\"Kerea\",\"@id\":\"https:\\\/\\\/37.59.242.200\\\/#\\\/schema\\\/person\\\/5396e4c57a7033d620add4e1ee171967\"},\"headline\":\"Kerea annonce sa pr\u00e9sence au salon Infirmier 2022\",\"datePublished\":\"2022-05-04T11:55:39+00:00\",\"dateModified\":\"2024-03-12T09:50:38+00:00\",\"mainEntityOfPage\":{\"@id\":\"https:\\\/\\\/www.kerea.eu\\\/index.php\\\/2022\\\/05\\\/04\\\/kerea-annonce-sa-presence-au-salon-infirmier-2022\\\/\"},\"wordCount\":153,\"publisher\":{\"@id\":\"https:\\\/\\\/37.59.242.200\\\/#organization\"},\"image\":{\"@id\":\"https:\\\/\\\/www.kerea.eu\\\/index.php\\\/2022\\\/05\\\/04\\\/kerea-annonce-sa-presence-au-salon-infirmier-2022\\\/#primaryimage\"},\"thumbnailUrl\":\"https:\\\/\\\/www.kerea.eu\\\/wp-content\\\/uploads\\\/2022\\\/05\\\/Banniere-salon-infirmier.png\",\"articleSection\":[\"Ev\u00e8nements\"],\"inLanguage\":\"fr-FR\"},{\"@type\":\"WebPage\",\"@id\":\"https:\\\/\\\/www.kerea.eu\\\/index.php\\\/2022\\\/05\\\/04\\\/kerea-annonce-sa-presence-au-salon-infirmier-2022\\\/\",\"url\":\"https:\\\/\\\/www.kerea.eu\\\/index.php\\\/2022\\\/05\\\/04\\\/kerea-annonce-sa-presence-au-salon-infirmier-2022\\\/\",\"name\":\"Kerea annonce sa pr\u00e9sence au salon Infirmier 2022 - KEREA\",\"isPartOf\":{\"@id\":\"https:\\\/\\\/37.59.242.200\\\/#website\"},\"primaryImageOfPage\":{\"@id\":\"https:\\\/\\\/www.kerea.eu\\\/index.php\\\/2022\\\/05\\\/04\\\/kerea-annonce-sa-presence-au-salon-infirmier-2022\\\/#primaryimage\"},\"image\":{\"@id\":\"https:\\\/\\\/www.kerea.eu\\\/index.php\\\/2022\\\/05\\\/04\\\/kerea-annonce-sa-presence-au-salon-infirmier-2022\\\/#primaryimage\"},\"thumbnailUrl\":\"https:\\\/\\\/www.kerea.eu\\\/wp-content\\\/uploads\\\/2022\\\/05\\\/Banniere-salon-infirmier.png\",\"datePublished\":\"2022-05-04T11:55:39+00:00\",\"dateModified\":\"2024-03-12T09:50:38+00:00\",\"description\":\"Kerea, filiale d\u2019Efficience Sant\u00e9 au Travail sera pr\u00e9sent au salon Infirmier du 17 au 19 mai 2022 \u00e0 Paris Expo - Porte de Versailles.\",\"breadcrumb\":{\"@id\":\"https:\\\/\\\/www.kerea.eu\\\/index.php\\\/2022\\\/05\\\/04\\\/kerea-annonce-sa-presence-au-salon-infirmier-2022\\\/#breadcrumb\"},\"inLanguage\":\"fr-FR\",\"potentialAction\":[{\"@type\":\"ReadAction\",\"target\":[\"https:\\\/\\\/www.kerea.eu\\\/index.php\\\/2022\\\/05\\\/04\\\/kerea-annonce-sa-presence-au-salon-infirmier-2022\\\/\"]}]},{\"@type\":\"ImageObject\",\"inLanguage\":\"fr-FR\",\"@id\":\"https:\\\/\\\/www.kerea.eu\\\/index.php\\\/2022\\\/05\\\/04\\\/kerea-annonce-sa-presence-au-salon-infirmier-2022\\\/#primaryimage\",\"url\":\"https:\\\/\\\/www.kerea.eu\\\/wp-content\\\/uploads\\\/2022\\\/05\\\/Banniere-salon-infirmier.png\",\"contentUrl\":\"https:\\\/\\\/www.kerea.eu\\\/wp-content\\\/uploads\\\/2022\\\/05\\\/Banniere-salon-infirmier.png\",\"width\":700,\"height\":400,\"caption\":\"banni\u00e8re salon infirmier\"},{\"@type\":\"BreadcrumbList\",\"@id\":\"https:\\\/\\\/www.kerea.eu\\\/index.php\\\/2022\\\/05\\\/04\\\/kerea-annonce-sa-presence-au-salon-infirmier-2022\\\/#breadcrumb\",\"itemListElement\":[{\"@type\":\"ListItem\",\"position\":1,\"name\":\"Accueil\",\"item\":\"https:\\\/\\\/www.kerea.eu\\\/\"},{\"@type\":\"ListItem\",\"position\":2,\"name\":\"Kerea annonce sa pr\u00e9sence au salon Infirmier 2022\"}]},{\"@type\":\"WebSite\",\"@id\":\"https:\\\/\\\/37.59.242.200\\\/#website\",\"url\":\"https:\\\/\\\/37.59.242.200\\\/\",\"name\":\"KEREA\",\"description\":\"Kerea, votre partenaire sant\u00e9 et bien-\u00eatre au travail\",\"publisher\":{\"@id\":\"https:\\\/\\\/37.59.242.200\\\/#organization\"},\"potentialAction\":[{\"@type\":\"SearchAction\",\"target\":{\"@type\":\"EntryPoint\",\"urlTemplate\":\"https:\\\/\\\/37.59.242.200\\\/?s={search_term_string}\"},\"query-input\":{\"@type\":\"PropertyValueSpecification\",\"valueRequired\":true,\"valueName\":\"search_term_string\"}}],\"inLanguage\":\"fr-FR\"},{\"@type\":\"Organization\",\"@id\":\"https:\\\/\\\/37.59.242.200\\\/#organization\",\"name\":\"KEREA\",\"url\":\"https:\\\/\\\/37.59.242.200\\\/\",\"logo\":{\"@type\":\"ImageObject\",\"inLanguage\":\"fr-FR\",\"@id\":\"https:\\\/\\\/37.59.242.200\\\/#\\\/schema\\\/logo\\\/image\\\/\",\"url\":\"https:\\\/\\\/www.kerea.eu\\\/wp-content\\\/uploads\\\/2025\\\/12\\\/logo-kerea.png\",\"contentUrl\":\"https:\\\/\\\/www.kerea.eu\\\/wp-content\\\/uploads\\\/2025\\\/12\\\/logo-kerea.png\",\"width\":1497,\"height\":600,\"caption\":\"KEREA\"},\"image\":{\"@id\":\"https:\\\/\\\/37.59.242.200\\\/#\\\/schema\\\/logo\\\/image\\\/\"},\"sameAs\":[\"https:\\\/\\\/www.linkedin.com\\\/showcase\\\/kerea-by-efficience\\\/\"]},{\"@type\":\"Person\",\"@id\":\"https:\\\/\\\/37.59.242.200\\\/#\\\/schema\\\/person\\\/5396e4c57a7033d620add4e1ee171967\",\"name\":\"Kerea\",\"url\":\"https:\\\/\\\/www.kerea.eu\\\/index.php\\\/author\\\/admin\\\/\"}]}<\/script>\n<!-- \/ Yoast SEO plugin. -->","yoast_head_json":{"title":"Kerea annonce sa pr\u00e9sence au salon Infirmier 2022 - KEREA","description":"Kerea, filiale d\u2019Efficience Sant\u00e9 au Travail sera pr\u00e9sent au salon Infirmier du 17 au 19 mai 2022 \u00e0 Paris Expo - Porte de Versailles.","robots":{"index":"index","follow":"follow","max-snippet":"max-snippet:-1","max-image-preview":"max-image-preview:large","max-video-preview":"max-video-preview:-1"},"canonical":"https:\/\/www.kerea.eu\/index.php\/2022\/05\/04\/kerea-annonce-sa-presence-au-salon-infirmier-2022\/","og_locale":"fr_FR","og_type":"article","og_title":"Kerea annonce sa pr\u00e9sence au salon Infirmier 2022 - KEREA","og_description":"Kerea, filiale d\u2019Efficience Sant\u00e9 au Travail sera pr\u00e9sent au salon Infirmier du 17 au 19 mai 2022 \u00e0 Paris Expo - Porte de Versailles.","og_url":"https:\/\/www.kerea.eu\/index.php\/2022\/05\/04\/kerea-annonce-sa-presence-au-salon-infirmier-2022\/","og_site_name":"KEREA","article_published_time":"2022-05-04T11:55:39+00:00","article_modified_time":"2024-03-12T09:50:38+00:00","og_image":[{"width":700,"height":400,"url":"https:\/\/www.kerea.eu\/wp-content\/uploads\/2022\/05\/Banniere-salon-infirmier.png","type":"image\/png"}],"author":"Kerea","twitter_card":"summary_large_image","twitter_misc":{"\u00c9crit par":"Kerea","Dur\u00e9e de lecture estim\u00e9e":"1 minute"},"schema":{"@context":"https:\/\/schema.org","@graph":[{"@type":"Article","@id":"https:\/\/www.kerea.eu\/index.php\/2022\/05\/04\/kerea-annonce-sa-presence-au-salon-infirmier-2022\/#article","isPartOf":{"@id":"https:\/\/www.kerea.eu\/index.php\/2022\/05\/04\/kerea-annonce-sa-presence-au-salon-infirmier-2022\/"},"author":{"name":"Kerea","@id":"https:\/\/37.59.242.200\/#\/schema\/person\/5396e4c57a7033d620add4e1ee171967"},"headline":"Kerea annonce sa pr\u00e9sence au salon Infirmier 2022","datePublished":"2022-05-04T11:55:39+00:00","dateModified":"2024-03-12T09:50:38+00:00","mainEntityOfPage":{"@id":"https:\/\/www.kerea.eu\/index.php\/2022\/05\/04\/kerea-annonce-sa-presence-au-salon-infirmier-2022\/"},"wordCount":153,"publisher":{"@id":"https:\/\/37.59.242.200\/#organization"},"image":{"@id":"https:\/\/www.kerea.eu\/index.php\/2022\/05\/04\/kerea-annonce-sa-presence-au-salon-infirmier-2022\/#primaryimage"},"thumbnailUrl":"https:\/\/www.kerea.eu\/wp-content\/uploads\/2022\/05\/Banniere-salon-infirmier.png","articleSection":["Ev\u00e8nements"],"inLanguage":"fr-FR"},{"@type":"WebPage","@id":"https:\/\/www.kerea.eu\/index.php\/2022\/05\/04\/kerea-annonce-sa-presence-au-salon-infirmier-2022\/","url":"https:\/\/www.kerea.eu\/index.php\/2022\/05\/04\/kerea-annonce-sa-presence-au-salon-infirmier-2022\/","name":"Kerea annonce sa pr\u00e9sence au salon Infirmier 2022 - KEREA","isPartOf":{"@id":"https:\/\/37.59.242.200\/#website"},"primaryImageOfPage":{"@id":"https:\/\/www.kerea.eu\/index.php\/2022\/05\/04\/kerea-annonce-sa-presence-au-salon-infirmier-2022\/#primaryimage"},"image":{"@id":"https:\/\/www.kerea.eu\/index.php\/2022\/05\/04\/kerea-annonce-sa-presence-au-salon-infirmier-2022\/#primaryimage"},"thumbnailUrl":"https:\/\/www.kerea.eu\/wp-content\/uploads\/2022\/05\/Banniere-salon-infirmier.png","datePublished":"2022-05-04T11:55:39+00:00","dateModified":"2024-03-12T09:50:38+00:00","description":"Kerea, filiale d\u2019Efficience Sant\u00e9 au Travail sera pr\u00e9sent au salon Infirmier du 17 au 19 mai 2022 \u00e0 Paris Expo - Porte de Versailles.","breadcrumb":{"@id":"https:\/\/www.kerea.eu\/index.php\/2022\/05\/04\/kerea-annonce-sa-presence-au-salon-infirmier-2022\/#breadcrumb"},"inLanguage":"fr-FR","potentialAction":[{"@type":"ReadAction","target":["https:\/\/www.kerea.eu\/index.php\/2022\/05\/04\/kerea-annonce-sa-presence-au-salon-infirmier-2022\/"]}]},{"@type":"ImageObject","inLanguage":"fr-FR","@id":"https:\/\/www.kerea.eu\/index.php\/2022\/05\/04\/kerea-annonce-sa-presence-au-salon-infirmier-2022\/#primaryimage","url":"https:\/\/www.kerea.eu\/wp-content\/uploads\/2022\/05\/Banniere-salon-infirmier.png","contentUrl":"https:\/\/www.kerea.eu\/wp-content\/uploads\/2022\/05\/Banniere-salon-infirmier.png","width":700,"height":400,"caption":"banni\u00e8re salon infirmier"},{"@type":"BreadcrumbList","@id":"https:\/\/www.kerea.eu\/index.php\/2022\/05\/04\/kerea-annonce-sa-presence-au-salon-infirmier-2022\/#breadcrumb","itemListElement":[{"@type":"ListItem","position":1,"name":"Accueil","item":"https:\/\/www.kerea.eu\/"},{"@type":"ListItem","position":2,"name":"Kerea annonce sa pr\u00e9sence au salon Infirmier 2022"}]},{"@type":"WebSite","@id":"https:\/\/37.59.242.200\/#website","url":"https:\/\/37.59.242.200\/","name":"KEREA","description":"Kerea, votre partenaire sant\u00e9 et bien-\u00eatre au travail","publisher":{"@id":"https:\/\/37.59.242.200\/#organization"},"potentialAction":[{"@type":"SearchAction","target":{"@type":"EntryPoint","urlTemplate":"https:\/\/37.59.242.200\/?s={search_term_string}"},"query-input":{"@type":"PropertyValueSpecification","valueRequired":true,"valueName":"search_term_string"}}],"inLanguage":"fr-FR"},{"@type":"Organization","@id":"https:\/\/37.59.242.200\/#organization","name":"KEREA","url":"https:\/\/37.59.242.200\/","logo":{"@type":"ImageObject","inLanguage":"fr-FR","@id":"https:\/\/37.59.242.200\/#\/schema\/logo\/image\/","url":"https:\/\/www.kerea.eu\/wp-content\/uploads\/2025\/12\/logo-kerea.png","contentUrl":"https:\/\/www.kerea.eu\/wp-content\/uploads\/2025\/12\/logo-kerea.png","width":1497,"height":600,"caption":"KEREA"},"image":{"@id":"https:\/\/37.59.242.200\/#\/schema\/logo\/image\/"},"sameAs":["https:\/\/www.linkedin.com\/showcase\/kerea-by-efficience\/"]},{"@type":"Person","@id":"https:\/\/37.59.242.200\/#\/schema\/person\/5396e4c57a7033d620add4e1ee171967","name":"Kerea","url":"https:\/\/www.kerea.eu\/index.php\/author\/admin\/"}]}},"_links":{"self":[{"href":"https:\/\/www.kerea.eu\/index.php\/wp-json\/wp\/v2\/posts\/2503","targetHints":{"allow":["GET"]}}],"collection":[{"href":"https:\/\/www.kerea.eu\/index.php\/wp-json\/wp\/v2\/posts"}],"about":[{"href":"https:\/\/www.kerea.eu\/index.php\/wp-json\/wp\/v2\/types\/post"}],"author":[{"embeddable":true,"href":"https:\/\/www.kerea.eu\/index.php\/wp-json\/wp\/v2\/users\/1"}],"replies":[{"embeddable":true,"href":"https:\/\/www.kerea.eu\/index.php\/wp-json\/wp\/v2\/comments?post=2503"}],"version-history":[{"count":18,"href":"https:\/\/www.kerea.eu\/index.php\/wp-json\/wp\/v2\/posts\/2503\/revisions"}],"predecessor-version":[{"id":645490,"href":"https:\/\/www.kerea.eu\/index.php\/wp-json\/wp\/v2\/posts\/2503\/revisions\/645490"}],"wp:featuredmedia":[{"embeddable":true,"href":"https:\/\/www.kerea.eu\/index.php\/wp-json\/wp\/v2\/media\/2496"}],"wp:attachment":[{"href":"https:\/\/www.kerea.eu\/index.php\/wp-json\/wp\/v2\/media?parent=2503"}],"wp:term":[{"taxonomy":"category","embeddable":true,"href":"https:\/\/www.kerea.eu\/index.php\/wp-json\/wp\/v2\/categories?post=2503"},{"taxonomy":"post_tag","embeddable":true,"href":"https:\/\/www.kerea.eu\/index.php\/wp-json\/wp\/v2\/tags?post=2503"}],"curies":[{"name":"wp","href":"https:\/\/api.w.org\/{rel}","templated":true}]}}