{"id":2439,"date":"2022-03-30T08:45:53","date_gmt":"2022-03-30T08:45:53","guid":{"rendered":"https:\/\/www.kerea.eu\/?p=2439"},"modified":"2022-11-03T14:34:17","modified_gmt":"2022-11-03T14:34:17","slug":"efficience-sante-au-travail-et-sa-filiale-kerea-sur-bfm-business","status":"publish","type":"post","link":"https:\/\/www.kerea.eu\/index.php\/2022\/03\/30\/efficience-sante-au-travail-et-sa-filiale-kerea-sur-bfm-business\/","title":{"rendered":"Efficience Sant\u00e9 au Travail et sa filiale Kerea sur BFM Business"},"content":{"rendered":"\t\t<div data-elementor-type=\"wp-post\" data-elementor-id=\"2439\" class=\"elementor elementor-2439\">\n\t\t\t\t\t\t<section class=\"elementor-section elementor-top-section elementor-element elementor-element-980f5d9 elementor-section-boxed elementor-section-height-default elementor-section-height-default\" data-id=\"980f5d9\" data-element_type=\"section\" data-e-type=\"section\">\n\t\t\t\t\t\t<div class=\"elementor-container elementor-column-gap-default\">\n\t\t\t\t\t<div class=\"elementor-column elementor-col-100 elementor-top-column elementor-element elementor-element-ec15f5a\" data-id=\"ec15f5a\" data-element_type=\"column\" data-e-type=\"column\">\n\t\t\t<div class=\"elementor-widget-wrap elementor-element-populated\">\n\t\t\t\t\t\t<div class=\"elementor-element elementor-element-fd96ffa elementor-widget elementor-widget-text-editor\" data-id=\"fd96ffa\" data-element_type=\"widget\" data-e-type=\"widget\" data-widget_type=\"text-editor.default\">\n\t\t\t\t<div class=\"elementor-widget-container\">\n\t\t\t\t\t\t\t\t\t<p><a href=\"https:\/\/www.linkedin.com\/in\/thibaut-fleury-74619b4\/\">Thibaut FLEURY<\/a> et <a href=\"https:\/\/www.linkedin.com\/in\/valerie-dunas-7a318379\/\">Val\u00e9rie DUNAS<\/a> ont \u00e9t\u00e9 convi\u00e9 sur le plateau de BFM Business en compagnie d\u2019<a href=\"https:\/\/www.linkedin.com\/in\/el%C3%A9onore-boccara-27978ab0\/\">El\u00e9onore Boccara<\/a>. Une opportunit\u00e9 de pr\u00e9senter <a href=\"https:\/\/www.efficience-santeautravail.org\/\">Efficience Sant\u00e9 au Travail<\/a> et sa filiale <a href=\"https:\/\/www.kerea.eu\/\">Kerea<\/a>.<\/p><p>Missions, plan d&rsquo;action, pr\u00e9sentation des services et de l&rsquo;offre compl\u00e9mentaire et perspectives de d\u00e9veloppement sont les points abord\u00e9s lors de cet interview.<\/p>\t\t\t\t\t\t\t\t<\/div>\n\t\t\t\t<\/div>\n\t\t\t\t\t<\/div>\n\t\t<\/div>\n\t\t\t\t\t<\/div>\n\t\t<\/section>\n\t\t\t\t<section class=\"elementor-section elementor-top-section elementor-element elementor-element-76181b0 elementor-section-boxed elementor-section-height-default elementor-section-height-default\" data-id=\"76181b0\" data-element_type=\"section\" data-e-type=\"section\">\n\t\t\t\t\t\t<div class=\"elementor-container elementor-column-gap-default\">\n\t\t\t\t\t<div class=\"elementor-column elementor-col-100 elementor-top-column elementor-element elementor-element-249c75d\" data-id=\"249c75d\" data-element_type=\"column\" data-e-type=\"column\">\n\t\t\t<div class=\"elementor-widget-wrap elementor-element-populated\">\n\t\t\t\t\t\t<div class=\"elementor-element elementor-element-e9bdcdf elementor-align-center elementor-widget elementor-widget-button\" data-id=\"e9bdcdf\" data-element_type=\"widget\" data-e-type=\"widget\" data-widget_type=\"button.default\">\n\t\t\t\t<div class=\"elementor-widget-container\">\n\t\t\t\t\t\t\t\t\t<div class=\"elementor-button-wrapper\">\n\t\t\t\t\t<a class=\"elementor-button elementor-button-link elementor-size-sm\" href=\"https:\/\/www.bfmtv.com\/economie\/professionnels\/efficience-sante-au-travail-une-expertise-au-service-des-entreprises_AB-202203280005.html\">\n\t\t\t\t\t\t<span class=\"elementor-button-content-wrapper\">\n\t\t\t\t\t\t\t\t\t<span class=\"elementor-button-text\">D\u00e9couvrez l'article et l'interview en int\u00e9gralit\u00e9<\/span>\n\t\t\t\t\t<\/span>\n\t\t\t\t\t<\/a>\n\t\t\t\t<\/div>\n\t\t\t\t\t\t\t\t<\/div>\n\t\t\t\t<\/div>\n\t\t\t\t\t<\/div>\n\t\t<\/div>\n\t\t\t\t\t<\/div>\n\t\t<\/section>\n\t\t\t\t<\/div>\n\t\t","protected":false},"excerpt":{"rendered":"<p>Thibaut FLEURY et Val\u00e9rie DUNAS ont \u00e9t\u00e9 convi\u00e9 sur le plateau de BFM Business en compagnie d\u2019El\u00e9onore Boccara.<\/p>\n","protected":false},"author":1,"featured_media":2445,"comment_status":"closed","ping_status":"closed","sticky":false,"template":"","format":"standard","meta":{"_monsterinsights_skip_tracking":false,"_monsterinsights_sitenote_active":false,"_monsterinsights_sitenote_note":"","_monsterinsights_sitenote_category":0,"footnotes":""},"categories":[15],"tags":[],"class_list":["post-2439","post","type-post","status-publish","format-standard","has-post-thumbnail","hentry","category-interview"],"yoast_head":"<!-- This site is optimized with the Yoast SEO plugin v27.5 - https:\/\/yoast.com\/product\/yoast-seo-wordpress\/ -->\n<title>Efficience Sant\u00e9 au Travail et sa filiale Kerea sur BFM Business<\/title>\n<meta name=\"description\" content=\"Thibaut FLEURY et Val\u00e9rie DUNAS ont \u00e9t\u00e9 convi\u00e9 sur le plateau de BFM Business pour parler de Efficience Sant\u00e9 au Travail et Kerea.\" \/>\n<meta name=\"robots\" content=\"index, follow, max-snippet:-1, max-image-preview:large, max-video-preview:-1\" \/>\n<link rel=\"canonical\" href=\"https:\/\/www.kerea.eu\/index.php\/2022\/03\/30\/efficience-sante-au-travail-et-sa-filiale-kerea-sur-bfm-business\/\" \/>\n<meta property=\"og:locale\" content=\"fr_FR\" \/>\n<meta property=\"og:type\" content=\"article\" \/>\n<meta property=\"og:title\" content=\"Efficience Sant\u00e9 au Travail et sa filiale Kerea sur BFM Business\" \/>\n<meta property=\"og:description\" content=\"Thibaut FLEURY et Val\u00e9rie DUNAS ont \u00e9t\u00e9 convi\u00e9 sur le plateau de BFM Business pour parler de Efficience Sant\u00e9 au Travail et Kerea.\" \/>\n<meta property=\"og:url\" content=\"https:\/\/www.kerea.eu\/index.php\/2022\/03\/30\/efficience-sante-au-travail-et-sa-filiale-kerea-sur-bfm-business\/\" \/>\n<meta property=\"og:site_name\" content=\"KEREA\" \/>\n<meta property=\"article:published_time\" content=\"2022-03-30T08:45:53+00:00\" \/>\n<meta property=\"article:modified_time\" content=\"2022-11-03T14:34:17+00:00\" \/>\n<meta property=\"og:image\" content=\"https:\/\/www.kerea.eu\/wp-content\/uploads\/2022\/03\/Efficience-Sante-au-Travail-BFM.jpg\" \/>\n\t<meta property=\"og:image:width\" content=\"800\" \/>\n\t<meta property=\"og:image:height\" content=\"450\" \/>\n\t<meta property=\"og:image:type\" content=\"image\/jpeg\" \/>\n<meta name=\"author\" content=\"Kerea\" \/>\n<meta name=\"twitter:card\" content=\"summary_large_image\" \/>\n<meta name=\"twitter:label1\" content=\"\u00c9crit par\" \/>\n\t<meta name=\"twitter:data1\" content=\"Kerea\" \/>\n\t<meta name=\"twitter:label2\" content=\"Dur\u00e9e de lecture estim\u00e9e\" \/>\n\t<meta name=\"twitter:data2\" content=\"1 minute\" \/>\n<script type=\"application\/ld+json\" class=\"yoast-schema-graph\">{\"@context\":\"https:\\\/\\\/schema.org\",\"@graph\":[{\"@type\":\"Article\",\"@id\":\"https:\\\/\\\/www.kerea.eu\\\/index.php\\\/2022\\\/03\\\/30\\\/efficience-sante-au-travail-et-sa-filiale-kerea-sur-bfm-business\\\/#article\",\"isPartOf\":{\"@id\":\"https:\\\/\\\/www.kerea.eu\\\/index.php\\\/2022\\\/03\\\/30\\\/efficience-sante-au-travail-et-sa-filiale-kerea-sur-bfm-business\\\/\"},\"author\":{\"name\":\"Kerea\",\"@id\":\"https:\\\/\\\/37.59.242.200\\\/#\\\/schema\\\/person\\\/5396e4c57a7033d620add4e1ee171967\"},\"headline\":\"Efficience Sant\u00e9 au Travail et sa filiale Kerea sur BFM Business\",\"datePublished\":\"2022-03-30T08:45:53+00:00\",\"dateModified\":\"2022-11-03T14:34:17+00:00\",\"mainEntityOfPage\":{\"@id\":\"https:\\\/\\\/www.kerea.eu\\\/index.php\\\/2022\\\/03\\\/30\\\/efficience-sante-au-travail-et-sa-filiale-kerea-sur-bfm-business\\\/\"},\"wordCount\":83,\"publisher\":{\"@id\":\"https:\\\/\\\/37.59.242.200\\\/#organization\"},\"image\":{\"@id\":\"https:\\\/\\\/www.kerea.eu\\\/index.php\\\/2022\\\/03\\\/30\\\/efficience-sante-au-travail-et-sa-filiale-kerea-sur-bfm-business\\\/#primaryimage\"},\"thumbnailUrl\":\"https:\\\/\\\/www.kerea.eu\\\/wp-content\\\/uploads\\\/2022\\\/03\\\/Efficience-Sante-au-Travail-BFM.jpg\",\"articleSection\":[\"Interview\"],\"inLanguage\":\"fr-FR\"},{\"@type\":\"WebPage\",\"@id\":\"https:\\\/\\\/www.kerea.eu\\\/index.php\\\/2022\\\/03\\\/30\\\/efficience-sante-au-travail-et-sa-filiale-kerea-sur-bfm-business\\\/\",\"url\":\"https:\\\/\\\/www.kerea.eu\\\/index.php\\\/2022\\\/03\\\/30\\\/efficience-sante-au-travail-et-sa-filiale-kerea-sur-bfm-business\\\/\",\"name\":\"Efficience Sant\u00e9 au Travail et sa filiale Kerea sur BFM Business\",\"isPartOf\":{\"@id\":\"https:\\\/\\\/37.59.242.200\\\/#website\"},\"primaryImageOfPage\":{\"@id\":\"https:\\\/\\\/www.kerea.eu\\\/index.php\\\/2022\\\/03\\\/30\\\/efficience-sante-au-travail-et-sa-filiale-kerea-sur-bfm-business\\\/#primaryimage\"},\"image\":{\"@id\":\"https:\\\/\\\/www.kerea.eu\\\/index.php\\\/2022\\\/03\\\/30\\\/efficience-sante-au-travail-et-sa-filiale-kerea-sur-bfm-business\\\/#primaryimage\"},\"thumbnailUrl\":\"https:\\\/\\\/www.kerea.eu\\\/wp-content\\\/uploads\\\/2022\\\/03\\\/Efficience-Sante-au-Travail-BFM.jpg\",\"datePublished\":\"2022-03-30T08:45:53+00:00\",\"dateModified\":\"2022-11-03T14:34:17+00:00\",\"description\":\"Thibaut FLEURY et Val\u00e9rie DUNAS ont \u00e9t\u00e9 convi\u00e9 sur le plateau de BFM Business pour parler de Efficience Sant\u00e9 au Travail et Kerea.\",\"breadcrumb\":{\"@id\":\"https:\\\/\\\/www.kerea.eu\\\/index.php\\\/2022\\\/03\\\/30\\\/efficience-sante-au-travail-et-sa-filiale-kerea-sur-bfm-business\\\/#breadcrumb\"},\"inLanguage\":\"fr-FR\",\"potentialAction\":[{\"@type\":\"ReadAction\",\"target\":[\"https:\\\/\\\/www.kerea.eu\\\/index.php\\\/2022\\\/03\\\/30\\\/efficience-sante-au-travail-et-sa-filiale-kerea-sur-bfm-business\\\/\"]}]},{\"@type\":\"ImageObject\",\"inLanguage\":\"fr-FR\",\"@id\":\"https:\\\/\\\/www.kerea.eu\\\/index.php\\\/2022\\\/03\\\/30\\\/efficience-sante-au-travail-et-sa-filiale-kerea-sur-bfm-business\\\/#primaryimage\",\"url\":\"https:\\\/\\\/www.kerea.eu\\\/wp-content\\\/uploads\\\/2022\\\/03\\\/Efficience-Sante-au-Travail-BFM.jpg\",\"contentUrl\":\"https:\\\/\\\/www.kerea.eu\\\/wp-content\\\/uploads\\\/2022\\\/03\\\/Efficience-Sante-au-Travail-BFM.jpg\",\"width\":800,\"height\":450,\"caption\":\"Thibault Fleurry et Val\u00e9rie Dunas sur le plateau de BFM Business\"},{\"@type\":\"BreadcrumbList\",\"@id\":\"https:\\\/\\\/www.kerea.eu\\\/index.php\\\/2022\\\/03\\\/30\\\/efficience-sante-au-travail-et-sa-filiale-kerea-sur-bfm-business\\\/#breadcrumb\",\"itemListElement\":[{\"@type\":\"ListItem\",\"position\":1,\"name\":\"Accueil\",\"item\":\"https:\\\/\\\/www.kerea.eu\\\/\"},{\"@type\":\"ListItem\",\"position\":2,\"name\":\"Efficience Sant\u00e9 au Travail et sa filiale Kerea sur BFM Business\"}]},{\"@type\":\"WebSite\",\"@id\":\"https:\\\/\\\/37.59.242.200\\\/#website\",\"url\":\"https:\\\/\\\/37.59.242.200\\\/\",\"name\":\"KEREA\",\"description\":\"Kerea, votre partenaire sant\u00e9 et bien-\u00eatre au travail\",\"publisher\":{\"@id\":\"https:\\\/\\\/37.59.242.200\\\/#organization\"},\"potentialAction\":[{\"@type\":\"SearchAction\",\"target\":{\"@type\":\"EntryPoint\",\"urlTemplate\":\"https:\\\/\\\/37.59.242.200\\\/?s={search_term_string}\"},\"query-input\":{\"@type\":\"PropertyValueSpecification\",\"valueRequired\":true,\"valueName\":\"search_term_string\"}}],\"inLanguage\":\"fr-FR\"},{\"@type\":\"Organization\",\"@id\":\"https:\\\/\\\/37.59.242.200\\\/#organization\",\"name\":\"KEREA\",\"url\":\"https:\\\/\\\/37.59.242.200\\\/\",\"logo\":{\"@type\":\"ImageObject\",\"inLanguage\":\"fr-FR\",\"@id\":\"https:\\\/\\\/37.59.242.200\\\/#\\\/schema\\\/logo\\\/image\\\/\",\"url\":\"https:\\\/\\\/www.kerea.eu\\\/wp-content\\\/uploads\\\/2025\\\/12\\\/logo-kerea.png\",\"contentUrl\":\"https:\\\/\\\/www.kerea.eu\\\/wp-content\\\/uploads\\\/2025\\\/12\\\/logo-kerea.png\",\"width\":1497,\"height\":600,\"caption\":\"KEREA\"},\"image\":{\"@id\":\"https:\\\/\\\/37.59.242.200\\\/#\\\/schema\\\/logo\\\/image\\\/\"},\"sameAs\":[\"https:\\\/\\\/www.linkedin.com\\\/showcase\\\/kerea-by-efficience\\\/\"]},{\"@type\":\"Person\",\"@id\":\"https:\\\/\\\/37.59.242.200\\\/#\\\/schema\\\/person\\\/5396e4c57a7033d620add4e1ee171967\",\"name\":\"Kerea\",\"url\":\"https:\\\/\\\/www.kerea.eu\\\/index.php\\\/author\\\/admin\\\/\"}]}<\/script>\n<!-- \/ Yoast SEO plugin. -->","yoast_head_json":{"title":"Efficience Sant\u00e9 au Travail et sa filiale Kerea sur BFM Business","description":"Thibaut FLEURY et Val\u00e9rie DUNAS ont \u00e9t\u00e9 convi\u00e9 sur le plateau de BFM Business pour parler de Efficience Sant\u00e9 au Travail et Kerea.","robots":{"index":"index","follow":"follow","max-snippet":"max-snippet:-1","max-image-preview":"max-image-preview:large","max-video-preview":"max-video-preview:-1"},"canonical":"https:\/\/www.kerea.eu\/index.php\/2022\/03\/30\/efficience-sante-au-travail-et-sa-filiale-kerea-sur-bfm-business\/","og_locale":"fr_FR","og_type":"article","og_title":"Efficience Sant\u00e9 au Travail et sa filiale Kerea sur BFM Business","og_description":"Thibaut FLEURY et Val\u00e9rie DUNAS ont \u00e9t\u00e9 convi\u00e9 sur le plateau de BFM Business pour parler de Efficience Sant\u00e9 au Travail et Kerea.","og_url":"https:\/\/www.kerea.eu\/index.php\/2022\/03\/30\/efficience-sante-au-travail-et-sa-filiale-kerea-sur-bfm-business\/","og_site_name":"KEREA","article_published_time":"2022-03-30T08:45:53+00:00","article_modified_time":"2022-11-03T14:34:17+00:00","og_image":[{"width":800,"height":450,"url":"https:\/\/www.kerea.eu\/wp-content\/uploads\/2022\/03\/Efficience-Sante-au-Travail-BFM.jpg","type":"image\/jpeg"}],"author":"Kerea","twitter_card":"summary_large_image","twitter_misc":{"\u00c9crit par":"Kerea","Dur\u00e9e de lecture estim\u00e9e":"1 minute"},"schema":{"@context":"https:\/\/schema.org","@graph":[{"@type":"Article","@id":"https:\/\/www.kerea.eu\/index.php\/2022\/03\/30\/efficience-sante-au-travail-et-sa-filiale-kerea-sur-bfm-business\/#article","isPartOf":{"@id":"https:\/\/www.kerea.eu\/index.php\/2022\/03\/30\/efficience-sante-au-travail-et-sa-filiale-kerea-sur-bfm-business\/"},"author":{"name":"Kerea","@id":"https:\/\/37.59.242.200\/#\/schema\/person\/5396e4c57a7033d620add4e1ee171967"},"headline":"Efficience Sant\u00e9 au Travail et sa filiale Kerea sur BFM Business","datePublished":"2022-03-30T08:45:53+00:00","dateModified":"2022-11-03T14:34:17+00:00","mainEntityOfPage":{"@id":"https:\/\/www.kerea.eu\/index.php\/2022\/03\/30\/efficience-sante-au-travail-et-sa-filiale-kerea-sur-bfm-business\/"},"wordCount":83,"publisher":{"@id":"https:\/\/37.59.242.200\/#organization"},"image":{"@id":"https:\/\/www.kerea.eu\/index.php\/2022\/03\/30\/efficience-sante-au-travail-et-sa-filiale-kerea-sur-bfm-business\/#primaryimage"},"thumbnailUrl":"https:\/\/www.kerea.eu\/wp-content\/uploads\/2022\/03\/Efficience-Sante-au-Travail-BFM.jpg","articleSection":["Interview"],"inLanguage":"fr-FR"},{"@type":"WebPage","@id":"https:\/\/www.kerea.eu\/index.php\/2022\/03\/30\/efficience-sante-au-travail-et-sa-filiale-kerea-sur-bfm-business\/","url":"https:\/\/www.kerea.eu\/index.php\/2022\/03\/30\/efficience-sante-au-travail-et-sa-filiale-kerea-sur-bfm-business\/","name":"Efficience Sant\u00e9 au Travail et sa filiale Kerea sur BFM Business","isPartOf":{"@id":"https:\/\/37.59.242.200\/#website"},"primaryImageOfPage":{"@id":"https:\/\/www.kerea.eu\/index.php\/2022\/03\/30\/efficience-sante-au-travail-et-sa-filiale-kerea-sur-bfm-business\/#primaryimage"},"image":{"@id":"https:\/\/www.kerea.eu\/index.php\/2022\/03\/30\/efficience-sante-au-travail-et-sa-filiale-kerea-sur-bfm-business\/#primaryimage"},"thumbnailUrl":"https:\/\/www.kerea.eu\/wp-content\/uploads\/2022\/03\/Efficience-Sante-au-Travail-BFM.jpg","datePublished":"2022-03-30T08:45:53+00:00","dateModified":"2022-11-03T14:34:17+00:00","description":"Thibaut FLEURY et Val\u00e9rie DUNAS ont \u00e9t\u00e9 convi\u00e9 sur le plateau de BFM Business pour parler de Efficience Sant\u00e9 au Travail et Kerea.","breadcrumb":{"@id":"https:\/\/www.kerea.eu\/index.php\/2022\/03\/30\/efficience-sante-au-travail-et-sa-filiale-kerea-sur-bfm-business\/#breadcrumb"},"inLanguage":"fr-FR","potentialAction":[{"@type":"ReadAction","target":["https:\/\/www.kerea.eu\/index.php\/2022\/03\/30\/efficience-sante-au-travail-et-sa-filiale-kerea-sur-bfm-business\/"]}]},{"@type":"ImageObject","inLanguage":"fr-FR","@id":"https:\/\/www.kerea.eu\/index.php\/2022\/03\/30\/efficience-sante-au-travail-et-sa-filiale-kerea-sur-bfm-business\/#primaryimage","url":"https:\/\/www.kerea.eu\/wp-content\/uploads\/2022\/03\/Efficience-Sante-au-Travail-BFM.jpg","contentUrl":"https:\/\/www.kerea.eu\/wp-content\/uploads\/2022\/03\/Efficience-Sante-au-Travail-BFM.jpg","width":800,"height":450,"caption":"Thibault Fleurry et Val\u00e9rie Dunas sur le plateau de BFM Business"},{"@type":"BreadcrumbList","@id":"https:\/\/www.kerea.eu\/index.php\/2022\/03\/30\/efficience-sante-au-travail-et-sa-filiale-kerea-sur-bfm-business\/#breadcrumb","itemListElement":[{"@type":"ListItem","position":1,"name":"Accueil","item":"https:\/\/www.kerea.eu\/"},{"@type":"ListItem","position":2,"name":"Efficience Sant\u00e9 au Travail et sa filiale Kerea sur BFM Business"}]},{"@type":"WebSite","@id":"https:\/\/37.59.242.200\/#website","url":"https:\/\/37.59.242.200\/","name":"KEREA","description":"Kerea, votre partenaire sant\u00e9 et bien-\u00eatre au travail","publisher":{"@id":"https:\/\/37.59.242.200\/#organization"},"potentialAction":[{"@type":"SearchAction","target":{"@type":"EntryPoint","urlTemplate":"https:\/\/37.59.242.200\/?s={search_term_string}"},"query-input":{"@type":"PropertyValueSpecification","valueRequired":true,"valueName":"search_term_string"}}],"inLanguage":"fr-FR"},{"@type":"Organization","@id":"https:\/\/37.59.242.200\/#organization","name":"KEREA","url":"https:\/\/37.59.242.200\/","logo":{"@type":"ImageObject","inLanguage":"fr-FR","@id":"https:\/\/37.59.242.200\/#\/schema\/logo\/image\/","url":"https:\/\/www.kerea.eu\/wp-content\/uploads\/2025\/12\/logo-kerea.png","contentUrl":"https:\/\/www.kerea.eu\/wp-content\/uploads\/2025\/12\/logo-kerea.png","width":1497,"height":600,"caption":"KEREA"},"image":{"@id":"https:\/\/37.59.242.200\/#\/schema\/logo\/image\/"},"sameAs":["https:\/\/www.linkedin.com\/showcase\/kerea-by-efficience\/"]},{"@type":"Person","@id":"https:\/\/37.59.242.200\/#\/schema\/person\/5396e4c57a7033d620add4e1ee171967","name":"Kerea","url":"https:\/\/www.kerea.eu\/index.php\/author\/admin\/"}]}},"_links":{"self":[{"href":"https:\/\/www.kerea.eu\/index.php\/wp-json\/wp\/v2\/posts\/2439","targetHints":{"allow":["GET"]}}],"collection":[{"href":"https:\/\/www.kerea.eu\/index.php\/wp-json\/wp\/v2\/posts"}],"about":[{"href":"https:\/\/www.kerea.eu\/index.php\/wp-json\/wp\/v2\/types\/post"}],"author":[{"embeddable":true,"href":"https:\/\/www.kerea.eu\/index.php\/wp-json\/wp\/v2\/users\/1"}],"replies":[{"embeddable":true,"href":"https:\/\/www.kerea.eu\/index.php\/wp-json\/wp\/v2\/comments?post=2439"}],"version-history":[{"count":23,"href":"https:\/\/www.kerea.eu\/index.php\/wp-json\/wp\/v2\/posts\/2439\/revisions"}],"predecessor-version":[{"id":331265,"href":"https:\/\/www.kerea.eu\/index.php\/wp-json\/wp\/v2\/posts\/2439\/revisions\/331265"}],"wp:featuredmedia":[{"embeddable":true,"href":"https:\/\/www.kerea.eu\/index.php\/wp-json\/wp\/v2\/media\/2445"}],"wp:attachment":[{"href":"https:\/\/www.kerea.eu\/index.php\/wp-json\/wp\/v2\/media?parent=2439"}],"wp:term":[{"taxonomy":"category","embeddable":true,"href":"https:\/\/www.kerea.eu\/index.php\/wp-json\/wp\/v2\/categories?post=2439"},{"taxonomy":"post_tag","embeddable":true,"href":"https:\/\/www.kerea.eu\/index.php\/wp-json\/wp\/v2\/tags?post=2439"}],"curies":[{"name":"wp","href":"https:\/\/api.w.org\/{rel}","templated":true}]}}