{"id":2428,"date":"2022-03-17T16:32:12","date_gmt":"2022-03-17T16:32:12","guid":{"rendered":"https:\/\/www.kerea.eu\/?p=2428"},"modified":"2022-11-03T14:03:16","modified_gmt":"2022-11-03T14:03:16","slug":"risque-de-bruit-comment-prevenir-ce-risque-dans-le-monde-du-travail","status":"publish","type":"post","link":"https:\/\/www.kerea.eu\/index.php\/2022\/03\/17\/risque-de-bruit-comment-prevenir-ce-risque-dans-le-monde-du-travail\/","title":{"rendered":"Risque bruit : Comment pr\u00e9venir ce risque dans le monde du travail ?"},"content":{"rendered":"\t\t<div data-elementor-type=\"wp-post\" data-elementor-id=\"2428\" class=\"elementor elementor-2428\">\n\t\t\t\t\t\t<section class=\"elementor-section elementor-top-section elementor-element elementor-element-cc58416 elementor-section-boxed elementor-section-height-default elementor-section-height-default\" data-id=\"cc58416\" data-element_type=\"section\" data-e-type=\"section\">\n\t\t\t\t\t\t<div class=\"elementor-container elementor-column-gap-default\">\n\t\t\t\t\t<div class=\"elementor-column elementor-col-100 elementor-top-column elementor-element elementor-element-83c6e4b\" data-id=\"83c6e4b\" data-element_type=\"column\" data-e-type=\"column\">\n\t\t\t<div class=\"elementor-widget-wrap elementor-element-populated\">\n\t\t\t\t\t\t<div class=\"elementor-element elementor-element-fc62fd6 elementor-widget elementor-widget-text-editor\" data-id=\"fc62fd6\" data-element_type=\"widget\" data-e-type=\"widget\" data-widget_type=\"text-editor.default\">\n\t\t\t\t<div class=\"elementor-widget-container\">\n\t\t\t\t\t\t\t\t\t<p><em>31,9 % des salari\u00e9s fran\u00e7ais&nbsp;sont expos\u00e9s dans leur profession \u00e0 des nuisances sonores dont la moiti\u00e9 \u00e0 des niveaux dangereux pour l&rsquo;audition. Il est important pour les employeurs d\u2019accompagnes leurs salari\u00e9s pour pr\u00e9venir ce risque et mettre des moyens en place pour leur protection auditive.<\/em><\/p>\n<p>Selon <a href=\"https:\/\/www.efficience-santeautravail.org\/\">Efficience sant\u00e9 au Travail<\/a>, le co\u00fbt moyen d\u2019une surdit\u00e9 professionnelle est estim\u00e9 \u00e0 pr\u00e8s de 100 000 euros. Un co\u00fbt colossal qui peut \u00eatre \u00e9vit\u00e9 ou amoindri si une pr\u00e9vention s\u2019effectue en amont.<\/p>\n<p>La plupart des personnes rencontrent des difficult\u00e9s \u00e0 d\u00e9terminer leur exposition au bruit. Il existe des ateliers ludiques pour d\u00e9couvrir et comprendre l\u2019enjeu et la place du bruit dans notre quotidien. Le risque bruit entraine non seulement des probl\u00e8mes auditifs mais aussi de sant\u00e9. Nous pouvons mentionner la fatigue et les risques cardio-vasculaires.<\/p>\n<p>Il existe de moyens technologiques comme <a href=\"https:\/\/www.googleadservices.com\/pagead\/aclk?sa=L&amp;ai=DChcSEwjU_b656rv2AhUAjGgJHTbfA4kYABAAGgJ3Zg&amp;ae=2&amp;ohost=www.google.com&amp;cid=CAESWuD2cHg5xH_2xcO7sJ3q0QN3x9iu7wc_yDWViHREM02KfUn3NYm95-Ggw-Nc7TM2-6WwAlPueRVszJB5S0l4JAaAcvPbPH_HYMHc9XQhFM7h45OmTSEaH9wIOQ&amp;sig=AOD64_17pfNSc51WqxtJqXQh-xa_Yh7MBg&amp;q&amp;adurl&amp;ved=2ahUKEwi35rW56rv2AhUIzhoKHeJ8BaoQ0Qx6BAgCEAE\">l\u2019application H\u00f6ra<\/a>, permettant de v\u00e9rifier de fa\u00e7on autonome son audition et mesurer les bruits autour de soi, des gestes simples existent aussi pour ne pas exposer ses oreilles. Il est aussi recommand\u00e9 de diminuer le volume de ses \u00e9couteurs ou de faire des pauses auditives au cours de la journ\u00e9e.<\/p>\n<p>Une pr\u00e9vention efficace du risque bruit permet d\u2019anticiper les actions \u00e0 entreprendre avant que les dommages auditifs prennent une ampleur importante. Kerea est \u00e0 vous accompagner dans cette d\u00e9marche.<\/p>\t\t\t\t\t\t\t\t<\/div>\n\t\t\t\t<\/div>\n\t\t\t\t\t<\/div>\n\t\t<\/div>\n\t\t\t\t\t<\/div>\n\t\t<\/section>\n\t\t\t\t<\/div>\n\t\t","protected":false},"excerpt":{"rendered":"<p>31,9 % des salari\u00e9s fran\u00e7ais sont expos\u00e9s dans leur profession \u00e0 des nuisances sonores dont la moiti\u00e9 \u00e0 des niveaux dangereux pour l&rsquo;audition. <\/p>\n","protected":false},"author":1,"featured_media":2431,"comment_status":"closed","ping_status":"closed","sticky":false,"template":"","format":"standard","meta":{"_monsterinsights_skip_tracking":false,"_monsterinsights_sitenote_active":false,"_monsterinsights_sitenote_note":"","_monsterinsights_sitenote_category":0,"footnotes":""},"categories":[1],"tags":[],"class_list":["post-2428","post","type-post","status-publish","format-standard","has-post-thumbnail","hentry","category-sante"],"yoast_head":"<!-- This site is optimized with the Yoast SEO plugin v27.5 - https:\/\/yoast.com\/product\/yoast-seo-wordpress\/ -->\n<title>Risque bruit : Comment pr\u00e9venir ? - KEREA<\/title>\n<meta name=\"description\" content=\"Risque de bruit : 31,9 % des salari\u00e9s fran\u00e7ais sont expos\u00e9s dans leur profession \u00e0 des nuisances sonores dont la moiti\u00e9 \u00e0 des niveaux...\" \/>\n<meta name=\"robots\" content=\"index, follow, max-snippet:-1, max-image-preview:large, max-video-preview:-1\" \/>\n<link rel=\"canonical\" href=\"https:\/\/www.kerea.eu\/index.php\/2022\/03\/17\/risque-de-bruit-comment-prevenir-ce-risque-dans-le-monde-du-travail\/\" \/>\n<meta property=\"og:locale\" content=\"fr_FR\" \/>\n<meta property=\"og:type\" content=\"article\" \/>\n<meta property=\"og:title\" content=\"Risque bruit : Comment pr\u00e9venir ? - KEREA\" \/>\n<meta property=\"og:description\" content=\"Risque de bruit : 31,9 % des salari\u00e9s fran\u00e7ais sont expos\u00e9s dans leur profession \u00e0 des nuisances sonores dont la moiti\u00e9 \u00e0 des niveaux...\" \/>\n<meta property=\"og:url\" content=\"https:\/\/www.kerea.eu\/index.php\/2022\/03\/17\/risque-de-bruit-comment-prevenir-ce-risque-dans-le-monde-du-travail\/\" \/>\n<meta property=\"og:site_name\" content=\"KEREA\" \/>\n<meta property=\"article:published_time\" content=\"2022-03-17T16:32:12+00:00\" \/>\n<meta property=\"article:modified_time\" content=\"2022-11-03T14:03:16+00:00\" \/>\n<meta property=\"og:image\" content=\"https:\/\/www.kerea.eu\/wp-content\/uploads\/2022\/03\/Images-6.png\" \/>\n\t<meta property=\"og:image:width\" content=\"1080\" \/>\n\t<meta property=\"og:image:height\" content=\"1080\" \/>\n\t<meta property=\"og:image:type\" content=\"image\/png\" \/>\n<meta name=\"author\" content=\"Kerea\" \/>\n<meta name=\"twitter:card\" content=\"summary_large_image\" \/>\n<meta name=\"twitter:label1\" content=\"\u00c9crit par\" \/>\n\t<meta name=\"twitter:data1\" content=\"Kerea\" \/>\n\t<meta name=\"twitter:label2\" content=\"Dur\u00e9e de lecture estim\u00e9e\" \/>\n\t<meta name=\"twitter:data2\" content=\"2 minutes\" \/>\n<script type=\"application\/ld+json\" class=\"yoast-schema-graph\">{\"@context\":\"https:\\\/\\\/schema.org\",\"@graph\":[{\"@type\":\"Article\",\"@id\":\"https:\\\/\\\/www.kerea.eu\\\/index.php\\\/2022\\\/03\\\/17\\\/risque-de-bruit-comment-prevenir-ce-risque-dans-le-monde-du-travail\\\/#article\",\"isPartOf\":{\"@id\":\"https:\\\/\\\/www.kerea.eu\\\/index.php\\\/2022\\\/03\\\/17\\\/risque-de-bruit-comment-prevenir-ce-risque-dans-le-monde-du-travail\\\/\"},\"author\":{\"name\":\"Kerea\",\"@id\":\"https:\\\/\\\/37.59.242.200\\\/#\\\/schema\\\/person\\\/5396e4c57a7033d620add4e1ee171967\"},\"headline\":\"Risque bruit : Comment pr\u00e9venir ce risque dans le monde du travail ?\",\"datePublished\":\"2022-03-17T16:32:12+00:00\",\"dateModified\":\"2022-11-03T14:03:16+00:00\",\"mainEntityOfPage\":{\"@id\":\"https:\\\/\\\/www.kerea.eu\\\/index.php\\\/2022\\\/03\\\/17\\\/risque-de-bruit-comment-prevenir-ce-risque-dans-le-monde-du-travail\\\/\"},\"wordCount\":247,\"publisher\":{\"@id\":\"https:\\\/\\\/37.59.242.200\\\/#organization\"},\"image\":{\"@id\":\"https:\\\/\\\/www.kerea.eu\\\/index.php\\\/2022\\\/03\\\/17\\\/risque-de-bruit-comment-prevenir-ce-risque-dans-le-monde-du-travail\\\/#primaryimage\"},\"thumbnailUrl\":\"https:\\\/\\\/www.kerea.eu\\\/wp-content\\\/uploads\\\/2022\\\/03\\\/Images-6.png\",\"articleSection\":[\"Sant\u00e9\"],\"inLanguage\":\"fr-FR\"},{\"@type\":\"WebPage\",\"@id\":\"https:\\\/\\\/www.kerea.eu\\\/index.php\\\/2022\\\/03\\\/17\\\/risque-de-bruit-comment-prevenir-ce-risque-dans-le-monde-du-travail\\\/\",\"url\":\"https:\\\/\\\/www.kerea.eu\\\/index.php\\\/2022\\\/03\\\/17\\\/risque-de-bruit-comment-prevenir-ce-risque-dans-le-monde-du-travail\\\/\",\"name\":\"Risque bruit : Comment pr\u00e9venir ? - KEREA\",\"isPartOf\":{\"@id\":\"https:\\\/\\\/37.59.242.200\\\/#website\"},\"primaryImageOfPage\":{\"@id\":\"https:\\\/\\\/www.kerea.eu\\\/index.php\\\/2022\\\/03\\\/17\\\/risque-de-bruit-comment-prevenir-ce-risque-dans-le-monde-du-travail\\\/#primaryimage\"},\"image\":{\"@id\":\"https:\\\/\\\/www.kerea.eu\\\/index.php\\\/2022\\\/03\\\/17\\\/risque-de-bruit-comment-prevenir-ce-risque-dans-le-monde-du-travail\\\/#primaryimage\"},\"thumbnailUrl\":\"https:\\\/\\\/www.kerea.eu\\\/wp-content\\\/uploads\\\/2022\\\/03\\\/Images-6.png\",\"datePublished\":\"2022-03-17T16:32:12+00:00\",\"dateModified\":\"2022-11-03T14:03:16+00:00\",\"description\":\"Risque de bruit : 31,9 % des salari\u00e9s fran\u00e7ais sont expos\u00e9s dans leur profession \u00e0 des nuisances sonores dont la moiti\u00e9 \u00e0 des niveaux...\",\"breadcrumb\":{\"@id\":\"https:\\\/\\\/www.kerea.eu\\\/index.php\\\/2022\\\/03\\\/17\\\/risque-de-bruit-comment-prevenir-ce-risque-dans-le-monde-du-travail\\\/#breadcrumb\"},\"inLanguage\":\"fr-FR\",\"potentialAction\":[{\"@type\":\"ReadAction\",\"target\":[\"https:\\\/\\\/www.kerea.eu\\\/index.php\\\/2022\\\/03\\\/17\\\/risque-de-bruit-comment-prevenir-ce-risque-dans-le-monde-du-travail\\\/\"]}]},{\"@type\":\"ImageObject\",\"inLanguage\":\"fr-FR\",\"@id\":\"https:\\\/\\\/www.kerea.eu\\\/index.php\\\/2022\\\/03\\\/17\\\/risque-de-bruit-comment-prevenir-ce-risque-dans-le-monde-du-travail\\\/#primaryimage\",\"url\":\"https:\\\/\\\/www.kerea.eu\\\/wp-content\\\/uploads\\\/2022\\\/03\\\/Images-6.png\",\"contentUrl\":\"https:\\\/\\\/www.kerea.eu\\\/wp-content\\\/uploads\\\/2022\\\/03\\\/Images-6.png\",\"width\":1080,\"height\":1080,\"caption\":\"Audition\"},{\"@type\":\"BreadcrumbList\",\"@id\":\"https:\\\/\\\/www.kerea.eu\\\/index.php\\\/2022\\\/03\\\/17\\\/risque-de-bruit-comment-prevenir-ce-risque-dans-le-monde-du-travail\\\/#breadcrumb\",\"itemListElement\":[{\"@type\":\"ListItem\",\"position\":1,\"name\":\"Accueil\",\"item\":\"https:\\\/\\\/www.kerea.eu\\\/\"},{\"@type\":\"ListItem\",\"position\":2,\"name\":\"Risque bruit : Comment pr\u00e9venir ce risque dans le monde du travail ?\"}]},{\"@type\":\"WebSite\",\"@id\":\"https:\\\/\\\/37.59.242.200\\\/#website\",\"url\":\"https:\\\/\\\/37.59.242.200\\\/\",\"name\":\"KEREA\",\"description\":\"Kerea, votre partenaire sant\u00e9 et bien-\u00eatre au travail\",\"publisher\":{\"@id\":\"https:\\\/\\\/37.59.242.200\\\/#organization\"},\"potentialAction\":[{\"@type\":\"SearchAction\",\"target\":{\"@type\":\"EntryPoint\",\"urlTemplate\":\"https:\\\/\\\/37.59.242.200\\\/?s={search_term_string}\"},\"query-input\":{\"@type\":\"PropertyValueSpecification\",\"valueRequired\":true,\"valueName\":\"search_term_string\"}}],\"inLanguage\":\"fr-FR\"},{\"@type\":\"Organization\",\"@id\":\"https:\\\/\\\/37.59.242.200\\\/#organization\",\"name\":\"KEREA\",\"url\":\"https:\\\/\\\/37.59.242.200\\\/\",\"logo\":{\"@type\":\"ImageObject\",\"inLanguage\":\"fr-FR\",\"@id\":\"https:\\\/\\\/37.59.242.200\\\/#\\\/schema\\\/logo\\\/image\\\/\",\"url\":\"https:\\\/\\\/www.kerea.eu\\\/wp-content\\\/uploads\\\/2025\\\/12\\\/logo-kerea.png\",\"contentUrl\":\"https:\\\/\\\/www.kerea.eu\\\/wp-content\\\/uploads\\\/2025\\\/12\\\/logo-kerea.png\",\"width\":1497,\"height\":600,\"caption\":\"KEREA\"},\"image\":{\"@id\":\"https:\\\/\\\/37.59.242.200\\\/#\\\/schema\\\/logo\\\/image\\\/\"},\"sameAs\":[\"https:\\\/\\\/www.linkedin.com\\\/showcase\\\/kerea-by-efficience\\\/\"]},{\"@type\":\"Person\",\"@id\":\"https:\\\/\\\/37.59.242.200\\\/#\\\/schema\\\/person\\\/5396e4c57a7033d620add4e1ee171967\",\"name\":\"Kerea\",\"url\":\"https:\\\/\\\/www.kerea.eu\\\/index.php\\\/author\\\/admin\\\/\"}]}<\/script>\n<!-- \/ Yoast SEO plugin. -->","yoast_head_json":{"title":"Risque bruit : Comment pr\u00e9venir ? - KEREA","description":"Risque de bruit : 31,9 % des salari\u00e9s fran\u00e7ais sont expos\u00e9s dans leur profession \u00e0 des nuisances sonores dont la moiti\u00e9 \u00e0 des niveaux...","robots":{"index":"index","follow":"follow","max-snippet":"max-snippet:-1","max-image-preview":"max-image-preview:large","max-video-preview":"max-video-preview:-1"},"canonical":"https:\/\/www.kerea.eu\/index.php\/2022\/03\/17\/risque-de-bruit-comment-prevenir-ce-risque-dans-le-monde-du-travail\/","og_locale":"fr_FR","og_type":"article","og_title":"Risque bruit : Comment pr\u00e9venir ? - KEREA","og_description":"Risque de bruit : 31,9 % des salari\u00e9s fran\u00e7ais sont expos\u00e9s dans leur profession \u00e0 des nuisances sonores dont la moiti\u00e9 \u00e0 des niveaux...","og_url":"https:\/\/www.kerea.eu\/index.php\/2022\/03\/17\/risque-de-bruit-comment-prevenir-ce-risque-dans-le-monde-du-travail\/","og_site_name":"KEREA","article_published_time":"2022-03-17T16:32:12+00:00","article_modified_time":"2022-11-03T14:03:16+00:00","og_image":[{"width":1080,"height":1080,"url":"https:\/\/www.kerea.eu\/wp-content\/uploads\/2022\/03\/Images-6.png","type":"image\/png"}],"author":"Kerea","twitter_card":"summary_large_image","twitter_misc":{"\u00c9crit par":"Kerea","Dur\u00e9e de lecture estim\u00e9e":"2 minutes"},"schema":{"@context":"https:\/\/schema.org","@graph":[{"@type":"Article","@id":"https:\/\/www.kerea.eu\/index.php\/2022\/03\/17\/risque-de-bruit-comment-prevenir-ce-risque-dans-le-monde-du-travail\/#article","isPartOf":{"@id":"https:\/\/www.kerea.eu\/index.php\/2022\/03\/17\/risque-de-bruit-comment-prevenir-ce-risque-dans-le-monde-du-travail\/"},"author":{"name":"Kerea","@id":"https:\/\/37.59.242.200\/#\/schema\/person\/5396e4c57a7033d620add4e1ee171967"},"headline":"Risque bruit : Comment pr\u00e9venir ce risque dans le monde du travail ?","datePublished":"2022-03-17T16:32:12+00:00","dateModified":"2022-11-03T14:03:16+00:00","mainEntityOfPage":{"@id":"https:\/\/www.kerea.eu\/index.php\/2022\/03\/17\/risque-de-bruit-comment-prevenir-ce-risque-dans-le-monde-du-travail\/"},"wordCount":247,"publisher":{"@id":"https:\/\/37.59.242.200\/#organization"},"image":{"@id":"https:\/\/www.kerea.eu\/index.php\/2022\/03\/17\/risque-de-bruit-comment-prevenir-ce-risque-dans-le-monde-du-travail\/#primaryimage"},"thumbnailUrl":"https:\/\/www.kerea.eu\/wp-content\/uploads\/2022\/03\/Images-6.png","articleSection":["Sant\u00e9"],"inLanguage":"fr-FR"},{"@type":"WebPage","@id":"https:\/\/www.kerea.eu\/index.php\/2022\/03\/17\/risque-de-bruit-comment-prevenir-ce-risque-dans-le-monde-du-travail\/","url":"https:\/\/www.kerea.eu\/index.php\/2022\/03\/17\/risque-de-bruit-comment-prevenir-ce-risque-dans-le-monde-du-travail\/","name":"Risque bruit : Comment pr\u00e9venir ? - KEREA","isPartOf":{"@id":"https:\/\/37.59.242.200\/#website"},"primaryImageOfPage":{"@id":"https:\/\/www.kerea.eu\/index.php\/2022\/03\/17\/risque-de-bruit-comment-prevenir-ce-risque-dans-le-monde-du-travail\/#primaryimage"},"image":{"@id":"https:\/\/www.kerea.eu\/index.php\/2022\/03\/17\/risque-de-bruit-comment-prevenir-ce-risque-dans-le-monde-du-travail\/#primaryimage"},"thumbnailUrl":"https:\/\/www.kerea.eu\/wp-content\/uploads\/2022\/03\/Images-6.png","datePublished":"2022-03-17T16:32:12+00:00","dateModified":"2022-11-03T14:03:16+00:00","description":"Risque de bruit : 31,9 % des salari\u00e9s fran\u00e7ais sont expos\u00e9s dans leur profession \u00e0 des nuisances sonores dont la moiti\u00e9 \u00e0 des niveaux...","breadcrumb":{"@id":"https:\/\/www.kerea.eu\/index.php\/2022\/03\/17\/risque-de-bruit-comment-prevenir-ce-risque-dans-le-monde-du-travail\/#breadcrumb"},"inLanguage":"fr-FR","potentialAction":[{"@type":"ReadAction","target":["https:\/\/www.kerea.eu\/index.php\/2022\/03\/17\/risque-de-bruit-comment-prevenir-ce-risque-dans-le-monde-du-travail\/"]}]},{"@type":"ImageObject","inLanguage":"fr-FR","@id":"https:\/\/www.kerea.eu\/index.php\/2022\/03\/17\/risque-de-bruit-comment-prevenir-ce-risque-dans-le-monde-du-travail\/#primaryimage","url":"https:\/\/www.kerea.eu\/wp-content\/uploads\/2022\/03\/Images-6.png","contentUrl":"https:\/\/www.kerea.eu\/wp-content\/uploads\/2022\/03\/Images-6.png","width":1080,"height":1080,"caption":"Audition"},{"@type":"BreadcrumbList","@id":"https:\/\/www.kerea.eu\/index.php\/2022\/03\/17\/risque-de-bruit-comment-prevenir-ce-risque-dans-le-monde-du-travail\/#breadcrumb","itemListElement":[{"@type":"ListItem","position":1,"name":"Accueil","item":"https:\/\/www.kerea.eu\/"},{"@type":"ListItem","position":2,"name":"Risque bruit : Comment pr\u00e9venir ce risque dans le monde du travail ?"}]},{"@type":"WebSite","@id":"https:\/\/37.59.242.200\/#website","url":"https:\/\/37.59.242.200\/","name":"KEREA","description":"Kerea, votre partenaire sant\u00e9 et bien-\u00eatre au travail","publisher":{"@id":"https:\/\/37.59.242.200\/#organization"},"potentialAction":[{"@type":"SearchAction","target":{"@type":"EntryPoint","urlTemplate":"https:\/\/37.59.242.200\/?s={search_term_string}"},"query-input":{"@type":"PropertyValueSpecification","valueRequired":true,"valueName":"search_term_string"}}],"inLanguage":"fr-FR"},{"@type":"Organization","@id":"https:\/\/37.59.242.200\/#organization","name":"KEREA","url":"https:\/\/37.59.242.200\/","logo":{"@type":"ImageObject","inLanguage":"fr-FR","@id":"https:\/\/37.59.242.200\/#\/schema\/logo\/image\/","url":"https:\/\/www.kerea.eu\/wp-content\/uploads\/2025\/12\/logo-kerea.png","contentUrl":"https:\/\/www.kerea.eu\/wp-content\/uploads\/2025\/12\/logo-kerea.png","width":1497,"height":600,"caption":"KEREA"},"image":{"@id":"https:\/\/37.59.242.200\/#\/schema\/logo\/image\/"},"sameAs":["https:\/\/www.linkedin.com\/showcase\/kerea-by-efficience\/"]},{"@type":"Person","@id":"https:\/\/37.59.242.200\/#\/schema\/person\/5396e4c57a7033d620add4e1ee171967","name":"Kerea","url":"https:\/\/www.kerea.eu\/index.php\/author\/admin\/"}]}},"_links":{"self":[{"href":"https:\/\/www.kerea.eu\/index.php\/wp-json\/wp\/v2\/posts\/2428","targetHints":{"allow":["GET"]}}],"collection":[{"href":"https:\/\/www.kerea.eu\/index.php\/wp-json\/wp\/v2\/posts"}],"about":[{"href":"https:\/\/www.kerea.eu\/index.php\/wp-json\/wp\/v2\/types\/post"}],"author":[{"embeddable":true,"href":"https:\/\/www.kerea.eu\/index.php\/wp-json\/wp\/v2\/users\/1"}],"replies":[{"embeddable":true,"href":"https:\/\/www.kerea.eu\/index.php\/wp-json\/wp\/v2\/comments?post=2428"}],"version-history":[{"count":10,"href":"https:\/\/www.kerea.eu\/index.php\/wp-json\/wp\/v2\/posts\/2428\/revisions"}],"predecessor-version":[{"id":331205,"href":"https:\/\/www.kerea.eu\/index.php\/wp-json\/wp\/v2\/posts\/2428\/revisions\/331205"}],"wp:featuredmedia":[{"embeddable":true,"href":"https:\/\/www.kerea.eu\/index.php\/wp-json\/wp\/v2\/media\/2431"}],"wp:attachment":[{"href":"https:\/\/www.kerea.eu\/index.php\/wp-json\/wp\/v2\/media?parent=2428"}],"wp:term":[{"taxonomy":"category","embeddable":true,"href":"https:\/\/www.kerea.eu\/index.php\/wp-json\/wp\/v2\/categories?post=2428"},{"taxonomy":"post_tag","embeddable":true,"href":"https:\/\/www.kerea.eu\/index.php\/wp-json\/wp\/v2\/tags?post=2428"}],"curies":[{"name":"wp","href":"https:\/\/api.w.org\/{rel}","templated":true}]}}