{"id":2393,"date":"2022-03-02T08:54:29","date_gmt":"2022-03-02T08:54:29","guid":{"rendered":"https:\/\/www.kerea.eu\/?p=2393"},"modified":"2022-11-03T13:11:41","modified_gmt":"2022-11-03T13:11:41","slug":"la-face-bicephale-du-teletravail","status":"publish","type":"post","link":"https:\/\/www.kerea.eu\/index.php\/2022\/03\/02\/la-face-bicephale-du-teletravail\/","title":{"rendered":"La face bic\u00e9phale du t\u00e9l\u00e9travail"},"content":{"rendered":"\t\t<div data-elementor-type=\"wp-post\" data-elementor-id=\"2393\" class=\"elementor elementor-2393\">\n\t\t\t\t\t\t<section class=\"elementor-section elementor-top-section elementor-element elementor-element-2dc9dbf elementor-section-boxed elementor-section-height-default elementor-section-height-default\" data-id=\"2dc9dbf\" data-element_type=\"section\" data-e-type=\"section\">\n\t\t\t\t\t\t<div class=\"elementor-container elementor-column-gap-default\">\n\t\t\t\t\t<div class=\"elementor-column elementor-col-100 elementor-top-column elementor-element elementor-element-e1ba1a8\" data-id=\"e1ba1a8\" data-element_type=\"column\" data-e-type=\"column\">\n\t\t\t<div class=\"elementor-widget-wrap elementor-element-populated\">\n\t\t\t\t\t\t<div class=\"elementor-element elementor-element-88eedc8 elementor-widget elementor-widget-text-editor\" data-id=\"88eedc8\" data-element_type=\"widget\" data-e-type=\"widget\" data-widget_type=\"text-editor.default\">\n\t\t\t\t<div class=\"elementor-widget-container\">\n\t\t\t\t\t\t\t\t\t<p>Si certains salari\u00e9s affirment tirer profit du t\u00e9l\u00e9travail en mentionnant le gain en autonomie, l\u2019\u00e9vitement des transports ou l\u2019am\u00e9lioration de l\u2019organisation de leur journ\u00e9e, d\u2019autres souffrent de cette situation.<\/p><p>La crise sanitaire a soulev\u00e9 des probl\u00e9matiques li\u00e9es \u00e0 la qualit\u00e9 de vie et au bien-\u00eatre des salari\u00e9s.<\/p><p>Au niveau psychologique, les salari\u00e9s peuvent \u00eatre tr\u00e8s vite surmen\u00e9s par leur travail. Ce qui peut g\u00e9n\u00e9rer du stress voire conduire \u00e0 un burn-out dans le cas extr\u00eame. La fronti\u00e8re entre vie professionnelle et vie priv\u00e9e n\u2019est plus marqu\u00e9e. Les salari\u00e9s perdent la notion du temps et leurs rep\u00e8res de la journ\u00e9e se confondent.<\/p><p>En ce qui concerne le management des employ\u00e9s, celui-ci peut s\u2019av\u00e9rer \u00eatre complexe. Le t\u00e9l\u00e9travail am\u00e8ne un style de gestion d\u2019\u00e9quipe \u00e0 distance et demande aux managers de s\u2019adapter \u00e0 cette configuration tout en tentant d\u2019accompagner au mieux les collaborateurs. Une communication claire est requise dans ce cas. Cependant, le moyen le plus utilis\u00e9 pour \u00e9changer est l\u2019\u00e9crit\u00a0: afin d\u2019avoir une trace de l\u2019information. Ce qui suscite parfois des incompr\u00e9hensions et des quiproquos pouvant conduire \u00e0 de fortes tensions entre salari\u00e9s.<\/p><p>C\u2019est pourquoi Kerea accompagne vos salari\u00e9s au travers d\u2019ateliers co-construits afin de r\u00e9pondre le plus efficacement possible aux attentes de vos collaborateurs. Prenez <a href=\"https:\/\/www.kerea.eu\/index.php\/contact\/\">contact<\/a> avec Kerea pour plus d\u2019informations.<\/p>\t\t\t\t\t\t\t\t<\/div>\n\t\t\t\t<\/div>\n\t\t\t\t\t<\/div>\n\t\t<\/div>\n\t\t\t\t\t<\/div>\n\t\t<\/section>\n\t\t\t\t<\/div>\n\t\t","protected":false},"excerpt":{"rendered":"<p>Si certains salari\u00e9s affirment tirer profit du t\u00e9l\u00e9travail en mentionnant le gain en autonomie, l\u2019\u00e9vitement des transports ou l\u2019am\u00e9lioration de l\u2019organisation de leur journ\u00e9e, d\u2019autres souffrent de cette situation. La &#8230; <a title=\"La face bic\u00e9phale du t\u00e9l\u00e9travail\" class=\"read-more\" href=\"https:\/\/www.kerea.eu\/index.php\/2022\/03\/02\/la-face-bicephale-du-teletravail\/\" aria-label=\"Read more about La face bic\u00e9phale du t\u00e9l\u00e9travail\">Lire la suite<\/a><\/p>\n","protected":false},"author":1,"featured_media":2398,"comment_status":"closed","ping_status":"closed","sticky":false,"template":"","format":"standard","meta":{"_monsterinsights_skip_tracking":false,"_monsterinsights_sitenote_active":false,"_monsterinsights_sitenote_note":"","_monsterinsights_sitenote_category":0,"footnotes":""},"categories":[1],"tags":[],"class_list":["post-2393","post","type-post","status-publish","format-standard","has-post-thumbnail","hentry","category-sante"],"yoast_head":"<!-- This site is optimized with the Yoast SEO plugin v27.5 - https:\/\/yoast.com\/product\/yoast-seo-wordpress\/ -->\n<title>La face bic\u00e9phale du t\u00e9l\u00e9travail - KEREA<\/title>\n<meta name=\"description\" content=\"La face bic\u00e9phale : Si certains salari\u00e9s affirment tirer profit du t\u00e9l\u00e9travail en mentionnant le gain en autonomie, d\u2019autres souffrent...\" \/>\n<meta name=\"robots\" content=\"index, follow, max-snippet:-1, max-image-preview:large, max-video-preview:-1\" \/>\n<link rel=\"canonical\" href=\"https:\/\/www.kerea.eu\/index.php\/2022\/03\/02\/la-face-bicephale-du-teletravail\/\" \/>\n<meta property=\"og:locale\" content=\"fr_FR\" \/>\n<meta property=\"og:type\" content=\"article\" \/>\n<meta property=\"og:title\" content=\"La face bic\u00e9phale du t\u00e9l\u00e9travail - KEREA\" \/>\n<meta property=\"og:description\" content=\"La face bic\u00e9phale : Si certains salari\u00e9s affirment tirer profit du t\u00e9l\u00e9travail en mentionnant le gain en autonomie, d\u2019autres souffrent...\" \/>\n<meta property=\"og:url\" content=\"https:\/\/www.kerea.eu\/index.php\/2022\/03\/02\/la-face-bicephale-du-teletravail\/\" \/>\n<meta property=\"og:site_name\" content=\"KEREA\" \/>\n<meta property=\"article:published_time\" content=\"2022-03-02T08:54:29+00:00\" \/>\n<meta property=\"article:modified_time\" content=\"2022-11-03T13:11:41+00:00\" \/>\n<meta property=\"og:image\" content=\"https:\/\/www.kerea.eu\/wp-content\/uploads\/2022\/02\/Images-5.png\" \/>\n\t<meta property=\"og:image:width\" content=\"1080\" \/>\n\t<meta property=\"og:image:height\" content=\"1080\" \/>\n\t<meta property=\"og:image:type\" content=\"image\/png\" \/>\n<meta name=\"author\" content=\"Kerea\" \/>\n<meta name=\"twitter:card\" content=\"summary_large_image\" \/>\n<meta name=\"twitter:label1\" content=\"\u00c9crit par\" \/>\n\t<meta name=\"twitter:data1\" content=\"Kerea\" \/>\n\t<meta name=\"twitter:label2\" content=\"Dur\u00e9e de lecture estim\u00e9e\" \/>\n\t<meta name=\"twitter:data2\" content=\"2 minutes\" \/>\n<script type=\"application\/ld+json\" class=\"yoast-schema-graph\">{\"@context\":\"https:\\\/\\\/schema.org\",\"@graph\":[{\"@type\":\"Article\",\"@id\":\"https:\\\/\\\/www.kerea.eu\\\/index.php\\\/2022\\\/03\\\/02\\\/la-face-bicephale-du-teletravail\\\/#article\",\"isPartOf\":{\"@id\":\"https:\\\/\\\/www.kerea.eu\\\/index.php\\\/2022\\\/03\\\/02\\\/la-face-bicephale-du-teletravail\\\/\"},\"author\":{\"name\":\"Kerea\",\"@id\":\"https:\\\/\\\/37.59.242.200\\\/#\\\/schema\\\/person\\\/5396e4c57a7033d620add4e1ee171967\"},\"headline\":\"La face bic\u00e9phale du t\u00e9l\u00e9travail\",\"datePublished\":\"2022-03-02T08:54:29+00:00\",\"dateModified\":\"2022-11-03T13:11:41+00:00\",\"mainEntityOfPage\":{\"@id\":\"https:\\\/\\\/www.kerea.eu\\\/index.php\\\/2022\\\/03\\\/02\\\/la-face-bicephale-du-teletravail\\\/\"},\"wordCount\":260,\"publisher\":{\"@id\":\"https:\\\/\\\/37.59.242.200\\\/#organization\"},\"image\":{\"@id\":\"https:\\\/\\\/www.kerea.eu\\\/index.php\\\/2022\\\/03\\\/02\\\/la-face-bicephale-du-teletravail\\\/#primaryimage\"},\"thumbnailUrl\":\"https:\\\/\\\/www.kerea.eu\\\/wp-content\\\/uploads\\\/2022\\\/02\\\/Images-5.png\",\"articleSection\":[\"Sant\u00e9\"],\"inLanguage\":\"fr-FR\"},{\"@type\":\"WebPage\",\"@id\":\"https:\\\/\\\/www.kerea.eu\\\/index.php\\\/2022\\\/03\\\/02\\\/la-face-bicephale-du-teletravail\\\/\",\"url\":\"https:\\\/\\\/www.kerea.eu\\\/index.php\\\/2022\\\/03\\\/02\\\/la-face-bicephale-du-teletravail\\\/\",\"name\":\"La face bic\u00e9phale du t\u00e9l\u00e9travail - KEREA\",\"isPartOf\":{\"@id\":\"https:\\\/\\\/37.59.242.200\\\/#website\"},\"primaryImageOfPage\":{\"@id\":\"https:\\\/\\\/www.kerea.eu\\\/index.php\\\/2022\\\/03\\\/02\\\/la-face-bicephale-du-teletravail\\\/#primaryimage\"},\"image\":{\"@id\":\"https:\\\/\\\/www.kerea.eu\\\/index.php\\\/2022\\\/03\\\/02\\\/la-face-bicephale-du-teletravail\\\/#primaryimage\"},\"thumbnailUrl\":\"https:\\\/\\\/www.kerea.eu\\\/wp-content\\\/uploads\\\/2022\\\/02\\\/Images-5.png\",\"datePublished\":\"2022-03-02T08:54:29+00:00\",\"dateModified\":\"2022-11-03T13:11:41+00:00\",\"description\":\"La face bic\u00e9phale : Si certains salari\u00e9s affirment tirer profit du t\u00e9l\u00e9travail en mentionnant le gain en autonomie, d\u2019autres souffrent...\",\"breadcrumb\":{\"@id\":\"https:\\\/\\\/www.kerea.eu\\\/index.php\\\/2022\\\/03\\\/02\\\/la-face-bicephale-du-teletravail\\\/#breadcrumb\"},\"inLanguage\":\"fr-FR\",\"potentialAction\":[{\"@type\":\"ReadAction\",\"target\":[\"https:\\\/\\\/www.kerea.eu\\\/index.php\\\/2022\\\/03\\\/02\\\/la-face-bicephale-du-teletravail\\\/\"]}]},{\"@type\":\"ImageObject\",\"inLanguage\":\"fr-FR\",\"@id\":\"https:\\\/\\\/www.kerea.eu\\\/index.php\\\/2022\\\/03\\\/02\\\/la-face-bicephale-du-teletravail\\\/#primaryimage\",\"url\":\"https:\\\/\\\/www.kerea.eu\\\/wp-content\\\/uploads\\\/2022\\\/02\\\/Images-5.png\",\"contentUrl\":\"https:\\\/\\\/www.kerea.eu\\\/wp-content\\\/uploads\\\/2022\\\/02\\\/Images-5.png\",\"width\":1080,\"height\":1080,\"caption\":\"t\u00e9l\u00e9travail\"},{\"@type\":\"BreadcrumbList\",\"@id\":\"https:\\\/\\\/www.kerea.eu\\\/index.php\\\/2022\\\/03\\\/02\\\/la-face-bicephale-du-teletravail\\\/#breadcrumb\",\"itemListElement\":[{\"@type\":\"ListItem\",\"position\":1,\"name\":\"Accueil\",\"item\":\"https:\\\/\\\/www.kerea.eu\\\/\"},{\"@type\":\"ListItem\",\"position\":2,\"name\":\"La face bic\u00e9phale du t\u00e9l\u00e9travail\"}]},{\"@type\":\"WebSite\",\"@id\":\"https:\\\/\\\/37.59.242.200\\\/#website\",\"url\":\"https:\\\/\\\/37.59.242.200\\\/\",\"name\":\"KEREA\",\"description\":\"Kerea, votre partenaire sant\u00e9 et bien-\u00eatre au travail\",\"publisher\":{\"@id\":\"https:\\\/\\\/37.59.242.200\\\/#organization\"},\"potentialAction\":[{\"@type\":\"SearchAction\",\"target\":{\"@type\":\"EntryPoint\",\"urlTemplate\":\"https:\\\/\\\/37.59.242.200\\\/?s={search_term_string}\"},\"query-input\":{\"@type\":\"PropertyValueSpecification\",\"valueRequired\":true,\"valueName\":\"search_term_string\"}}],\"inLanguage\":\"fr-FR\"},{\"@type\":\"Organization\",\"@id\":\"https:\\\/\\\/37.59.242.200\\\/#organization\",\"name\":\"KEREA\",\"url\":\"https:\\\/\\\/37.59.242.200\\\/\",\"logo\":{\"@type\":\"ImageObject\",\"inLanguage\":\"fr-FR\",\"@id\":\"https:\\\/\\\/37.59.242.200\\\/#\\\/schema\\\/logo\\\/image\\\/\",\"url\":\"https:\\\/\\\/www.kerea.eu\\\/wp-content\\\/uploads\\\/2025\\\/12\\\/logo-kerea.png\",\"contentUrl\":\"https:\\\/\\\/www.kerea.eu\\\/wp-content\\\/uploads\\\/2025\\\/12\\\/logo-kerea.png\",\"width\":1497,\"height\":600,\"caption\":\"KEREA\"},\"image\":{\"@id\":\"https:\\\/\\\/37.59.242.200\\\/#\\\/schema\\\/logo\\\/image\\\/\"},\"sameAs\":[\"https:\\\/\\\/www.linkedin.com\\\/showcase\\\/kerea-by-efficience\\\/\"]},{\"@type\":\"Person\",\"@id\":\"https:\\\/\\\/37.59.242.200\\\/#\\\/schema\\\/person\\\/5396e4c57a7033d620add4e1ee171967\",\"name\":\"Kerea\",\"url\":\"https:\\\/\\\/www.kerea.eu\\\/index.php\\\/author\\\/admin\\\/\"}]}<\/script>\n<!-- \/ Yoast SEO plugin. -->","yoast_head_json":{"title":"La face bic\u00e9phale du t\u00e9l\u00e9travail - KEREA","description":"La face bic\u00e9phale : Si certains salari\u00e9s affirment tirer profit du t\u00e9l\u00e9travail en mentionnant le gain en autonomie, d\u2019autres souffrent...","robots":{"index":"index","follow":"follow","max-snippet":"max-snippet:-1","max-image-preview":"max-image-preview:large","max-video-preview":"max-video-preview:-1"},"canonical":"https:\/\/www.kerea.eu\/index.php\/2022\/03\/02\/la-face-bicephale-du-teletravail\/","og_locale":"fr_FR","og_type":"article","og_title":"La face bic\u00e9phale du t\u00e9l\u00e9travail - KEREA","og_description":"La face bic\u00e9phale : Si certains salari\u00e9s affirment tirer profit du t\u00e9l\u00e9travail en mentionnant le gain en autonomie, d\u2019autres souffrent...","og_url":"https:\/\/www.kerea.eu\/index.php\/2022\/03\/02\/la-face-bicephale-du-teletravail\/","og_site_name":"KEREA","article_published_time":"2022-03-02T08:54:29+00:00","article_modified_time":"2022-11-03T13:11:41+00:00","og_image":[{"width":1080,"height":1080,"url":"https:\/\/www.kerea.eu\/wp-content\/uploads\/2022\/02\/Images-5.png","type":"image\/png"}],"author":"Kerea","twitter_card":"summary_large_image","twitter_misc":{"\u00c9crit par":"Kerea","Dur\u00e9e de lecture estim\u00e9e":"2 minutes"},"schema":{"@context":"https:\/\/schema.org","@graph":[{"@type":"Article","@id":"https:\/\/www.kerea.eu\/index.php\/2022\/03\/02\/la-face-bicephale-du-teletravail\/#article","isPartOf":{"@id":"https:\/\/www.kerea.eu\/index.php\/2022\/03\/02\/la-face-bicephale-du-teletravail\/"},"author":{"name":"Kerea","@id":"https:\/\/37.59.242.200\/#\/schema\/person\/5396e4c57a7033d620add4e1ee171967"},"headline":"La face bic\u00e9phale du t\u00e9l\u00e9travail","datePublished":"2022-03-02T08:54:29+00:00","dateModified":"2022-11-03T13:11:41+00:00","mainEntityOfPage":{"@id":"https:\/\/www.kerea.eu\/index.php\/2022\/03\/02\/la-face-bicephale-du-teletravail\/"},"wordCount":260,"publisher":{"@id":"https:\/\/37.59.242.200\/#organization"},"image":{"@id":"https:\/\/www.kerea.eu\/index.php\/2022\/03\/02\/la-face-bicephale-du-teletravail\/#primaryimage"},"thumbnailUrl":"https:\/\/www.kerea.eu\/wp-content\/uploads\/2022\/02\/Images-5.png","articleSection":["Sant\u00e9"],"inLanguage":"fr-FR"},{"@type":"WebPage","@id":"https:\/\/www.kerea.eu\/index.php\/2022\/03\/02\/la-face-bicephale-du-teletravail\/","url":"https:\/\/www.kerea.eu\/index.php\/2022\/03\/02\/la-face-bicephale-du-teletravail\/","name":"La face bic\u00e9phale du t\u00e9l\u00e9travail - KEREA","isPartOf":{"@id":"https:\/\/37.59.242.200\/#website"},"primaryImageOfPage":{"@id":"https:\/\/www.kerea.eu\/index.php\/2022\/03\/02\/la-face-bicephale-du-teletravail\/#primaryimage"},"image":{"@id":"https:\/\/www.kerea.eu\/index.php\/2022\/03\/02\/la-face-bicephale-du-teletravail\/#primaryimage"},"thumbnailUrl":"https:\/\/www.kerea.eu\/wp-content\/uploads\/2022\/02\/Images-5.png","datePublished":"2022-03-02T08:54:29+00:00","dateModified":"2022-11-03T13:11:41+00:00","description":"La face bic\u00e9phale : Si certains salari\u00e9s affirment tirer profit du t\u00e9l\u00e9travail en mentionnant le gain en autonomie, d\u2019autres souffrent...","breadcrumb":{"@id":"https:\/\/www.kerea.eu\/index.php\/2022\/03\/02\/la-face-bicephale-du-teletravail\/#breadcrumb"},"inLanguage":"fr-FR","potentialAction":[{"@type":"ReadAction","target":["https:\/\/www.kerea.eu\/index.php\/2022\/03\/02\/la-face-bicephale-du-teletravail\/"]}]},{"@type":"ImageObject","inLanguage":"fr-FR","@id":"https:\/\/www.kerea.eu\/index.php\/2022\/03\/02\/la-face-bicephale-du-teletravail\/#primaryimage","url":"https:\/\/www.kerea.eu\/wp-content\/uploads\/2022\/02\/Images-5.png","contentUrl":"https:\/\/www.kerea.eu\/wp-content\/uploads\/2022\/02\/Images-5.png","width":1080,"height":1080,"caption":"t\u00e9l\u00e9travail"},{"@type":"BreadcrumbList","@id":"https:\/\/www.kerea.eu\/index.php\/2022\/03\/02\/la-face-bicephale-du-teletravail\/#breadcrumb","itemListElement":[{"@type":"ListItem","position":1,"name":"Accueil","item":"https:\/\/www.kerea.eu\/"},{"@type":"ListItem","position":2,"name":"La face bic\u00e9phale du t\u00e9l\u00e9travail"}]},{"@type":"WebSite","@id":"https:\/\/37.59.242.200\/#website","url":"https:\/\/37.59.242.200\/","name":"KEREA","description":"Kerea, votre partenaire sant\u00e9 et bien-\u00eatre au travail","publisher":{"@id":"https:\/\/37.59.242.200\/#organization"},"potentialAction":[{"@type":"SearchAction","target":{"@type":"EntryPoint","urlTemplate":"https:\/\/37.59.242.200\/?s={search_term_string}"},"query-input":{"@type":"PropertyValueSpecification","valueRequired":true,"valueName":"search_term_string"}}],"inLanguage":"fr-FR"},{"@type":"Organization","@id":"https:\/\/37.59.242.200\/#organization","name":"KEREA","url":"https:\/\/37.59.242.200\/","logo":{"@type":"ImageObject","inLanguage":"fr-FR","@id":"https:\/\/37.59.242.200\/#\/schema\/logo\/image\/","url":"https:\/\/www.kerea.eu\/wp-content\/uploads\/2025\/12\/logo-kerea.png","contentUrl":"https:\/\/www.kerea.eu\/wp-content\/uploads\/2025\/12\/logo-kerea.png","width":1497,"height":600,"caption":"KEREA"},"image":{"@id":"https:\/\/37.59.242.200\/#\/schema\/logo\/image\/"},"sameAs":["https:\/\/www.linkedin.com\/showcase\/kerea-by-efficience\/"]},{"@type":"Person","@id":"https:\/\/37.59.242.200\/#\/schema\/person\/5396e4c57a7033d620add4e1ee171967","name":"Kerea","url":"https:\/\/www.kerea.eu\/index.php\/author\/admin\/"}]}},"_links":{"self":[{"href":"https:\/\/www.kerea.eu\/index.php\/wp-json\/wp\/v2\/posts\/2393","targetHints":{"allow":["GET"]}}],"collection":[{"href":"https:\/\/www.kerea.eu\/index.php\/wp-json\/wp\/v2\/posts"}],"about":[{"href":"https:\/\/www.kerea.eu\/index.php\/wp-json\/wp\/v2\/types\/post"}],"author":[{"embeddable":true,"href":"https:\/\/www.kerea.eu\/index.php\/wp-json\/wp\/v2\/users\/1"}],"replies":[{"embeddable":true,"href":"https:\/\/www.kerea.eu\/index.php\/wp-json\/wp\/v2\/comments?post=2393"}],"version-history":[{"count":29,"href":"https:\/\/www.kerea.eu\/index.php\/wp-json\/wp\/v2\/posts\/2393\/revisions"}],"predecessor-version":[{"id":331108,"href":"https:\/\/www.kerea.eu\/index.php\/wp-json\/wp\/v2\/posts\/2393\/revisions\/331108"}],"wp:featuredmedia":[{"embeddable":true,"href":"https:\/\/www.kerea.eu\/index.php\/wp-json\/wp\/v2\/media\/2398"}],"wp:attachment":[{"href":"https:\/\/www.kerea.eu\/index.php\/wp-json\/wp\/v2\/media?parent=2393"}],"wp:term":[{"taxonomy":"category","embeddable":true,"href":"https:\/\/www.kerea.eu\/index.php\/wp-json\/wp\/v2\/categories?post=2393"},{"taxonomy":"post_tag","embeddable":true,"href":"https:\/\/www.kerea.eu\/index.php\/wp-json\/wp\/v2\/tags?post=2393"}],"curies":[{"name":"wp","href":"https:\/\/api.w.org\/{rel}","templated":true}]}}