{"id":2371,"date":"2022-02-10T16:46:18","date_gmt":"2022-02-10T16:46:18","guid":{"rendered":"https:\/\/www.kerea.eu\/?p=2371"},"modified":"2024-03-12T09:52:19","modified_gmt":"2024-03-12T09:52:19","slug":"le-combat-des-femmes-face-au-cancer","status":"publish","type":"post","link":"https:\/\/www.kerea.eu\/index.php\/2022\/02\/10\/le-combat-des-femmes-face-au-cancer\/","title":{"rendered":"Le combat des femmes face au cancer"},"content":{"rendered":"\t\t<div data-elementor-type=\"wp-post\" data-elementor-id=\"2371\" class=\"elementor elementor-2371\">\n\t\t\t\t\t\t<section class=\"elementor-section elementor-top-section elementor-element elementor-element-941e470 elementor-section-boxed elementor-section-height-default elementor-section-height-default\" data-id=\"941e470\" data-element_type=\"section\" data-e-type=\"section\">\n\t\t\t\t\t\t<div class=\"elementor-container elementor-column-gap-default\">\n\t\t\t\t\t<div class=\"elementor-column elementor-col-100 elementor-top-column elementor-element elementor-element-fcbe457\" data-id=\"fcbe457\" data-element_type=\"column\" data-e-type=\"column\">\n\t\t\t<div class=\"elementor-widget-wrap elementor-element-populated\">\n\t\t\t\t\t\t<div class=\"elementor-element elementor-element-098592c elementor-widget elementor-widget-text-editor\" data-id=\"098592c\" data-element_type=\"widget\" data-e-type=\"widget\" data-widget_type=\"text-editor.default\">\n\t\t\t\t<div class=\"elementor-widget-container\">\n\t\t\t\t\t\t\t\t\t<p>En France chaque ann\u00e9e, 382 000 nouveaux cas de cancers sont diagnostiqu\u00e9s dont 46% chez les femmes. Cette maladie repr\u00e9sente aujourd\u2019hui la seconde cause de mortalit\u00e9 des femmes. Les cancers les plus fr\u00e9quents chez les femmes sont les cancer du sein (33%); colorectal (11%) et du poumon (8,5%). Le 4 f\u00e9vrier se tenait la Journ\u00e9e mondiale contre le cancer, \u00e0 cette occasion, l\u2019Institut Curie a d\u00e9voil\u00e9 une \u00e9tude sur l\u2019impact social, intime et professionnel du cancer chez la femme. Cette \u00e9tude rel\u00e8ve notamment \u00a0les in\u00e9galit\u00e9s hommes-femmes face \u00e0 la maladie dans la vie professionnelle.<\/p><p>Il ressort \u00e9galement de cette \u00e9tude que les principales difficult\u00e9s pour une femme ayant gu\u00e9ri du cancer, lors de son retour \u00e0 la vie professionnelle sont de subir le regard des autres et les pr\u00e9jug\u00e9s (16%), de retrouver sa place d\u2019avant (13%), de r\u00e9ussir \u00e0 \u00eatre performante (13%).<\/p><p>Kerea, filiale d\u2019Efficience Sant\u00e9 au travail consacre ce mois de f\u00e9vrier \u00e0 la th\u00e9matique \u00ab Cancer et emploi \u00bb. La mise en place d\u2019une politique d&rsquo;inclusion de la maladie au travail est donc un enjeu majeur. C\u2019est pourquoi nous vous proposons plusieurs de vous accompagner et conseiller sur ce sujet avec diff\u00e9rents outils\u00a0:<\/p><p>D\u00e9tails et lien d&rsquo;inscription :<\/p>\t\t\t\t\t\t\t\t<\/div>\n\t\t\t\t<\/div>\n\t\t\t\t\t<\/div>\n\t\t<\/div>\n\t\t\t\t\t<\/div>\n\t\t<\/section>\n\t\t\t\t<section class=\"elementor-section elementor-top-section elementor-element elementor-element-f76bd5d elementor-section-boxed elementor-section-height-default elementor-section-height-default\" data-id=\"f76bd5d\" data-element_type=\"section\" data-e-type=\"section\">\n\t\t\t\t\t\t<div class=\"elementor-container elementor-column-gap-default\">\n\t\t\t\t\t<div class=\"elementor-column elementor-col-50 elementor-top-column elementor-element elementor-element-436a117\" data-id=\"436a117\" data-element_type=\"column\" data-e-type=\"column\">\n\t\t\t<div class=\"elementor-widget-wrap elementor-element-populated\">\n\t\t\t\t\t\t<div class=\"elementor-element elementor-element-89892bf elementor-widget elementor-widget-text-editor\" data-id=\"89892bf\" data-element_type=\"widget\" data-e-type=\"widget\" data-widget_type=\"text-editor.default\">\n\t\t\t\t<div class=\"elementor-widget-container\">\n\t\t\t\t\t\t\t\t\t<p>Pour obtenir la brochure \u00ab\u00a0Concilier Cancer et Emploi\u00a0\u00bb, r\u00e9alis\u00e9e avec le Dr Flageul, M\u00e9decin Sant\u00e9 au travail d\u2019Efficience<\/p>\t\t\t\t\t\t\t\t<\/div>\n\t\t\t\t<\/div>\n\t\t\t\t\t<\/div>\n\t\t<\/div>\n\t\t\t\t<div class=\"elementor-column elementor-col-50 elementor-top-column elementor-element elementor-element-2abf9b3\" data-id=\"2abf9b3\" data-element_type=\"column\" data-e-type=\"column\">\n\t\t\t<div class=\"elementor-widget-wrap elementor-element-populated\">\n\t\t\t\t\t\t<div class=\"elementor-element elementor-element-de9ae0c elementor-align-center elementor-widget elementor-widget-button\" data-id=\"de9ae0c\" data-element_type=\"widget\" data-e-type=\"widget\" data-widget_type=\"button.default\">\n\t\t\t\t<div class=\"elementor-widget-container\">\n\t\t\t\t\t\t\t\t\t<div class=\"elementor-button-wrapper\">\n\t\t\t\t\t<a class=\"elementor-button elementor-button-link elementor-size-sm\" href=\"https:\/\/www.efficience-santeautravail.org\/concilier-cancer-et-emploi\/\">\n\t\t\t\t\t\t<span class=\"elementor-button-content-wrapper\">\n\t\t\t\t\t\t\t\t\t<span class=\"elementor-button-text\">T\u00e9l\u00e9charger la brochure<\/span>\n\t\t\t\t\t<\/span>\n\t\t\t\t\t<\/a>\n\t\t\t\t<\/div>\n\t\t\t\t\t\t\t\t<\/div>\n\t\t\t\t<\/div>\n\t\t\t\t\t<\/div>\n\t\t<\/div>\n\t\t\t\t\t<\/div>\n\t\t<\/section>\n\t\t\t\t<section class=\"elementor-section elementor-top-section elementor-element elementor-element-aefc839 elementor-section-boxed elementor-section-height-default elementor-section-height-default\" data-id=\"aefc839\" data-element_type=\"section\" data-e-type=\"section\">\n\t\t\t\t\t\t<div class=\"elementor-container elementor-column-gap-default\">\n\t\t\t\t\t<div class=\"elementor-column elementor-col-100 elementor-top-column elementor-element elementor-element-bd4ee91\" data-id=\"bd4ee91\" data-element_type=\"column\" data-e-type=\"column\">\n\t\t\t<div class=\"elementor-widget-wrap elementor-element-populated\">\n\t\t\t\t\t\t<div class=\"elementor-element elementor-element-1a0cf19 elementor-widget elementor-widget-text-editor\" data-id=\"1a0cf19\" data-element_type=\"widget\" data-e-type=\"widget\" data-widget_type=\"text-editor.default\">\n\t\t\t\t<div class=\"elementor-widget-container\">\n\t\t\t\t\t\t\t\t\t<p>Vous pouvez contacter Kerea afin d\u2019\u00e9changer sur cette probl\u00e9matique et instaurer un plan d\u2019action personnalis\u00e9 pour vos salari\u00e9s.<\/p>\t\t\t\t\t\t\t\t<\/div>\n\t\t\t\t<\/div>\n\t\t\t\t\t<\/div>\n\t\t<\/div>\n\t\t\t\t\t<\/div>\n\t\t<\/section>\n\t\t\t\t<\/div>\n\t\t","protected":false},"excerpt":{"rendered":"<p>En France chaque ann\u00e9e, 382 000 nouveaux cas de cancers sont diagnostiqu\u00e9s dont 46% chez les femmes.<\/p>\n","protected":false},"author":1,"featured_media":2385,"comment_status":"closed","ping_status":"closed","sticky":false,"template":"","format":"standard","meta":{"_monsterinsights_skip_tracking":false,"_monsterinsights_sitenote_active":false,"_monsterinsights_sitenote_note":"","_monsterinsights_sitenote_category":0,"footnotes":""},"categories":[1],"tags":[],"class_list":["post-2371","post","type-post","status-publish","format-standard","has-post-thumbnail","hentry","category-sante"],"yoast_head":"<!-- This site is optimized with the Yoast SEO plugin v27.5 - https:\/\/yoast.com\/product\/yoast-seo-wordpress\/ -->\n<title>Le combat des femmes face au cancer - KEREA<\/title>\n<meta name=\"description\" content=\"Le combat des femmes : En France chaque ann\u00e9e, 382 000 nouveaux cas de cancers sont diagnostiqu\u00e9s dont 46% chez les femmes...\" \/>\n<meta name=\"robots\" content=\"index, follow, max-snippet:-1, max-image-preview:large, max-video-preview:-1\" \/>\n<link rel=\"canonical\" href=\"https:\/\/www.kerea.eu\/index.php\/2022\/02\/10\/le-combat-des-femmes-face-au-cancer\/\" \/>\n<meta property=\"og:locale\" content=\"fr_FR\" \/>\n<meta property=\"og:type\" content=\"article\" \/>\n<meta property=\"og:title\" content=\"Le combat des femmes face au cancer - KEREA\" \/>\n<meta property=\"og:description\" content=\"Le combat des femmes : En France chaque ann\u00e9e, 382 000 nouveaux cas de cancers sont diagnostiqu\u00e9s dont 46% chez les femmes...\" \/>\n<meta property=\"og:url\" content=\"https:\/\/www.kerea.eu\/index.php\/2022\/02\/10\/le-combat-des-femmes-face-au-cancer\/\" \/>\n<meta property=\"og:site_name\" content=\"KEREA\" \/>\n<meta property=\"article:published_time\" content=\"2022-02-10T16:46:18+00:00\" \/>\n<meta property=\"article:modified_time\" content=\"2024-03-12T09:52:19+00:00\" \/>\n<meta property=\"og:image\" content=\"https:\/\/www.kerea.eu\/wp-content\/uploads\/2022\/02\/Images-4.png\" \/>\n\t<meta property=\"og:image:width\" content=\"1080\" \/>\n\t<meta property=\"og:image:height\" content=\"1080\" \/>\n\t<meta property=\"og:image:type\" content=\"image\/png\" \/>\n<meta name=\"author\" content=\"Kerea\" \/>\n<meta name=\"twitter:card\" content=\"summary_large_image\" \/>\n<meta name=\"twitter:label1\" content=\"\u00c9crit par\" \/>\n\t<meta name=\"twitter:data1\" content=\"Kerea\" \/>\n\t<meta name=\"twitter:label2\" content=\"Dur\u00e9e de lecture estim\u00e9e\" \/>\n\t<meta name=\"twitter:data2\" content=\"2 minutes\" \/>\n<script type=\"application\/ld+json\" class=\"yoast-schema-graph\">{\"@context\":\"https:\\\/\\\/schema.org\",\"@graph\":[{\"@type\":\"Article\",\"@id\":\"https:\\\/\\\/www.kerea.eu\\\/index.php\\\/2022\\\/02\\\/10\\\/le-combat-des-femmes-face-au-cancer\\\/#article\",\"isPartOf\":{\"@id\":\"https:\\\/\\\/www.kerea.eu\\\/index.php\\\/2022\\\/02\\\/10\\\/le-combat-des-femmes-face-au-cancer\\\/\"},\"author\":{\"name\":\"Kerea\",\"@id\":\"https:\\\/\\\/37.59.242.200\\\/#\\\/schema\\\/person\\\/5396e4c57a7033d620add4e1ee171967\"},\"headline\":\"Le combat des femmes face au cancer\",\"datePublished\":\"2022-02-10T16:46:18+00:00\",\"dateModified\":\"2024-03-12T09:52:19+00:00\",\"mainEntityOfPage\":{\"@id\":\"https:\\\/\\\/www.kerea.eu\\\/index.php\\\/2022\\\/02\\\/10\\\/le-combat-des-femmes-face-au-cancer\\\/\"},\"wordCount\":266,\"publisher\":{\"@id\":\"https:\\\/\\\/37.59.242.200\\\/#organization\"},\"image\":{\"@id\":\"https:\\\/\\\/www.kerea.eu\\\/index.php\\\/2022\\\/02\\\/10\\\/le-combat-des-femmes-face-au-cancer\\\/#primaryimage\"},\"thumbnailUrl\":\"https:\\\/\\\/www.kerea.eu\\\/wp-content\\\/uploads\\\/2022\\\/02\\\/Images-4.png\",\"articleSection\":[\"Sant\u00e9\"],\"inLanguage\":\"fr-FR\"},{\"@type\":\"WebPage\",\"@id\":\"https:\\\/\\\/www.kerea.eu\\\/index.php\\\/2022\\\/02\\\/10\\\/le-combat-des-femmes-face-au-cancer\\\/\",\"url\":\"https:\\\/\\\/www.kerea.eu\\\/index.php\\\/2022\\\/02\\\/10\\\/le-combat-des-femmes-face-au-cancer\\\/\",\"name\":\"Le combat des femmes face au cancer - KEREA\",\"isPartOf\":{\"@id\":\"https:\\\/\\\/37.59.242.200\\\/#website\"},\"primaryImageOfPage\":{\"@id\":\"https:\\\/\\\/www.kerea.eu\\\/index.php\\\/2022\\\/02\\\/10\\\/le-combat-des-femmes-face-au-cancer\\\/#primaryimage\"},\"image\":{\"@id\":\"https:\\\/\\\/www.kerea.eu\\\/index.php\\\/2022\\\/02\\\/10\\\/le-combat-des-femmes-face-au-cancer\\\/#primaryimage\"},\"thumbnailUrl\":\"https:\\\/\\\/www.kerea.eu\\\/wp-content\\\/uploads\\\/2022\\\/02\\\/Images-4.png\",\"datePublished\":\"2022-02-10T16:46:18+00:00\",\"dateModified\":\"2024-03-12T09:52:19+00:00\",\"description\":\"Le combat des femmes : En France chaque ann\u00e9e, 382 000 nouveaux cas de cancers sont diagnostiqu\u00e9s dont 46% chez les femmes...\",\"breadcrumb\":{\"@id\":\"https:\\\/\\\/www.kerea.eu\\\/index.php\\\/2022\\\/02\\\/10\\\/le-combat-des-femmes-face-au-cancer\\\/#breadcrumb\"},\"inLanguage\":\"fr-FR\",\"potentialAction\":[{\"@type\":\"ReadAction\",\"target\":[\"https:\\\/\\\/www.kerea.eu\\\/index.php\\\/2022\\\/02\\\/10\\\/le-combat-des-femmes-face-au-cancer\\\/\"]}]},{\"@type\":\"ImageObject\",\"inLanguage\":\"fr-FR\",\"@id\":\"https:\\\/\\\/www.kerea.eu\\\/index.php\\\/2022\\\/02\\\/10\\\/le-combat-des-femmes-face-au-cancer\\\/#primaryimage\",\"url\":\"https:\\\/\\\/www.kerea.eu\\\/wp-content\\\/uploads\\\/2022\\\/02\\\/Images-4.png\",\"contentUrl\":\"https:\\\/\\\/www.kerea.eu\\\/wp-content\\\/uploads\\\/2022\\\/02\\\/Images-4.png\",\"width\":1080,\"height\":1080,\"caption\":\"Femme atteinte d'un cancer\"},{\"@type\":\"BreadcrumbList\",\"@id\":\"https:\\\/\\\/www.kerea.eu\\\/index.php\\\/2022\\\/02\\\/10\\\/le-combat-des-femmes-face-au-cancer\\\/#breadcrumb\",\"itemListElement\":[{\"@type\":\"ListItem\",\"position\":1,\"name\":\"Accueil\",\"item\":\"https:\\\/\\\/www.kerea.eu\\\/\"},{\"@type\":\"ListItem\",\"position\":2,\"name\":\"Le combat des femmes face au cancer\"}]},{\"@type\":\"WebSite\",\"@id\":\"https:\\\/\\\/37.59.242.200\\\/#website\",\"url\":\"https:\\\/\\\/37.59.242.200\\\/\",\"name\":\"KEREA\",\"description\":\"Kerea, votre partenaire sant\u00e9 et bien-\u00eatre au travail\",\"publisher\":{\"@id\":\"https:\\\/\\\/37.59.242.200\\\/#organization\"},\"potentialAction\":[{\"@type\":\"SearchAction\",\"target\":{\"@type\":\"EntryPoint\",\"urlTemplate\":\"https:\\\/\\\/37.59.242.200\\\/?s={search_term_string}\"},\"query-input\":{\"@type\":\"PropertyValueSpecification\",\"valueRequired\":true,\"valueName\":\"search_term_string\"}}],\"inLanguage\":\"fr-FR\"},{\"@type\":\"Organization\",\"@id\":\"https:\\\/\\\/37.59.242.200\\\/#organization\",\"name\":\"KEREA\",\"url\":\"https:\\\/\\\/37.59.242.200\\\/\",\"logo\":{\"@type\":\"ImageObject\",\"inLanguage\":\"fr-FR\",\"@id\":\"https:\\\/\\\/37.59.242.200\\\/#\\\/schema\\\/logo\\\/image\\\/\",\"url\":\"https:\\\/\\\/www.kerea.eu\\\/wp-content\\\/uploads\\\/2025\\\/12\\\/logo-kerea.png\",\"contentUrl\":\"https:\\\/\\\/www.kerea.eu\\\/wp-content\\\/uploads\\\/2025\\\/12\\\/logo-kerea.png\",\"width\":1497,\"height\":600,\"caption\":\"KEREA\"},\"image\":{\"@id\":\"https:\\\/\\\/37.59.242.200\\\/#\\\/schema\\\/logo\\\/image\\\/\"},\"sameAs\":[\"https:\\\/\\\/www.linkedin.com\\\/showcase\\\/kerea-by-efficience\\\/\"]},{\"@type\":\"Person\",\"@id\":\"https:\\\/\\\/37.59.242.200\\\/#\\\/schema\\\/person\\\/5396e4c57a7033d620add4e1ee171967\",\"name\":\"Kerea\",\"url\":\"https:\\\/\\\/www.kerea.eu\\\/index.php\\\/author\\\/admin\\\/\"}]}<\/script>\n<!-- \/ Yoast SEO plugin. -->","yoast_head_json":{"title":"Le combat des femmes face au cancer - KEREA","description":"Le combat des femmes : En France chaque ann\u00e9e, 382 000 nouveaux cas de cancers sont diagnostiqu\u00e9s dont 46% chez les femmes...","robots":{"index":"index","follow":"follow","max-snippet":"max-snippet:-1","max-image-preview":"max-image-preview:large","max-video-preview":"max-video-preview:-1"},"canonical":"https:\/\/www.kerea.eu\/index.php\/2022\/02\/10\/le-combat-des-femmes-face-au-cancer\/","og_locale":"fr_FR","og_type":"article","og_title":"Le combat des femmes face au cancer - KEREA","og_description":"Le combat des femmes : En France chaque ann\u00e9e, 382 000 nouveaux cas de cancers sont diagnostiqu\u00e9s dont 46% chez les femmes...","og_url":"https:\/\/www.kerea.eu\/index.php\/2022\/02\/10\/le-combat-des-femmes-face-au-cancer\/","og_site_name":"KEREA","article_published_time":"2022-02-10T16:46:18+00:00","article_modified_time":"2024-03-12T09:52:19+00:00","og_image":[{"width":1080,"height":1080,"url":"https:\/\/www.kerea.eu\/wp-content\/uploads\/2022\/02\/Images-4.png","type":"image\/png"}],"author":"Kerea","twitter_card":"summary_large_image","twitter_misc":{"\u00c9crit par":"Kerea","Dur\u00e9e de lecture estim\u00e9e":"2 minutes"},"schema":{"@context":"https:\/\/schema.org","@graph":[{"@type":"Article","@id":"https:\/\/www.kerea.eu\/index.php\/2022\/02\/10\/le-combat-des-femmes-face-au-cancer\/#article","isPartOf":{"@id":"https:\/\/www.kerea.eu\/index.php\/2022\/02\/10\/le-combat-des-femmes-face-au-cancer\/"},"author":{"name":"Kerea","@id":"https:\/\/37.59.242.200\/#\/schema\/person\/5396e4c57a7033d620add4e1ee171967"},"headline":"Le combat des femmes face au cancer","datePublished":"2022-02-10T16:46:18+00:00","dateModified":"2024-03-12T09:52:19+00:00","mainEntityOfPage":{"@id":"https:\/\/www.kerea.eu\/index.php\/2022\/02\/10\/le-combat-des-femmes-face-au-cancer\/"},"wordCount":266,"publisher":{"@id":"https:\/\/37.59.242.200\/#organization"},"image":{"@id":"https:\/\/www.kerea.eu\/index.php\/2022\/02\/10\/le-combat-des-femmes-face-au-cancer\/#primaryimage"},"thumbnailUrl":"https:\/\/www.kerea.eu\/wp-content\/uploads\/2022\/02\/Images-4.png","articleSection":["Sant\u00e9"],"inLanguage":"fr-FR"},{"@type":"WebPage","@id":"https:\/\/www.kerea.eu\/index.php\/2022\/02\/10\/le-combat-des-femmes-face-au-cancer\/","url":"https:\/\/www.kerea.eu\/index.php\/2022\/02\/10\/le-combat-des-femmes-face-au-cancer\/","name":"Le combat des femmes face au cancer - KEREA","isPartOf":{"@id":"https:\/\/37.59.242.200\/#website"},"primaryImageOfPage":{"@id":"https:\/\/www.kerea.eu\/index.php\/2022\/02\/10\/le-combat-des-femmes-face-au-cancer\/#primaryimage"},"image":{"@id":"https:\/\/www.kerea.eu\/index.php\/2022\/02\/10\/le-combat-des-femmes-face-au-cancer\/#primaryimage"},"thumbnailUrl":"https:\/\/www.kerea.eu\/wp-content\/uploads\/2022\/02\/Images-4.png","datePublished":"2022-02-10T16:46:18+00:00","dateModified":"2024-03-12T09:52:19+00:00","description":"Le combat des femmes : En France chaque ann\u00e9e, 382 000 nouveaux cas de cancers sont diagnostiqu\u00e9s dont 46% chez les femmes...","breadcrumb":{"@id":"https:\/\/www.kerea.eu\/index.php\/2022\/02\/10\/le-combat-des-femmes-face-au-cancer\/#breadcrumb"},"inLanguage":"fr-FR","potentialAction":[{"@type":"ReadAction","target":["https:\/\/www.kerea.eu\/index.php\/2022\/02\/10\/le-combat-des-femmes-face-au-cancer\/"]}]},{"@type":"ImageObject","inLanguage":"fr-FR","@id":"https:\/\/www.kerea.eu\/index.php\/2022\/02\/10\/le-combat-des-femmes-face-au-cancer\/#primaryimage","url":"https:\/\/www.kerea.eu\/wp-content\/uploads\/2022\/02\/Images-4.png","contentUrl":"https:\/\/www.kerea.eu\/wp-content\/uploads\/2022\/02\/Images-4.png","width":1080,"height":1080,"caption":"Femme atteinte d'un cancer"},{"@type":"BreadcrumbList","@id":"https:\/\/www.kerea.eu\/index.php\/2022\/02\/10\/le-combat-des-femmes-face-au-cancer\/#breadcrumb","itemListElement":[{"@type":"ListItem","position":1,"name":"Accueil","item":"https:\/\/www.kerea.eu\/"},{"@type":"ListItem","position":2,"name":"Le combat des femmes face au cancer"}]},{"@type":"WebSite","@id":"https:\/\/37.59.242.200\/#website","url":"https:\/\/37.59.242.200\/","name":"KEREA","description":"Kerea, votre partenaire sant\u00e9 et bien-\u00eatre au travail","publisher":{"@id":"https:\/\/37.59.242.200\/#organization"},"potentialAction":[{"@type":"SearchAction","target":{"@type":"EntryPoint","urlTemplate":"https:\/\/37.59.242.200\/?s={search_term_string}"},"query-input":{"@type":"PropertyValueSpecification","valueRequired":true,"valueName":"search_term_string"}}],"inLanguage":"fr-FR"},{"@type":"Organization","@id":"https:\/\/37.59.242.200\/#organization","name":"KEREA","url":"https:\/\/37.59.242.200\/","logo":{"@type":"ImageObject","inLanguage":"fr-FR","@id":"https:\/\/37.59.242.200\/#\/schema\/logo\/image\/","url":"https:\/\/www.kerea.eu\/wp-content\/uploads\/2025\/12\/logo-kerea.png","contentUrl":"https:\/\/www.kerea.eu\/wp-content\/uploads\/2025\/12\/logo-kerea.png","width":1497,"height":600,"caption":"KEREA"},"image":{"@id":"https:\/\/37.59.242.200\/#\/schema\/logo\/image\/"},"sameAs":["https:\/\/www.linkedin.com\/showcase\/kerea-by-efficience\/"]},{"@type":"Person","@id":"https:\/\/37.59.242.200\/#\/schema\/person\/5396e4c57a7033d620add4e1ee171967","name":"Kerea","url":"https:\/\/www.kerea.eu\/index.php\/author\/admin\/"}]}},"_links":{"self":[{"href":"https:\/\/www.kerea.eu\/index.php\/wp-json\/wp\/v2\/posts\/2371","targetHints":{"allow":["GET"]}}],"collection":[{"href":"https:\/\/www.kerea.eu\/index.php\/wp-json\/wp\/v2\/posts"}],"about":[{"href":"https:\/\/www.kerea.eu\/index.php\/wp-json\/wp\/v2\/types\/post"}],"author":[{"embeddable":true,"href":"https:\/\/www.kerea.eu\/index.php\/wp-json\/wp\/v2\/users\/1"}],"replies":[{"embeddable":true,"href":"https:\/\/www.kerea.eu\/index.php\/wp-json\/wp\/v2\/comments?post=2371"}],"version-history":[{"count":24,"href":"https:\/\/www.kerea.eu\/index.php\/wp-json\/wp\/v2\/posts\/2371\/revisions"}],"predecessor-version":[{"id":645493,"href":"https:\/\/www.kerea.eu\/index.php\/wp-json\/wp\/v2\/posts\/2371\/revisions\/645493"}],"wp:featuredmedia":[{"embeddable":true,"href":"https:\/\/www.kerea.eu\/index.php\/wp-json\/wp\/v2\/media\/2385"}],"wp:attachment":[{"href":"https:\/\/www.kerea.eu\/index.php\/wp-json\/wp\/v2\/media?parent=2371"}],"wp:term":[{"taxonomy":"category","embeddable":true,"href":"https:\/\/www.kerea.eu\/index.php\/wp-json\/wp\/v2\/categories?post=2371"},{"taxonomy":"post_tag","embeddable":true,"href":"https:\/\/www.kerea.eu\/index.php\/wp-json\/wp\/v2\/tags?post=2371"}],"curies":[{"name":"wp","href":"https:\/\/api.w.org\/{rel}","templated":true}]}}