{"id":2284,"date":"2021-12-22T14:59:07","date_gmt":"2021-12-22T14:59:07","guid":{"rendered":"https:\/\/www.kerea.eu\/?p=2284"},"modified":"2022-11-03T13:00:26","modified_gmt":"2022-11-03T13:00:26","slug":"la-reforme-sante-travail-les-perspectives","status":"publish","type":"post","link":"https:\/\/www.kerea.eu\/index.php\/2021\/12\/22\/la-reforme-sante-travail-les-perspectives\/","title":{"rendered":"La r\u00e9forme sant\u00e9 travail : les perspectives \u00e0 venir"},"content":{"rendered":"\t\t<div data-elementor-type=\"wp-post\" data-elementor-id=\"2284\" class=\"elementor elementor-2284\">\n\t\t\t\t\t\t<section class=\"elementor-section elementor-top-section elementor-element elementor-element-cdd8b6d elementor-section-boxed elementor-section-height-default elementor-section-height-default\" data-id=\"cdd8b6d\" data-element_type=\"section\" data-e-type=\"section\">\n\t\t\t\t\t\t<div class=\"elementor-container elementor-column-gap-default\">\n\t\t\t\t\t<div class=\"elementor-column elementor-col-100 elementor-top-column elementor-element elementor-element-5d9d0f2\" data-id=\"5d9d0f2\" data-element_type=\"column\" data-e-type=\"column\">\n\t\t\t<div class=\"elementor-widget-wrap elementor-element-populated\">\n\t\t\t\t\t\t<div class=\"elementor-element elementor-element-79076bd elementor-widget elementor-widget-text-editor\" data-id=\"79076bd\" data-element_type=\"widget\" data-e-type=\"widget\" data-widget_type=\"text-editor.default\">\n\t\t\t\t<div class=\"elementor-widget-container\">\n\t\t\t\t\t\t\t\t\t<p>Le mardi 30 novembre 2021, au salon Pr\u00e9ventica s\u2019est tenu une conf\u00e9rence autour de la loi du 2 ao\u00fbt qui ambitionne de renforcer la pr\u00e9vention en sant\u00e9 au travail. L\u2019objectif de cette conf\u00e9rence \u00e9tait de r\u00e9pondre \u00e0 certaines questions comme : Quelles sont les grandes orientations propos\u00e9es par cette loi ? Comment les entreprises vont- elles devoir s\u2019adapter ? Quelles nouvelles contraintes et risques en d\u00e9coulent ?<\/p><p>Parmi les conf\u00e9renciers\u00a0:<\/p><ul><li>Thibaut Fleury, Directeur g\u00e9n\u00e9ral d\u2019Efficience sant\u00e9 au travail<\/li><li>Pascale Maundrell, RRH, Entreprise Santarelli.<\/li><li>Claire Le Touze, avocate sp\u00e9cialis\u00e9e en droit social, Entreprise Simmons Simmons<\/li><li>Val\u00e9rie Dunas, Directrice G\u00e9n\u00e9rale de Kerea<\/li><\/ul>\t\t\t\t\t\t\t\t<\/div>\n\t\t\t\t<\/div>\n\t\t\t\t<div class=\"elementor-element elementor-element-7dfa283 elementor-widget elementor-widget-text-editor\" data-id=\"7dfa283\" data-element_type=\"widget\" data-e-type=\"widget\" data-widget_type=\"text-editor.default\">\n\t\t\t\t<div class=\"elementor-widget-container\">\n\t\t\t\t\t\t\t\t\t<p>D\u00e9couvrez le bilan de la conf\u00e9rence dans la vid\u00e9o de <a href=\"https:\/\/www.preventica.com\/\">Pr\u00e9ventica<\/a> ci-dessous.<\/p>\t\t\t\t\t\t\t\t<\/div>\n\t\t\t\t<\/div>\n\t\t\t\t\t<\/div>\n\t\t<\/div>\n\t\t\t\t\t<\/div>\n\t\t<\/section>\n\t\t\t\t<section class=\"elementor-section elementor-top-section elementor-element elementor-element-7936dcf elementor-section-boxed elementor-section-height-default elementor-section-height-default\" data-id=\"7936dcf\" data-element_type=\"section\" data-e-type=\"section\">\n\t\t\t\t\t\t<div class=\"elementor-container elementor-column-gap-default\">\n\t\t\t\t\t<div class=\"elementor-column elementor-col-100 elementor-top-column elementor-element elementor-element-b30f916\" data-id=\"b30f916\" data-element_type=\"column\" data-e-type=\"column\">\n\t\t\t<div class=\"elementor-widget-wrap elementor-element-populated\">\n\t\t\t\t\t\t<div class=\"elementor-element elementor-element-5324093 elementor-widget elementor-widget-video\" data-id=\"5324093\" data-element_type=\"widget\" data-e-type=\"widget\" data-settings=\"{&quot;youtube_url&quot;:&quot;https:\\\/\\\/www.youtube.com\\\/watch?v=8vlKxQtgchc&quot;,&quot;video_type&quot;:&quot;youtube&quot;,&quot;controls&quot;:&quot;yes&quot;}\" data-widget_type=\"video.default\">\n\t\t\t\t<div class=\"elementor-widget-container\">\n\t\t\t\t\t\t\t<div class=\"elementor-wrapper elementor-open-inline\">\n\t\t\t<div class=\"elementor-video\"><\/div>\t\t<\/div>\n\t\t\t\t\t\t<\/div>\n\t\t\t\t<\/div>\n\t\t\t\t\t<\/div>\n\t\t<\/div>\n\t\t\t\t\t<\/div>\n\t\t<\/section>\n\t\t\t\t<section class=\"elementor-section elementor-top-section elementor-element elementor-element-41ef2d4 elementor-section-boxed elementor-section-height-default elementor-section-height-default\" data-id=\"41ef2d4\" data-element_type=\"section\" data-e-type=\"section\">\n\t\t\t\t\t\t<div class=\"elementor-container elementor-column-gap-default\">\n\t\t\t\t\t<div class=\"elementor-column elementor-col-100 elementor-top-column elementor-element elementor-element-c61b7ab\" data-id=\"c61b7ab\" data-element_type=\"column\" data-e-type=\"column\">\n\t\t\t<div class=\"elementor-widget-wrap elementor-element-populated\">\n\t\t\t\t\t\t<div class=\"elementor-element elementor-element-782381f elementor-widget elementor-widget-text-editor\" data-id=\"782381f\" data-element_type=\"widget\" data-e-type=\"widget\" data-widget_type=\"text-editor.default\">\n\t\t\t\t<div class=\"elementor-widget-container\">\n\t\t\t\t\t\t\t\t\t<p>C\u2019est l\u2019occasion de contacter <a href=\"https:\/\/www.kerea.eu\/index.php\/contact\/\">Kerea <\/a>pour un accompagnement sur mesure afin que vos salari\u00e9s travaillent dans les meilleures conditions qu\u2019ils soient en entreprise.<\/p>\t\t\t\t\t\t\t\t<\/div>\n\t\t\t\t<\/div>\n\t\t\t\t\t<\/div>\n\t\t<\/div>\n\t\t\t\t\t<\/div>\n\t\t<\/section>\n\t\t\t\t<\/div>\n\t\t","protected":false},"excerpt":{"rendered":"<p>Le mardi 30 novembre 2021, au salon Pr\u00e9ventica s\u2019est tenu une conf\u00e9rence autour de la loi du 2 ao\u00fbt qui ambitionne de renforcer la pr\u00e9vention en sant\u00e9 au travail. L\u2019objectif &#8230; <a title=\"La r\u00e9forme sant\u00e9 travail : les perspectives \u00e0 venir\" class=\"read-more\" href=\"https:\/\/www.kerea.eu\/index.php\/2021\/12\/22\/la-reforme-sante-travail-les-perspectives\/\" aria-label=\"Read more about La r\u00e9forme sant\u00e9 travail : les perspectives \u00e0 venir\">Lire la suite<\/a><\/p>\n","protected":false},"author":1,"featured_media":2309,"comment_status":"closed","ping_status":"closed","sticky":false,"template":"","format":"standard","meta":{"_monsterinsights_skip_tracking":false,"_monsterinsights_sitenote_active":false,"_monsterinsights_sitenote_note":"","_monsterinsights_sitenote_category":0,"footnotes":""},"categories":[1],"tags":[],"class_list":["post-2284","post","type-post","status-publish","format-standard","has-post-thumbnail","hentry","category-sante"],"yoast_head":"<!-- This site is optimized with the Yoast SEO plugin v27.5 - https:\/\/yoast.com\/product\/yoast-seo-wordpress\/ -->\n<title>La r\u00e9forme sant\u00e9 travail : les perspectives \u00e0 venir - KEREA<\/title>\n<meta name=\"description\" content=\"La r\u00e9forme sant\u00e9 travail : s&#039;est tenu au salon Pr\u00e9ventica Paris une conf\u00e9rence autour de la loi du 2 ao\u00fbt qui ambitionne de renforcer...\" \/>\n<meta name=\"robots\" content=\"index, follow, max-snippet:-1, max-image-preview:large, max-video-preview:-1\" \/>\n<link rel=\"canonical\" href=\"https:\/\/www.kerea.eu\/index.php\/2021\/12\/22\/la-reforme-sante-travail-les-perspectives\/\" \/>\n<meta property=\"og:locale\" content=\"fr_FR\" \/>\n<meta property=\"og:type\" content=\"article\" \/>\n<meta property=\"og:title\" content=\"La r\u00e9forme sant\u00e9 travail : les perspectives \u00e0 venir - KEREA\" \/>\n<meta property=\"og:description\" content=\"La r\u00e9forme sant\u00e9 travail : s&#039;est tenu au salon Pr\u00e9ventica Paris une conf\u00e9rence autour de la loi du 2 ao\u00fbt qui ambitionne de renforcer...\" \/>\n<meta property=\"og:url\" content=\"https:\/\/www.kerea.eu\/index.php\/2021\/12\/22\/la-reforme-sante-travail-les-perspectives\/\" \/>\n<meta property=\"og:site_name\" content=\"KEREA\" \/>\n<meta property=\"article:published_time\" content=\"2021-12-22T14:59:07+00:00\" \/>\n<meta property=\"article:modified_time\" content=\"2022-11-03T13:00:26+00:00\" \/>\n<meta property=\"og:image\" content=\"https:\/\/www.kerea.eu\/wp-content\/uploads\/2021\/12\/photo-preventica.jpg\" \/>\n\t<meta property=\"og:image:width\" content=\"1059\" \/>\n\t<meta property=\"og:image:height\" content=\"655\" \/>\n\t<meta property=\"og:image:type\" content=\"image\/jpeg\" \/>\n<meta name=\"author\" content=\"Kerea\" \/>\n<meta name=\"twitter:card\" content=\"summary_large_image\" \/>\n<meta name=\"twitter:label1\" content=\"\u00c9crit par\" \/>\n\t<meta name=\"twitter:data1\" content=\"Kerea\" \/>\n\t<meta name=\"twitter:label2\" content=\"Dur\u00e9e de lecture estim\u00e9e\" \/>\n\t<meta name=\"twitter:data2\" content=\"1 minute\" \/>\n<script type=\"application\/ld+json\" class=\"yoast-schema-graph\">{\"@context\":\"https:\\\/\\\/schema.org\",\"@graph\":[{\"@type\":\"Article\",\"@id\":\"https:\\\/\\\/www.kerea.eu\\\/index.php\\\/2021\\\/12\\\/22\\\/la-reforme-sante-travail-les-perspectives\\\/#article\",\"isPartOf\":{\"@id\":\"https:\\\/\\\/www.kerea.eu\\\/index.php\\\/2021\\\/12\\\/22\\\/la-reforme-sante-travail-les-perspectives\\\/\"},\"author\":{\"name\":\"Kerea\",\"@id\":\"https:\\\/\\\/37.59.242.200\\\/#\\\/schema\\\/person\\\/5396e4c57a7033d620add4e1ee171967\"},\"headline\":\"La r\u00e9forme sant\u00e9 travail : les perspectives \u00e0 venir\",\"datePublished\":\"2021-12-22T14:59:07+00:00\",\"dateModified\":\"2022-11-03T13:00:26+00:00\",\"mainEntityOfPage\":{\"@id\":\"https:\\\/\\\/www.kerea.eu\\\/index.php\\\/2021\\\/12\\\/22\\\/la-reforme-sante-travail-les-perspectives\\\/\"},\"wordCount\":171,\"publisher\":{\"@id\":\"https:\\\/\\\/37.59.242.200\\\/#organization\"},\"image\":{\"@id\":\"https:\\\/\\\/www.kerea.eu\\\/index.php\\\/2021\\\/12\\\/22\\\/la-reforme-sante-travail-les-perspectives\\\/#primaryimage\"},\"thumbnailUrl\":\"https:\\\/\\\/www.kerea.eu\\\/wp-content\\\/uploads\\\/2021\\\/12\\\/photo-preventica.jpg\",\"articleSection\":[\"Sant\u00e9\"],\"inLanguage\":\"fr-FR\"},{\"@type\":\"WebPage\",\"@id\":\"https:\\\/\\\/www.kerea.eu\\\/index.php\\\/2021\\\/12\\\/22\\\/la-reforme-sante-travail-les-perspectives\\\/\",\"url\":\"https:\\\/\\\/www.kerea.eu\\\/index.php\\\/2021\\\/12\\\/22\\\/la-reforme-sante-travail-les-perspectives\\\/\",\"name\":\"La r\u00e9forme sant\u00e9 travail : les perspectives \u00e0 venir - KEREA\",\"isPartOf\":{\"@id\":\"https:\\\/\\\/37.59.242.200\\\/#website\"},\"primaryImageOfPage\":{\"@id\":\"https:\\\/\\\/www.kerea.eu\\\/index.php\\\/2021\\\/12\\\/22\\\/la-reforme-sante-travail-les-perspectives\\\/#primaryimage\"},\"image\":{\"@id\":\"https:\\\/\\\/www.kerea.eu\\\/index.php\\\/2021\\\/12\\\/22\\\/la-reforme-sante-travail-les-perspectives\\\/#primaryimage\"},\"thumbnailUrl\":\"https:\\\/\\\/www.kerea.eu\\\/wp-content\\\/uploads\\\/2021\\\/12\\\/photo-preventica.jpg\",\"datePublished\":\"2021-12-22T14:59:07+00:00\",\"dateModified\":\"2022-11-03T13:00:26+00:00\",\"description\":\"La r\u00e9forme sant\u00e9 travail : s'est tenu au salon Pr\u00e9ventica Paris une conf\u00e9rence autour de la loi du 2 ao\u00fbt qui ambitionne de renforcer...\",\"breadcrumb\":{\"@id\":\"https:\\\/\\\/www.kerea.eu\\\/index.php\\\/2021\\\/12\\\/22\\\/la-reforme-sante-travail-les-perspectives\\\/#breadcrumb\"},\"inLanguage\":\"fr-FR\",\"potentialAction\":[{\"@type\":\"ReadAction\",\"target\":[\"https:\\\/\\\/www.kerea.eu\\\/index.php\\\/2021\\\/12\\\/22\\\/la-reforme-sante-travail-les-perspectives\\\/\"]}]},{\"@type\":\"ImageObject\",\"inLanguage\":\"fr-FR\",\"@id\":\"https:\\\/\\\/www.kerea.eu\\\/index.php\\\/2021\\\/12\\\/22\\\/la-reforme-sante-travail-les-perspectives\\\/#primaryimage\",\"url\":\"https:\\\/\\\/www.kerea.eu\\\/wp-content\\\/uploads\\\/2021\\\/12\\\/photo-preventica.jpg\",\"contentUrl\":\"https:\\\/\\\/www.kerea.eu\\\/wp-content\\\/uploads\\\/2021\\\/12\\\/photo-preventica.jpg\",\"width\":1059,\"height\":655,\"caption\":\"Conf\u00e9rence Pr\u00e9ventica\"},{\"@type\":\"BreadcrumbList\",\"@id\":\"https:\\\/\\\/www.kerea.eu\\\/index.php\\\/2021\\\/12\\\/22\\\/la-reforme-sante-travail-les-perspectives\\\/#breadcrumb\",\"itemListElement\":[{\"@type\":\"ListItem\",\"position\":1,\"name\":\"Accueil\",\"item\":\"https:\\\/\\\/www.kerea.eu\\\/\"},{\"@type\":\"ListItem\",\"position\":2,\"name\":\"La r\u00e9forme sant\u00e9 travail : les perspectives \u00e0 venir\"}]},{\"@type\":\"WebSite\",\"@id\":\"https:\\\/\\\/37.59.242.200\\\/#website\",\"url\":\"https:\\\/\\\/37.59.242.200\\\/\",\"name\":\"KEREA\",\"description\":\"Kerea, votre partenaire sant\u00e9 et bien-\u00eatre au travail\",\"publisher\":{\"@id\":\"https:\\\/\\\/37.59.242.200\\\/#organization\"},\"potentialAction\":[{\"@type\":\"SearchAction\",\"target\":{\"@type\":\"EntryPoint\",\"urlTemplate\":\"https:\\\/\\\/37.59.242.200\\\/?s={search_term_string}\"},\"query-input\":{\"@type\":\"PropertyValueSpecification\",\"valueRequired\":true,\"valueName\":\"search_term_string\"}}],\"inLanguage\":\"fr-FR\"},{\"@type\":\"Organization\",\"@id\":\"https:\\\/\\\/37.59.242.200\\\/#organization\",\"name\":\"KEREA\",\"url\":\"https:\\\/\\\/37.59.242.200\\\/\",\"logo\":{\"@type\":\"ImageObject\",\"inLanguage\":\"fr-FR\",\"@id\":\"https:\\\/\\\/37.59.242.200\\\/#\\\/schema\\\/logo\\\/image\\\/\",\"url\":\"https:\\\/\\\/www.kerea.eu\\\/wp-content\\\/uploads\\\/2025\\\/12\\\/logo-kerea.png\",\"contentUrl\":\"https:\\\/\\\/www.kerea.eu\\\/wp-content\\\/uploads\\\/2025\\\/12\\\/logo-kerea.png\",\"width\":1497,\"height\":600,\"caption\":\"KEREA\"},\"image\":{\"@id\":\"https:\\\/\\\/37.59.242.200\\\/#\\\/schema\\\/logo\\\/image\\\/\"},\"sameAs\":[\"https:\\\/\\\/www.linkedin.com\\\/showcase\\\/kerea-by-efficience\\\/\"]},{\"@type\":\"Person\",\"@id\":\"https:\\\/\\\/37.59.242.200\\\/#\\\/schema\\\/person\\\/5396e4c57a7033d620add4e1ee171967\",\"name\":\"Kerea\",\"url\":\"https:\\\/\\\/www.kerea.eu\\\/index.php\\\/author\\\/admin\\\/\"}]}<\/script>\n<!-- \/ Yoast SEO plugin. -->","yoast_head_json":{"title":"La r\u00e9forme sant\u00e9 travail : les perspectives \u00e0 venir - KEREA","description":"La r\u00e9forme sant\u00e9 travail : s'est tenu au salon Pr\u00e9ventica Paris une conf\u00e9rence autour de la loi du 2 ao\u00fbt qui ambitionne de renforcer...","robots":{"index":"index","follow":"follow","max-snippet":"max-snippet:-1","max-image-preview":"max-image-preview:large","max-video-preview":"max-video-preview:-1"},"canonical":"https:\/\/www.kerea.eu\/index.php\/2021\/12\/22\/la-reforme-sante-travail-les-perspectives\/","og_locale":"fr_FR","og_type":"article","og_title":"La r\u00e9forme sant\u00e9 travail : les perspectives \u00e0 venir - KEREA","og_description":"La r\u00e9forme sant\u00e9 travail : s'est tenu au salon Pr\u00e9ventica Paris une conf\u00e9rence autour de la loi du 2 ao\u00fbt qui ambitionne de renforcer...","og_url":"https:\/\/www.kerea.eu\/index.php\/2021\/12\/22\/la-reforme-sante-travail-les-perspectives\/","og_site_name":"KEREA","article_published_time":"2021-12-22T14:59:07+00:00","article_modified_time":"2022-11-03T13:00:26+00:00","og_image":[{"width":1059,"height":655,"url":"https:\/\/www.kerea.eu\/wp-content\/uploads\/2021\/12\/photo-preventica.jpg","type":"image\/jpeg"}],"author":"Kerea","twitter_card":"summary_large_image","twitter_misc":{"\u00c9crit par":"Kerea","Dur\u00e9e de lecture estim\u00e9e":"1 minute"},"schema":{"@context":"https:\/\/schema.org","@graph":[{"@type":"Article","@id":"https:\/\/www.kerea.eu\/index.php\/2021\/12\/22\/la-reforme-sante-travail-les-perspectives\/#article","isPartOf":{"@id":"https:\/\/www.kerea.eu\/index.php\/2021\/12\/22\/la-reforme-sante-travail-les-perspectives\/"},"author":{"name":"Kerea","@id":"https:\/\/37.59.242.200\/#\/schema\/person\/5396e4c57a7033d620add4e1ee171967"},"headline":"La r\u00e9forme sant\u00e9 travail : les perspectives \u00e0 venir","datePublished":"2021-12-22T14:59:07+00:00","dateModified":"2022-11-03T13:00:26+00:00","mainEntityOfPage":{"@id":"https:\/\/www.kerea.eu\/index.php\/2021\/12\/22\/la-reforme-sante-travail-les-perspectives\/"},"wordCount":171,"publisher":{"@id":"https:\/\/37.59.242.200\/#organization"},"image":{"@id":"https:\/\/www.kerea.eu\/index.php\/2021\/12\/22\/la-reforme-sante-travail-les-perspectives\/#primaryimage"},"thumbnailUrl":"https:\/\/www.kerea.eu\/wp-content\/uploads\/2021\/12\/photo-preventica.jpg","articleSection":["Sant\u00e9"],"inLanguage":"fr-FR"},{"@type":"WebPage","@id":"https:\/\/www.kerea.eu\/index.php\/2021\/12\/22\/la-reforme-sante-travail-les-perspectives\/","url":"https:\/\/www.kerea.eu\/index.php\/2021\/12\/22\/la-reforme-sante-travail-les-perspectives\/","name":"La r\u00e9forme sant\u00e9 travail : les perspectives \u00e0 venir - KEREA","isPartOf":{"@id":"https:\/\/37.59.242.200\/#website"},"primaryImageOfPage":{"@id":"https:\/\/www.kerea.eu\/index.php\/2021\/12\/22\/la-reforme-sante-travail-les-perspectives\/#primaryimage"},"image":{"@id":"https:\/\/www.kerea.eu\/index.php\/2021\/12\/22\/la-reforme-sante-travail-les-perspectives\/#primaryimage"},"thumbnailUrl":"https:\/\/www.kerea.eu\/wp-content\/uploads\/2021\/12\/photo-preventica.jpg","datePublished":"2021-12-22T14:59:07+00:00","dateModified":"2022-11-03T13:00:26+00:00","description":"La r\u00e9forme sant\u00e9 travail : s'est tenu au salon Pr\u00e9ventica Paris une conf\u00e9rence autour de la loi du 2 ao\u00fbt qui ambitionne de renforcer...","breadcrumb":{"@id":"https:\/\/www.kerea.eu\/index.php\/2021\/12\/22\/la-reforme-sante-travail-les-perspectives\/#breadcrumb"},"inLanguage":"fr-FR","potentialAction":[{"@type":"ReadAction","target":["https:\/\/www.kerea.eu\/index.php\/2021\/12\/22\/la-reforme-sante-travail-les-perspectives\/"]}]},{"@type":"ImageObject","inLanguage":"fr-FR","@id":"https:\/\/www.kerea.eu\/index.php\/2021\/12\/22\/la-reforme-sante-travail-les-perspectives\/#primaryimage","url":"https:\/\/www.kerea.eu\/wp-content\/uploads\/2021\/12\/photo-preventica.jpg","contentUrl":"https:\/\/www.kerea.eu\/wp-content\/uploads\/2021\/12\/photo-preventica.jpg","width":1059,"height":655,"caption":"Conf\u00e9rence Pr\u00e9ventica"},{"@type":"BreadcrumbList","@id":"https:\/\/www.kerea.eu\/index.php\/2021\/12\/22\/la-reforme-sante-travail-les-perspectives\/#breadcrumb","itemListElement":[{"@type":"ListItem","position":1,"name":"Accueil","item":"https:\/\/www.kerea.eu\/"},{"@type":"ListItem","position":2,"name":"La r\u00e9forme sant\u00e9 travail : les perspectives \u00e0 venir"}]},{"@type":"WebSite","@id":"https:\/\/37.59.242.200\/#website","url":"https:\/\/37.59.242.200\/","name":"KEREA","description":"Kerea, votre partenaire sant\u00e9 et bien-\u00eatre au travail","publisher":{"@id":"https:\/\/37.59.242.200\/#organization"},"potentialAction":[{"@type":"SearchAction","target":{"@type":"EntryPoint","urlTemplate":"https:\/\/37.59.242.200\/?s={search_term_string}"},"query-input":{"@type":"PropertyValueSpecification","valueRequired":true,"valueName":"search_term_string"}}],"inLanguage":"fr-FR"},{"@type":"Organization","@id":"https:\/\/37.59.242.200\/#organization","name":"KEREA","url":"https:\/\/37.59.242.200\/","logo":{"@type":"ImageObject","inLanguage":"fr-FR","@id":"https:\/\/37.59.242.200\/#\/schema\/logo\/image\/","url":"https:\/\/www.kerea.eu\/wp-content\/uploads\/2025\/12\/logo-kerea.png","contentUrl":"https:\/\/www.kerea.eu\/wp-content\/uploads\/2025\/12\/logo-kerea.png","width":1497,"height":600,"caption":"KEREA"},"image":{"@id":"https:\/\/37.59.242.200\/#\/schema\/logo\/image\/"},"sameAs":["https:\/\/www.linkedin.com\/showcase\/kerea-by-efficience\/"]},{"@type":"Person","@id":"https:\/\/37.59.242.200\/#\/schema\/person\/5396e4c57a7033d620add4e1ee171967","name":"Kerea","url":"https:\/\/www.kerea.eu\/index.php\/author\/admin\/"}]}},"_links":{"self":[{"href":"https:\/\/www.kerea.eu\/index.php\/wp-json\/wp\/v2\/posts\/2284","targetHints":{"allow":["GET"]}}],"collection":[{"href":"https:\/\/www.kerea.eu\/index.php\/wp-json\/wp\/v2\/posts"}],"about":[{"href":"https:\/\/www.kerea.eu\/index.php\/wp-json\/wp\/v2\/types\/post"}],"author":[{"embeddable":true,"href":"https:\/\/www.kerea.eu\/index.php\/wp-json\/wp\/v2\/users\/1"}],"replies":[{"embeddable":true,"href":"https:\/\/www.kerea.eu\/index.php\/wp-json\/wp\/v2\/comments?post=2284"}],"version-history":[{"count":28,"href":"https:\/\/www.kerea.eu\/index.php\/wp-json\/wp\/v2\/posts\/2284\/revisions"}],"predecessor-version":[{"id":331082,"href":"https:\/\/www.kerea.eu\/index.php\/wp-json\/wp\/v2\/posts\/2284\/revisions\/331082"}],"wp:featuredmedia":[{"embeddable":true,"href":"https:\/\/www.kerea.eu\/index.php\/wp-json\/wp\/v2\/media\/2309"}],"wp:attachment":[{"href":"https:\/\/www.kerea.eu\/index.php\/wp-json\/wp\/v2\/media?parent=2284"}],"wp:term":[{"taxonomy":"category","embeddable":true,"href":"https:\/\/www.kerea.eu\/index.php\/wp-json\/wp\/v2\/categories?post=2284"},{"taxonomy":"post_tag","embeddable":true,"href":"https:\/\/www.kerea.eu\/index.php\/wp-json\/wp\/v2\/tags?post=2284"}],"curies":[{"name":"wp","href":"https:\/\/api.w.org\/{rel}","templated":true}]}}