{"id":2260,"date":"2021-12-16T14:29:49","date_gmt":"2021-12-16T14:29:49","guid":{"rendered":"https:\/\/www.kerea.eu\/?p=2260"},"modified":"2022-11-03T12:57:25","modified_gmt":"2022-11-03T12:57:25","slug":"revue-sur-le-4e-plan-de-sante-au-travail","status":"publish","type":"post","link":"https:\/\/www.kerea.eu\/index.php\/2021\/12\/16\/revue-sur-le-4e-plan-de-sante-au-travail\/","title":{"rendered":"Revue sur le 4e Plan de Sant\u00e9 au Travail"},"content":{"rendered":"\t\t<div data-elementor-type=\"wp-post\" data-elementor-id=\"2260\" class=\"elementor elementor-2260\">\n\t\t\t\t\t\t<section class=\"elementor-section elementor-top-section elementor-element elementor-element-64c5101 elementor-section-boxed elementor-section-height-default elementor-section-height-default\" data-id=\"64c5101\" data-element_type=\"section\" data-e-type=\"section\">\n\t\t\t\t\t\t<div class=\"elementor-container elementor-column-gap-default\">\n\t\t\t\t\t<div class=\"elementor-column elementor-col-50 elementor-top-column elementor-element elementor-element-79c0899\" data-id=\"79c0899\" data-element_type=\"column\" data-e-type=\"column\">\n\t\t\t<div class=\"elementor-widget-wrap elementor-element-populated\">\n\t\t\t\t\t\t<div class=\"elementor-element elementor-element-a5dc49b elementor-widget elementor-widget-image\" data-id=\"a5dc49b\" data-element_type=\"widget\" data-e-type=\"widget\" data-widget_type=\"image.default\">\n\t\t\t\t<div class=\"elementor-widget-container\">\n\t\t\t\t\t\t\t\t\t\t\t\t\t\t\t<img fetchpriority=\"high\" decoding=\"async\" width=\"300\" height=\"300\" src=\"https:\/\/www.kerea.eu\/wp-content\/uploads\/2021\/12\/Images-alimentation-5-300x300.png\" class=\"attachment-medium size-medium wp-image-2265\" alt=\"Personnes qui travaillent\" srcset=\"https:\/\/www.kerea.eu\/wp-content\/uploads\/2021\/12\/Images-alimentation-5-300x300.png 300w, https:\/\/www.kerea.eu\/wp-content\/uploads\/2021\/12\/Images-alimentation-5-1024x1024.png 1024w, https:\/\/www.kerea.eu\/wp-content\/uploads\/2021\/12\/Images-alimentation-5-150x150.png 150w, https:\/\/www.kerea.eu\/wp-content\/uploads\/2021\/12\/Images-alimentation-5-768x768.png 768w, https:\/\/www.kerea.eu\/wp-content\/uploads\/2021\/12\/Images-alimentation-5.png 1080w\" sizes=\"(max-width: 300px) 100vw, 300px\" \/>\t\t\t\t\t\t\t\t\t\t\t\t\t\t\t<\/div>\n\t\t\t\t<\/div>\n\t\t\t\t\t<\/div>\n\t\t<\/div>\n\t\t\t\t<div class=\"elementor-column elementor-col-50 elementor-top-column elementor-element elementor-element-9c9b4d0\" data-id=\"9c9b4d0\" data-element_type=\"column\" data-e-type=\"column\">\n\t\t\t<div class=\"elementor-widget-wrap elementor-element-populated\">\n\t\t\t\t\t\t<div class=\"elementor-element elementor-element-e02e600 elementor-widget elementor-widget-text-editor\" data-id=\"e02e600\" data-element_type=\"widget\" data-e-type=\"widget\" data-widget_type=\"text-editor.default\">\n\t\t\t\t<div class=\"elementor-widget-container\">\n\t\t\t\t\t\t\t\t\t<p>Le mardi 14 d\u00e9cembre 2021, \u00e0 \u00e9t\u00e9 pr\u00e9sent\u00e9 au Conseil national d\u2019orientation des conditions de Travail (CNOCT), le 4e Plan National de Sant\u00e9 au Travail (PST4). Ces r\u00e9unions permettent aux pouvoirs publics de fixer les grandes orientations li\u00e9es \u00e0 la sant\u00e9 au travail. L&rsquo;objectif est de soulever les points favorisant le bien-\u00eatre et la s\u00e9curit\u00e9 de chacun en entreprise.<\/p><p>Pour plus d&rsquo;informations, veuillez consulter le site du <a href=\"https:\/\/travail-emploi.gouv.fr\/sante-au-travail\/plans-gouvernementaux-sante-au-travail\/article\/plans-sante-au-travail-pst\">Minist\u00e8re du travail, de l&#8217;emploi et de l&rsquo;insertion.<\/a><\/p>\t\t\t\t\t\t\t\t<\/div>\n\t\t\t\t<\/div>\n\t\t\t\t\t<\/div>\n\t\t<\/div>\n\t\t\t\t\t<\/div>\n\t\t<\/section>\n\t\t\t\t<section class=\"elementor-section elementor-top-section elementor-element elementor-element-f8de542 elementor-section-boxed elementor-section-height-default elementor-section-height-default\" data-id=\"f8de542\" data-element_type=\"section\" data-e-type=\"section\">\n\t\t\t\t\t\t<div class=\"elementor-container elementor-column-gap-default\">\n\t\t\t\t\t<div class=\"elementor-column elementor-col-100 elementor-top-column elementor-element elementor-element-ffd796a\" data-id=\"ffd796a\" data-element_type=\"column\" data-e-type=\"column\">\n\t\t\t<div class=\"elementor-widget-wrap elementor-element-populated\">\n\t\t\t\t\t\t<div class=\"elementor-element elementor-element-f4424fe elementor-align-center elementor-widget elementor-widget-button\" data-id=\"f4424fe\" data-element_type=\"widget\" data-e-type=\"widget\" data-widget_type=\"button.default\">\n\t\t\t\t<div class=\"elementor-widget-container\">\n\t\t\t\t\t\t\t\t\t<div class=\"elementor-button-wrapper\">\n\t\t\t\t\t<a class=\"elementor-button elementor-button-link elementor-size-sm\" href=\"https:\/\/travail-emploi.gouv.fr\/IMG\/pdf\/pst4.pdf\" target=\"_blank\">\n\t\t\t\t\t\t<span class=\"elementor-button-content-wrapper\">\n\t\t\t\t\t\t\t\t\t<span class=\"elementor-button-text\">D\u00e9couvrez le PST4<\/span>\n\t\t\t\t\t<\/span>\n\t\t\t\t\t<\/a>\n\t\t\t\t<\/div>\n\t\t\t\t\t\t\t\t<\/div>\n\t\t\t\t<\/div>\n\t\t\t\t\t<\/div>\n\t\t<\/div>\n\t\t\t\t\t<\/div>\n\t\t<\/section>\n\t\t\t\t<\/div>\n\t\t","protected":false},"excerpt":{"rendered":"<p>Le mardi 14 d\u00e9cembre 2021, \u00e0 \u00e9t\u00e9 pr\u00e9sent\u00e9 au Conseil national d\u2019orientation des conditions de Travail (CNOCT), le 4e Plan National de Sant\u00e9 au Travail (PST4).<\/p>\n","protected":false},"author":1,"featured_media":2265,"comment_status":"closed","ping_status":"closed","sticky":false,"template":"","format":"standard","meta":{"_monsterinsights_skip_tracking":false,"_monsterinsights_sitenote_active":false,"_monsterinsights_sitenote_note":"","_monsterinsights_sitenote_category":0,"footnotes":""},"categories":[1],"tags":[31,30,33,32,34],"class_list":["post-2260","post","type-post","status-publish","format-standard","has-post-thumbnail","hentry","category-sante","tag-gouvernement","tag-pst4","tag-qvt","tag-santeautravail","tag-securite"],"yoast_head":"<!-- This site is optimized with the Yoast SEO plugin v27.5 - https:\/\/yoast.com\/product\/yoast-seo-wordpress\/ -->\n<title>Revue sur le 4e Plan de Sant\u00e9 au Travail - KEREA<\/title>\n<meta name=\"description\" content=\"Revue sur le 4e Plan : Le mardi 14 d\u00e9cembre, \u00e0 \u00e9t\u00e9 pr\u00e9sent\u00e9 au Conseil national d\u2019orientation des conditions de Travail\u2026\" \/>\n<meta name=\"robots\" content=\"index, follow, max-snippet:-1, max-image-preview:large, max-video-preview:-1\" \/>\n<link rel=\"canonical\" href=\"https:\/\/www.kerea.eu\/index.php\/2021\/12\/16\/revue-sur-le-4e-plan-de-sante-au-travail\/\" \/>\n<meta property=\"og:locale\" content=\"fr_FR\" \/>\n<meta property=\"og:type\" content=\"article\" \/>\n<meta property=\"og:title\" content=\"Revue sur le 4e Plan de Sant\u00e9 au Travail - KEREA\" \/>\n<meta property=\"og:description\" content=\"Revue sur le 4e Plan : Le mardi 14 d\u00e9cembre, \u00e0 \u00e9t\u00e9 pr\u00e9sent\u00e9 au Conseil national d\u2019orientation des conditions de Travail\u2026\" \/>\n<meta property=\"og:url\" content=\"https:\/\/www.kerea.eu\/index.php\/2021\/12\/16\/revue-sur-le-4e-plan-de-sante-au-travail\/\" \/>\n<meta property=\"og:site_name\" content=\"KEREA\" \/>\n<meta property=\"article:published_time\" content=\"2021-12-16T14:29:49+00:00\" \/>\n<meta property=\"article:modified_time\" content=\"2022-11-03T12:57:25+00:00\" \/>\n<meta property=\"og:image\" content=\"https:\/\/www.kerea.eu\/wp-content\/uploads\/2021\/12\/Images-alimentation-5.png\" \/>\n\t<meta property=\"og:image:width\" content=\"1080\" \/>\n\t<meta property=\"og:image:height\" content=\"1080\" \/>\n\t<meta property=\"og:image:type\" content=\"image\/png\" \/>\n<meta name=\"author\" content=\"Kerea\" \/>\n<meta name=\"twitter:card\" content=\"summary_large_image\" \/>\n<meta name=\"twitter:label1\" content=\"\u00c9crit par\" \/>\n\t<meta name=\"twitter:data1\" content=\"Kerea\" \/>\n\t<meta name=\"twitter:label2\" content=\"Dur\u00e9e de lecture estim\u00e9e\" \/>\n\t<meta name=\"twitter:data2\" content=\"1 minute\" \/>\n<script type=\"application\/ld+json\" class=\"yoast-schema-graph\">{\"@context\":\"https:\\\/\\\/schema.org\",\"@graph\":[{\"@type\":\"Article\",\"@id\":\"https:\\\/\\\/www.kerea.eu\\\/index.php\\\/2021\\\/12\\\/16\\\/revue-sur-le-4e-plan-de-sante-au-travail\\\/#article\",\"isPartOf\":{\"@id\":\"https:\\\/\\\/www.kerea.eu\\\/index.php\\\/2021\\\/12\\\/16\\\/revue-sur-le-4e-plan-de-sante-au-travail\\\/\"},\"author\":{\"name\":\"Kerea\",\"@id\":\"https:\\\/\\\/37.59.242.200\\\/#\\\/schema\\\/person\\\/5396e4c57a7033d620add4e1ee171967\"},\"headline\":\"Revue sur le 4e Plan de Sant\u00e9 au Travail\",\"datePublished\":\"2021-12-16T14:29:49+00:00\",\"dateModified\":\"2022-11-03T12:57:25+00:00\",\"mainEntityOfPage\":{\"@id\":\"https:\\\/\\\/www.kerea.eu\\\/index.php\\\/2021\\\/12\\\/16\\\/revue-sur-le-4e-plan-de-sante-au-travail\\\/\"},\"wordCount\":96,\"publisher\":{\"@id\":\"https:\\\/\\\/37.59.242.200\\\/#organization\"},\"image\":{\"@id\":\"https:\\\/\\\/www.kerea.eu\\\/index.php\\\/2021\\\/12\\\/16\\\/revue-sur-le-4e-plan-de-sante-au-travail\\\/#primaryimage\"},\"thumbnailUrl\":\"https:\\\/\\\/www.kerea.eu\\\/wp-content\\\/uploads\\\/2021\\\/12\\\/Images-alimentation-5.png\",\"keywords\":[\"gouvernement\",\"pst4\",\"qvt\",\"sant\u00e9autravail\",\"s\u00e9curit\u00e9\"],\"articleSection\":[\"Sant\u00e9\"],\"inLanguage\":\"fr-FR\"},{\"@type\":\"WebPage\",\"@id\":\"https:\\\/\\\/www.kerea.eu\\\/index.php\\\/2021\\\/12\\\/16\\\/revue-sur-le-4e-plan-de-sante-au-travail\\\/\",\"url\":\"https:\\\/\\\/www.kerea.eu\\\/index.php\\\/2021\\\/12\\\/16\\\/revue-sur-le-4e-plan-de-sante-au-travail\\\/\",\"name\":\"Revue sur le 4e Plan de Sant\u00e9 au Travail - KEREA\",\"isPartOf\":{\"@id\":\"https:\\\/\\\/37.59.242.200\\\/#website\"},\"primaryImageOfPage\":{\"@id\":\"https:\\\/\\\/www.kerea.eu\\\/index.php\\\/2021\\\/12\\\/16\\\/revue-sur-le-4e-plan-de-sante-au-travail\\\/#primaryimage\"},\"image\":{\"@id\":\"https:\\\/\\\/www.kerea.eu\\\/index.php\\\/2021\\\/12\\\/16\\\/revue-sur-le-4e-plan-de-sante-au-travail\\\/#primaryimage\"},\"thumbnailUrl\":\"https:\\\/\\\/www.kerea.eu\\\/wp-content\\\/uploads\\\/2021\\\/12\\\/Images-alimentation-5.png\",\"datePublished\":\"2021-12-16T14:29:49+00:00\",\"dateModified\":\"2022-11-03T12:57:25+00:00\",\"description\":\"Revue sur le 4e Plan : Le mardi 14 d\u00e9cembre, \u00e0 \u00e9t\u00e9 pr\u00e9sent\u00e9 au Conseil national d\u2019orientation des conditions de Travail\u2026\",\"breadcrumb\":{\"@id\":\"https:\\\/\\\/www.kerea.eu\\\/index.php\\\/2021\\\/12\\\/16\\\/revue-sur-le-4e-plan-de-sante-au-travail\\\/#breadcrumb\"},\"inLanguage\":\"fr-FR\",\"potentialAction\":[{\"@type\":\"ReadAction\",\"target\":[\"https:\\\/\\\/www.kerea.eu\\\/index.php\\\/2021\\\/12\\\/16\\\/revue-sur-le-4e-plan-de-sante-au-travail\\\/\"]}]},{\"@type\":\"ImageObject\",\"inLanguage\":\"fr-FR\",\"@id\":\"https:\\\/\\\/www.kerea.eu\\\/index.php\\\/2021\\\/12\\\/16\\\/revue-sur-le-4e-plan-de-sante-au-travail\\\/#primaryimage\",\"url\":\"https:\\\/\\\/www.kerea.eu\\\/wp-content\\\/uploads\\\/2021\\\/12\\\/Images-alimentation-5.png\",\"contentUrl\":\"https:\\\/\\\/www.kerea.eu\\\/wp-content\\\/uploads\\\/2021\\\/12\\\/Images-alimentation-5.png\",\"width\":1080,\"height\":1080,\"caption\":\"Personnes qui travaillent\"},{\"@type\":\"BreadcrumbList\",\"@id\":\"https:\\\/\\\/www.kerea.eu\\\/index.php\\\/2021\\\/12\\\/16\\\/revue-sur-le-4e-plan-de-sante-au-travail\\\/#breadcrumb\",\"itemListElement\":[{\"@type\":\"ListItem\",\"position\":1,\"name\":\"Accueil\",\"item\":\"https:\\\/\\\/www.kerea.eu\\\/\"},{\"@type\":\"ListItem\",\"position\":2,\"name\":\"Revue sur le 4e Plan de Sant\u00e9 au Travail\"}]},{\"@type\":\"WebSite\",\"@id\":\"https:\\\/\\\/37.59.242.200\\\/#website\",\"url\":\"https:\\\/\\\/37.59.242.200\\\/\",\"name\":\"KEREA\",\"description\":\"Kerea, votre partenaire sant\u00e9 et bien-\u00eatre au travail\",\"publisher\":{\"@id\":\"https:\\\/\\\/37.59.242.200\\\/#organization\"},\"potentialAction\":[{\"@type\":\"SearchAction\",\"target\":{\"@type\":\"EntryPoint\",\"urlTemplate\":\"https:\\\/\\\/37.59.242.200\\\/?s={search_term_string}\"},\"query-input\":{\"@type\":\"PropertyValueSpecification\",\"valueRequired\":true,\"valueName\":\"search_term_string\"}}],\"inLanguage\":\"fr-FR\"},{\"@type\":\"Organization\",\"@id\":\"https:\\\/\\\/37.59.242.200\\\/#organization\",\"name\":\"KEREA\",\"url\":\"https:\\\/\\\/37.59.242.200\\\/\",\"logo\":{\"@type\":\"ImageObject\",\"inLanguage\":\"fr-FR\",\"@id\":\"https:\\\/\\\/37.59.242.200\\\/#\\\/schema\\\/logo\\\/image\\\/\",\"url\":\"https:\\\/\\\/www.kerea.eu\\\/wp-content\\\/uploads\\\/2025\\\/12\\\/logo-kerea.png\",\"contentUrl\":\"https:\\\/\\\/www.kerea.eu\\\/wp-content\\\/uploads\\\/2025\\\/12\\\/logo-kerea.png\",\"width\":1497,\"height\":600,\"caption\":\"KEREA\"},\"image\":{\"@id\":\"https:\\\/\\\/37.59.242.200\\\/#\\\/schema\\\/logo\\\/image\\\/\"},\"sameAs\":[\"https:\\\/\\\/www.linkedin.com\\\/showcase\\\/kerea-by-efficience\\\/\"]},{\"@type\":\"Person\",\"@id\":\"https:\\\/\\\/37.59.242.200\\\/#\\\/schema\\\/person\\\/5396e4c57a7033d620add4e1ee171967\",\"name\":\"Kerea\",\"url\":\"https:\\\/\\\/www.kerea.eu\\\/index.php\\\/author\\\/admin\\\/\"}]}<\/script>\n<!-- \/ Yoast SEO plugin. -->","yoast_head_json":{"title":"Revue sur le 4e Plan de Sant\u00e9 au Travail - KEREA","description":"Revue sur le 4e Plan : Le mardi 14 d\u00e9cembre, \u00e0 \u00e9t\u00e9 pr\u00e9sent\u00e9 au Conseil national d\u2019orientation des conditions de Travail\u2026","robots":{"index":"index","follow":"follow","max-snippet":"max-snippet:-1","max-image-preview":"max-image-preview:large","max-video-preview":"max-video-preview:-1"},"canonical":"https:\/\/www.kerea.eu\/index.php\/2021\/12\/16\/revue-sur-le-4e-plan-de-sante-au-travail\/","og_locale":"fr_FR","og_type":"article","og_title":"Revue sur le 4e Plan de Sant\u00e9 au Travail - KEREA","og_description":"Revue sur le 4e Plan : Le mardi 14 d\u00e9cembre, \u00e0 \u00e9t\u00e9 pr\u00e9sent\u00e9 au Conseil national d\u2019orientation des conditions de Travail\u2026","og_url":"https:\/\/www.kerea.eu\/index.php\/2021\/12\/16\/revue-sur-le-4e-plan-de-sante-au-travail\/","og_site_name":"KEREA","article_published_time":"2021-12-16T14:29:49+00:00","article_modified_time":"2022-11-03T12:57:25+00:00","og_image":[{"width":1080,"height":1080,"url":"https:\/\/www.kerea.eu\/wp-content\/uploads\/2021\/12\/Images-alimentation-5.png","type":"image\/png"}],"author":"Kerea","twitter_card":"summary_large_image","twitter_misc":{"\u00c9crit par":"Kerea","Dur\u00e9e de lecture estim\u00e9e":"1 minute"},"schema":{"@context":"https:\/\/schema.org","@graph":[{"@type":"Article","@id":"https:\/\/www.kerea.eu\/index.php\/2021\/12\/16\/revue-sur-le-4e-plan-de-sante-au-travail\/#article","isPartOf":{"@id":"https:\/\/www.kerea.eu\/index.php\/2021\/12\/16\/revue-sur-le-4e-plan-de-sante-au-travail\/"},"author":{"name":"Kerea","@id":"https:\/\/37.59.242.200\/#\/schema\/person\/5396e4c57a7033d620add4e1ee171967"},"headline":"Revue sur le 4e Plan de Sant\u00e9 au Travail","datePublished":"2021-12-16T14:29:49+00:00","dateModified":"2022-11-03T12:57:25+00:00","mainEntityOfPage":{"@id":"https:\/\/www.kerea.eu\/index.php\/2021\/12\/16\/revue-sur-le-4e-plan-de-sante-au-travail\/"},"wordCount":96,"publisher":{"@id":"https:\/\/37.59.242.200\/#organization"},"image":{"@id":"https:\/\/www.kerea.eu\/index.php\/2021\/12\/16\/revue-sur-le-4e-plan-de-sante-au-travail\/#primaryimage"},"thumbnailUrl":"https:\/\/www.kerea.eu\/wp-content\/uploads\/2021\/12\/Images-alimentation-5.png","keywords":["gouvernement","pst4","qvt","sant\u00e9autravail","s\u00e9curit\u00e9"],"articleSection":["Sant\u00e9"],"inLanguage":"fr-FR"},{"@type":"WebPage","@id":"https:\/\/www.kerea.eu\/index.php\/2021\/12\/16\/revue-sur-le-4e-plan-de-sante-au-travail\/","url":"https:\/\/www.kerea.eu\/index.php\/2021\/12\/16\/revue-sur-le-4e-plan-de-sante-au-travail\/","name":"Revue sur le 4e Plan de Sant\u00e9 au Travail - KEREA","isPartOf":{"@id":"https:\/\/37.59.242.200\/#website"},"primaryImageOfPage":{"@id":"https:\/\/www.kerea.eu\/index.php\/2021\/12\/16\/revue-sur-le-4e-plan-de-sante-au-travail\/#primaryimage"},"image":{"@id":"https:\/\/www.kerea.eu\/index.php\/2021\/12\/16\/revue-sur-le-4e-plan-de-sante-au-travail\/#primaryimage"},"thumbnailUrl":"https:\/\/www.kerea.eu\/wp-content\/uploads\/2021\/12\/Images-alimentation-5.png","datePublished":"2021-12-16T14:29:49+00:00","dateModified":"2022-11-03T12:57:25+00:00","description":"Revue sur le 4e Plan : Le mardi 14 d\u00e9cembre, \u00e0 \u00e9t\u00e9 pr\u00e9sent\u00e9 au Conseil national d\u2019orientation des conditions de Travail\u2026","breadcrumb":{"@id":"https:\/\/www.kerea.eu\/index.php\/2021\/12\/16\/revue-sur-le-4e-plan-de-sante-au-travail\/#breadcrumb"},"inLanguage":"fr-FR","potentialAction":[{"@type":"ReadAction","target":["https:\/\/www.kerea.eu\/index.php\/2021\/12\/16\/revue-sur-le-4e-plan-de-sante-au-travail\/"]}]},{"@type":"ImageObject","inLanguage":"fr-FR","@id":"https:\/\/www.kerea.eu\/index.php\/2021\/12\/16\/revue-sur-le-4e-plan-de-sante-au-travail\/#primaryimage","url":"https:\/\/www.kerea.eu\/wp-content\/uploads\/2021\/12\/Images-alimentation-5.png","contentUrl":"https:\/\/www.kerea.eu\/wp-content\/uploads\/2021\/12\/Images-alimentation-5.png","width":1080,"height":1080,"caption":"Personnes qui travaillent"},{"@type":"BreadcrumbList","@id":"https:\/\/www.kerea.eu\/index.php\/2021\/12\/16\/revue-sur-le-4e-plan-de-sante-au-travail\/#breadcrumb","itemListElement":[{"@type":"ListItem","position":1,"name":"Accueil","item":"https:\/\/www.kerea.eu\/"},{"@type":"ListItem","position":2,"name":"Revue sur le 4e Plan de Sant\u00e9 au Travail"}]},{"@type":"WebSite","@id":"https:\/\/37.59.242.200\/#website","url":"https:\/\/37.59.242.200\/","name":"KEREA","description":"Kerea, votre partenaire sant\u00e9 et bien-\u00eatre au travail","publisher":{"@id":"https:\/\/37.59.242.200\/#organization"},"potentialAction":[{"@type":"SearchAction","target":{"@type":"EntryPoint","urlTemplate":"https:\/\/37.59.242.200\/?s={search_term_string}"},"query-input":{"@type":"PropertyValueSpecification","valueRequired":true,"valueName":"search_term_string"}}],"inLanguage":"fr-FR"},{"@type":"Organization","@id":"https:\/\/37.59.242.200\/#organization","name":"KEREA","url":"https:\/\/37.59.242.200\/","logo":{"@type":"ImageObject","inLanguage":"fr-FR","@id":"https:\/\/37.59.242.200\/#\/schema\/logo\/image\/","url":"https:\/\/www.kerea.eu\/wp-content\/uploads\/2025\/12\/logo-kerea.png","contentUrl":"https:\/\/www.kerea.eu\/wp-content\/uploads\/2025\/12\/logo-kerea.png","width":1497,"height":600,"caption":"KEREA"},"image":{"@id":"https:\/\/37.59.242.200\/#\/schema\/logo\/image\/"},"sameAs":["https:\/\/www.linkedin.com\/showcase\/kerea-by-efficience\/"]},{"@type":"Person","@id":"https:\/\/37.59.242.200\/#\/schema\/person\/5396e4c57a7033d620add4e1ee171967","name":"Kerea","url":"https:\/\/www.kerea.eu\/index.php\/author\/admin\/"}]}},"_links":{"self":[{"href":"https:\/\/www.kerea.eu\/index.php\/wp-json\/wp\/v2\/posts\/2260","targetHints":{"allow":["GET"]}}],"collection":[{"href":"https:\/\/www.kerea.eu\/index.php\/wp-json\/wp\/v2\/posts"}],"about":[{"href":"https:\/\/www.kerea.eu\/index.php\/wp-json\/wp\/v2\/types\/post"}],"author":[{"embeddable":true,"href":"https:\/\/www.kerea.eu\/index.php\/wp-json\/wp\/v2\/users\/1"}],"replies":[{"embeddable":true,"href":"https:\/\/www.kerea.eu\/index.php\/wp-json\/wp\/v2\/comments?post=2260"}],"version-history":[{"count":10,"href":"https:\/\/www.kerea.eu\/index.php\/wp-json\/wp\/v2\/posts\/2260\/revisions"}],"predecessor-version":[{"id":2273,"href":"https:\/\/www.kerea.eu\/index.php\/wp-json\/wp\/v2\/posts\/2260\/revisions\/2273"}],"wp:featuredmedia":[{"embeddable":true,"href":"https:\/\/www.kerea.eu\/index.php\/wp-json\/wp\/v2\/media\/2265"}],"wp:attachment":[{"href":"https:\/\/www.kerea.eu\/index.php\/wp-json\/wp\/v2\/media?parent=2260"}],"wp:term":[{"taxonomy":"category","embeddable":true,"href":"https:\/\/www.kerea.eu\/index.php\/wp-json\/wp\/v2\/categories?post=2260"},{"taxonomy":"post_tag","embeddable":true,"href":"https:\/\/www.kerea.eu\/index.php\/wp-json\/wp\/v2\/tags?post=2260"}],"curies":[{"name":"wp","href":"https:\/\/api.w.org\/{rel}","templated":true}]}}