{"id":2222,"date":"2021-11-18T15:16:33","date_gmt":"2021-11-18T15:16:33","guid":{"rendered":"https:\/\/www.kerea.eu\/?p=2222"},"modified":"2022-11-03T12:54:48","modified_gmt":"2022-11-03T12:54:48","slug":"kerea-salon-preventica","status":"publish","type":"post","link":"https:\/\/www.kerea.eu\/index.php\/2021\/11\/18\/kerea-salon-preventica\/","title":{"rendered":"Kerea au Salon Pr\u00e9ventica 2021"},"content":{"rendered":"\n<p>Kerea et <a href=\"https:\/\/www.efficience-santeautravail.org\/\">Efficience Sant\u00e9 au Travail<\/a> vous accueillent au salon Pr\u00e9ventica Paris 2021 au stand P06.<\/p>\n\n\n\n<p>Ce salon comptera environ 380 exposants en sant\u00e9 et s\u00e9curit\u00e9 du travail et sera anim\u00e9 par 180 conf\u00e9rences et par des ateliers et animations au cours de ces trois jours.<\/p>\n\n\n\n<p>Retrouvez plus d\u2019informations sur le site <a href=\"https:\/\/www.preventica.com\/\" target=\"_blank\" rel=\"noreferrer noopener\">Pr\u00e9ventica<\/a>.<\/p>\n\n\n\n<p>Kerea vous propose un programme dynamique et instructif avec des animations et des ateliers de pr\u00e9ventions sur plusieurs th\u00e9matiques.<\/p>\n\n\n\n<p>Vous aurez \u00e9galement l\u2019opportunit\u00e9 de pr\u00e9parer votre jus de fruits avec notre v\u00e9lo smoothie. Vous allierez effort sportif et plaisir sain gr\u00e2ce \u00e0 cette activit\u00e9.<\/p>\n\n\n\n<p>Nous \u00e9voquerons la loi du 2 ao\u00fbt qui ambitionne de renforcer la pr\u00e9vention en sant\u00e9 au travail au travers de la conf\u00e9rence&nbsp;: \u201cR\u00e9forme sant\u00e9 travail : de nouvelles opportunit\u00e9s pour les entreprises ?\u201d. Cet \u00e9change sera anim\u00e9 le mardi 30 novembre \u00e0 13h15 en salle PLENIERE &nbsp;par&nbsp;:<\/p>\n\n\n\n<p>Thibaut Fleury, Directeur g\u00e9n\u00e9ral d\u2019Efficience sant\u00e9 au travail<\/p>\n\n\n\n<p>Pascale Maundrell, RRH, Entreprise Santarelli.<\/p>\n\n\n\n<p>Claire Le Touze, avocate sp\u00e9cialis\u00e9e en droit social, Entreprise Simmons Simmons&nbsp;&nbsp;<\/p>\n\n\n\n<p>Val\u00e9rie Dunas, Directrice G\u00e9n\u00e9rale de Kerea<\/p>\n\n\n\n<p>Obtenez votre <a href=\"https:\/\/exposant.preventica.com\/exp\/e-invitation.php?salon=paris&amp;annee=2021&amp;code=PA301\" target=\"_blank\" rel=\"noreferrer noopener\">badge gratuit<\/a> d\u00e8s maintenant.<\/p>\n\n\n\n<p>Nous avons h\u00e2te de vous rencontrer et d\u2019\u00e9changer avec vous sur notre stand.<\/p>\n\n\n\n<p>N&rsquo;h\u00e9sitez pas \u00e0 \u00e9changer avec des professionnels sur notre <a href=\"https:\/\/www.kerea.eu\/index.php\/forum\/\" target=\"_blank\" rel=\"noreferrer noopener\">forum<\/a> Kerea.<\/p>\n\n\n<p><img loading=\"lazy\" decoding=\"async\" width=\"1024\" height=\"361\" src=\"https:\/\/www.kerea.eu\/wp-content\/uploads\/2021\/11\/Bandeau-PREVENTICA-1280-e1637243914663-1024x361.png\" alt=\"bandeau-pr\u00e9ventica\" loading=\"lazy\" srcset=\"https:\/\/www.kerea.eu\/wp-content\/uploads\/2021\/11\/Bandeau-PREVENTICA-1280-e1637243914663-1024x361.png 1024w, https:\/\/www.kerea.eu\/wp-content\/uploads\/2021\/11\/Bandeau-PREVENTICA-1280-e1637243914663-300x106.png 300w, https:\/\/www.kerea.eu\/wp-content\/uploads\/2021\/11\/Bandeau-PREVENTICA-1280-e1637243914663-768x271.png 768w, https:\/\/www.kerea.eu\/wp-content\/uploads\/2021\/11\/Bandeau-PREVENTICA-1280-e1637243914663.png 1280w\" sizes=\"auto, (max-width: 1024px) 100vw, 1024px\"><\/p>","protected":false},"excerpt":{"rendered":"<p>Kerea et Efficience Sant\u00e9 au Travail vous accueillent au salon Pr\u00e9ventica Paris 2021 au stand P06. Ce salon comptera environ 380 exposants en sant\u00e9 et s\u00e9curit\u00e9 du travail et sera &#8230; <a title=\"Kerea au Salon Pr\u00e9ventica 2021\" class=\"read-more\" href=\"https:\/\/www.kerea.eu\/index.php\/2021\/11\/18\/kerea-salon-preventica\/\" aria-label=\"Read more about Kerea au Salon Pr\u00e9ventica 2021\">Lire la suite<\/a><\/p>\n","protected":false},"author":1,"featured_media":2233,"comment_status":"closed","ping_status":"closed","sticky":false,"template":"","format":"standard","meta":{"_monsterinsights_skip_tracking":false,"_monsterinsights_sitenote_active":false,"_monsterinsights_sitenote_note":"","_monsterinsights_sitenote_category":0,"footnotes":""},"categories":[25],"tags":[],"class_list":["post-2222","post","type-post","status-publish","format-standard","has-post-thumbnail","hentry","category-evenements"],"yoast_head":"<!-- This site is optimized with the Yoast SEO plugin v27.5 - https:\/\/yoast.com\/product\/yoast-seo-wordpress\/ -->\n<title>Kerea au Salon Pr\u00e9ventica 2021 - KEREA<\/title>\n<meta name=\"description\" content=\"Kerea et Efficience Sant\u00e9 vous accueillent au salon Pr\u00e9ventica Paris 2021 au stand P06 du 30 novembre au 2 d\u00e9cembre 2021.\" \/>\n<meta name=\"robots\" content=\"index, follow, max-snippet:-1, max-image-preview:large, max-video-preview:-1\" \/>\n<link rel=\"canonical\" href=\"https:\/\/www.kerea.eu\/index.php\/2021\/11\/18\/kerea-salon-preventica\/\" \/>\n<meta property=\"og:locale\" content=\"fr_FR\" \/>\n<meta property=\"og:type\" content=\"article\" \/>\n<meta property=\"og:title\" content=\"Kerea au Salon Pr\u00e9ventica 2021 - KEREA\" \/>\n<meta property=\"og:description\" content=\"Kerea et Efficience Sant\u00e9 vous accueillent au salon Pr\u00e9ventica Paris 2021 au stand P06 du 30 novembre au 2 d\u00e9cembre 2021.\" \/>\n<meta property=\"og:url\" content=\"https:\/\/www.kerea.eu\/index.php\/2021\/11\/18\/kerea-salon-preventica\/\" \/>\n<meta property=\"og:site_name\" content=\"KEREA\" \/>\n<meta property=\"article:published_time\" content=\"2021-11-18T15:16:33+00:00\" \/>\n<meta property=\"article:modified_time\" content=\"2022-11-03T12:54:48+00:00\" \/>\n<meta property=\"og:image\" content=\"https:\/\/www.kerea.eu\/wp-content\/uploads\/2021\/11\/Preventica.jpg\" \/>\n\t<meta property=\"og:image:width\" content=\"600\" \/>\n\t<meta property=\"og:image:height\" content=\"250\" \/>\n\t<meta property=\"og:image:type\" content=\"image\/jpeg\" \/>\n<meta name=\"author\" content=\"Kerea\" \/>\n<meta name=\"twitter:card\" content=\"summary_large_image\" \/>\n<meta name=\"twitter:label1\" content=\"\u00c9crit par\" \/>\n\t<meta name=\"twitter:data1\" content=\"Kerea\" \/>\n\t<meta name=\"twitter:label2\" content=\"Dur\u00e9e de lecture estim\u00e9e\" \/>\n\t<meta name=\"twitter:data2\" content=\"2 minutes\" \/>\n<script type=\"application\/ld+json\" class=\"yoast-schema-graph\">{\"@context\":\"https:\\\/\\\/schema.org\",\"@graph\":[{\"@type\":\"Article\",\"@id\":\"https:\\\/\\\/www.kerea.eu\\\/index.php\\\/2021\\\/11\\\/18\\\/kerea-salon-preventica\\\/#article\",\"isPartOf\":{\"@id\":\"https:\\\/\\\/www.kerea.eu\\\/index.php\\\/2021\\\/11\\\/18\\\/kerea-salon-preventica\\\/\"},\"author\":{\"name\":\"Kerea\",\"@id\":\"https:\\\/\\\/37.59.242.200\\\/#\\\/schema\\\/person\\\/5396e4c57a7033d620add4e1ee171967\"},\"headline\":\"Kerea au Salon Pr\u00e9ventica 2021\",\"datePublished\":\"2021-11-18T15:16:33+00:00\",\"dateModified\":\"2022-11-03T12:54:48+00:00\",\"mainEntityOfPage\":{\"@id\":\"https:\\\/\\\/www.kerea.eu\\\/index.php\\\/2021\\\/11\\\/18\\\/kerea-salon-preventica\\\/\"},\"wordCount\":233,\"publisher\":{\"@id\":\"https:\\\/\\\/37.59.242.200\\\/#organization\"},\"image\":{\"@id\":\"https:\\\/\\\/www.kerea.eu\\\/index.php\\\/2021\\\/11\\\/18\\\/kerea-salon-preventica\\\/#primaryimage\"},\"thumbnailUrl\":\"https:\\\/\\\/www.kerea.eu\\\/wp-content\\\/uploads\\\/2021\\\/11\\\/Preventica.jpg\",\"articleSection\":[\"Ev\u00e8nements\"],\"inLanguage\":\"fr-FR\"},{\"@type\":\"WebPage\",\"@id\":\"https:\\\/\\\/www.kerea.eu\\\/index.php\\\/2021\\\/11\\\/18\\\/kerea-salon-preventica\\\/\",\"url\":\"https:\\\/\\\/www.kerea.eu\\\/index.php\\\/2021\\\/11\\\/18\\\/kerea-salon-preventica\\\/\",\"name\":\"Kerea au Salon Pr\u00e9ventica 2021 - KEREA\",\"isPartOf\":{\"@id\":\"https:\\\/\\\/37.59.242.200\\\/#website\"},\"primaryImageOfPage\":{\"@id\":\"https:\\\/\\\/www.kerea.eu\\\/index.php\\\/2021\\\/11\\\/18\\\/kerea-salon-preventica\\\/#primaryimage\"},\"image\":{\"@id\":\"https:\\\/\\\/www.kerea.eu\\\/index.php\\\/2021\\\/11\\\/18\\\/kerea-salon-preventica\\\/#primaryimage\"},\"thumbnailUrl\":\"https:\\\/\\\/www.kerea.eu\\\/wp-content\\\/uploads\\\/2021\\\/11\\\/Preventica.jpg\",\"datePublished\":\"2021-11-18T15:16:33+00:00\",\"dateModified\":\"2022-11-03T12:54:48+00:00\",\"description\":\"Kerea et Efficience Sant\u00e9 vous accueillent au salon Pr\u00e9ventica Paris 2021 au stand P06 du 30 novembre au 2 d\u00e9cembre 2021.\",\"breadcrumb\":{\"@id\":\"https:\\\/\\\/www.kerea.eu\\\/index.php\\\/2021\\\/11\\\/18\\\/kerea-salon-preventica\\\/#breadcrumb\"},\"inLanguage\":\"fr-FR\",\"potentialAction\":[{\"@type\":\"ReadAction\",\"target\":[\"https:\\\/\\\/www.kerea.eu\\\/index.php\\\/2021\\\/11\\\/18\\\/kerea-salon-preventica\\\/\"]}]},{\"@type\":\"ImageObject\",\"inLanguage\":\"fr-FR\",\"@id\":\"https:\\\/\\\/www.kerea.eu\\\/index.php\\\/2021\\\/11\\\/18\\\/kerea-salon-preventica\\\/#primaryimage\",\"url\":\"https:\\\/\\\/www.kerea.eu\\\/wp-content\\\/uploads\\\/2021\\\/11\\\/Preventica.jpg\",\"contentUrl\":\"https:\\\/\\\/www.kerea.eu\\\/wp-content\\\/uploads\\\/2021\\\/11\\\/Preventica.jpg\",\"width\":600,\"height\":250},{\"@type\":\"BreadcrumbList\",\"@id\":\"https:\\\/\\\/www.kerea.eu\\\/index.php\\\/2021\\\/11\\\/18\\\/kerea-salon-preventica\\\/#breadcrumb\",\"itemListElement\":[{\"@type\":\"ListItem\",\"position\":1,\"name\":\"Accueil\",\"item\":\"https:\\\/\\\/www.kerea.eu\\\/\"},{\"@type\":\"ListItem\",\"position\":2,\"name\":\"Kerea au Salon Pr\u00e9ventica 2021\"}]},{\"@type\":\"WebSite\",\"@id\":\"https:\\\/\\\/37.59.242.200\\\/#website\",\"url\":\"https:\\\/\\\/37.59.242.200\\\/\",\"name\":\"KEREA\",\"description\":\"Kerea, votre partenaire sant\u00e9 et bien-\u00eatre au travail\",\"publisher\":{\"@id\":\"https:\\\/\\\/37.59.242.200\\\/#organization\"},\"potentialAction\":[{\"@type\":\"SearchAction\",\"target\":{\"@type\":\"EntryPoint\",\"urlTemplate\":\"https:\\\/\\\/37.59.242.200\\\/?s={search_term_string}\"},\"query-input\":{\"@type\":\"PropertyValueSpecification\",\"valueRequired\":true,\"valueName\":\"search_term_string\"}}],\"inLanguage\":\"fr-FR\"},{\"@type\":\"Organization\",\"@id\":\"https:\\\/\\\/37.59.242.200\\\/#organization\",\"name\":\"KEREA\",\"url\":\"https:\\\/\\\/37.59.242.200\\\/\",\"logo\":{\"@type\":\"ImageObject\",\"inLanguage\":\"fr-FR\",\"@id\":\"https:\\\/\\\/37.59.242.200\\\/#\\\/schema\\\/logo\\\/image\\\/\",\"url\":\"https:\\\/\\\/www.kerea.eu\\\/wp-content\\\/uploads\\\/2025\\\/12\\\/logo-kerea.png\",\"contentUrl\":\"https:\\\/\\\/www.kerea.eu\\\/wp-content\\\/uploads\\\/2025\\\/12\\\/logo-kerea.png\",\"width\":1497,\"height\":600,\"caption\":\"KEREA\"},\"image\":{\"@id\":\"https:\\\/\\\/37.59.242.200\\\/#\\\/schema\\\/logo\\\/image\\\/\"},\"sameAs\":[\"https:\\\/\\\/www.linkedin.com\\\/showcase\\\/kerea-by-efficience\\\/\"]},{\"@type\":\"Person\",\"@id\":\"https:\\\/\\\/37.59.242.200\\\/#\\\/schema\\\/person\\\/5396e4c57a7033d620add4e1ee171967\",\"name\":\"Kerea\",\"url\":\"https:\\\/\\\/www.kerea.eu\\\/index.php\\\/author\\\/admin\\\/\"}]}<\/script>\n<!-- \/ Yoast SEO plugin. -->","yoast_head_json":{"title":"Kerea au Salon Pr\u00e9ventica 2021 - KEREA","description":"Kerea et Efficience Sant\u00e9 vous accueillent au salon Pr\u00e9ventica Paris 2021 au stand P06 du 30 novembre au 2 d\u00e9cembre 2021.","robots":{"index":"index","follow":"follow","max-snippet":"max-snippet:-1","max-image-preview":"max-image-preview:large","max-video-preview":"max-video-preview:-1"},"canonical":"https:\/\/www.kerea.eu\/index.php\/2021\/11\/18\/kerea-salon-preventica\/","og_locale":"fr_FR","og_type":"article","og_title":"Kerea au Salon Pr\u00e9ventica 2021 - KEREA","og_description":"Kerea et Efficience Sant\u00e9 vous accueillent au salon Pr\u00e9ventica Paris 2021 au stand P06 du 30 novembre au 2 d\u00e9cembre 2021.","og_url":"https:\/\/www.kerea.eu\/index.php\/2021\/11\/18\/kerea-salon-preventica\/","og_site_name":"KEREA","article_published_time":"2021-11-18T15:16:33+00:00","article_modified_time":"2022-11-03T12:54:48+00:00","og_image":[{"width":600,"height":250,"url":"https:\/\/www.kerea.eu\/wp-content\/uploads\/2021\/11\/Preventica.jpg","type":"image\/jpeg"}],"author":"Kerea","twitter_card":"summary_large_image","twitter_misc":{"\u00c9crit par":"Kerea","Dur\u00e9e de lecture estim\u00e9e":"2 minutes"},"schema":{"@context":"https:\/\/schema.org","@graph":[{"@type":"Article","@id":"https:\/\/www.kerea.eu\/index.php\/2021\/11\/18\/kerea-salon-preventica\/#article","isPartOf":{"@id":"https:\/\/www.kerea.eu\/index.php\/2021\/11\/18\/kerea-salon-preventica\/"},"author":{"name":"Kerea","@id":"https:\/\/37.59.242.200\/#\/schema\/person\/5396e4c57a7033d620add4e1ee171967"},"headline":"Kerea au Salon Pr\u00e9ventica 2021","datePublished":"2021-11-18T15:16:33+00:00","dateModified":"2022-11-03T12:54:48+00:00","mainEntityOfPage":{"@id":"https:\/\/www.kerea.eu\/index.php\/2021\/11\/18\/kerea-salon-preventica\/"},"wordCount":233,"publisher":{"@id":"https:\/\/37.59.242.200\/#organization"},"image":{"@id":"https:\/\/www.kerea.eu\/index.php\/2021\/11\/18\/kerea-salon-preventica\/#primaryimage"},"thumbnailUrl":"https:\/\/www.kerea.eu\/wp-content\/uploads\/2021\/11\/Preventica.jpg","articleSection":["Ev\u00e8nements"],"inLanguage":"fr-FR"},{"@type":"WebPage","@id":"https:\/\/www.kerea.eu\/index.php\/2021\/11\/18\/kerea-salon-preventica\/","url":"https:\/\/www.kerea.eu\/index.php\/2021\/11\/18\/kerea-salon-preventica\/","name":"Kerea au Salon Pr\u00e9ventica 2021 - KEREA","isPartOf":{"@id":"https:\/\/37.59.242.200\/#website"},"primaryImageOfPage":{"@id":"https:\/\/www.kerea.eu\/index.php\/2021\/11\/18\/kerea-salon-preventica\/#primaryimage"},"image":{"@id":"https:\/\/www.kerea.eu\/index.php\/2021\/11\/18\/kerea-salon-preventica\/#primaryimage"},"thumbnailUrl":"https:\/\/www.kerea.eu\/wp-content\/uploads\/2021\/11\/Preventica.jpg","datePublished":"2021-11-18T15:16:33+00:00","dateModified":"2022-11-03T12:54:48+00:00","description":"Kerea et Efficience Sant\u00e9 vous accueillent au salon Pr\u00e9ventica Paris 2021 au stand P06 du 30 novembre au 2 d\u00e9cembre 2021.","breadcrumb":{"@id":"https:\/\/www.kerea.eu\/index.php\/2021\/11\/18\/kerea-salon-preventica\/#breadcrumb"},"inLanguage":"fr-FR","potentialAction":[{"@type":"ReadAction","target":["https:\/\/www.kerea.eu\/index.php\/2021\/11\/18\/kerea-salon-preventica\/"]}]},{"@type":"ImageObject","inLanguage":"fr-FR","@id":"https:\/\/www.kerea.eu\/index.php\/2021\/11\/18\/kerea-salon-preventica\/#primaryimage","url":"https:\/\/www.kerea.eu\/wp-content\/uploads\/2021\/11\/Preventica.jpg","contentUrl":"https:\/\/www.kerea.eu\/wp-content\/uploads\/2021\/11\/Preventica.jpg","width":600,"height":250},{"@type":"BreadcrumbList","@id":"https:\/\/www.kerea.eu\/index.php\/2021\/11\/18\/kerea-salon-preventica\/#breadcrumb","itemListElement":[{"@type":"ListItem","position":1,"name":"Accueil","item":"https:\/\/www.kerea.eu\/"},{"@type":"ListItem","position":2,"name":"Kerea au Salon Pr\u00e9ventica 2021"}]},{"@type":"WebSite","@id":"https:\/\/37.59.242.200\/#website","url":"https:\/\/37.59.242.200\/","name":"KEREA","description":"Kerea, votre partenaire sant\u00e9 et bien-\u00eatre au travail","publisher":{"@id":"https:\/\/37.59.242.200\/#organization"},"potentialAction":[{"@type":"SearchAction","target":{"@type":"EntryPoint","urlTemplate":"https:\/\/37.59.242.200\/?s={search_term_string}"},"query-input":{"@type":"PropertyValueSpecification","valueRequired":true,"valueName":"search_term_string"}}],"inLanguage":"fr-FR"},{"@type":"Organization","@id":"https:\/\/37.59.242.200\/#organization","name":"KEREA","url":"https:\/\/37.59.242.200\/","logo":{"@type":"ImageObject","inLanguage":"fr-FR","@id":"https:\/\/37.59.242.200\/#\/schema\/logo\/image\/","url":"https:\/\/www.kerea.eu\/wp-content\/uploads\/2025\/12\/logo-kerea.png","contentUrl":"https:\/\/www.kerea.eu\/wp-content\/uploads\/2025\/12\/logo-kerea.png","width":1497,"height":600,"caption":"KEREA"},"image":{"@id":"https:\/\/37.59.242.200\/#\/schema\/logo\/image\/"},"sameAs":["https:\/\/www.linkedin.com\/showcase\/kerea-by-efficience\/"]},{"@type":"Person","@id":"https:\/\/37.59.242.200\/#\/schema\/person\/5396e4c57a7033d620add4e1ee171967","name":"Kerea","url":"https:\/\/www.kerea.eu\/index.php\/author\/admin\/"}]}},"_links":{"self":[{"href":"https:\/\/www.kerea.eu\/index.php\/wp-json\/wp\/v2\/posts\/2222","targetHints":{"allow":["GET"]}}],"collection":[{"href":"https:\/\/www.kerea.eu\/index.php\/wp-json\/wp\/v2\/posts"}],"about":[{"href":"https:\/\/www.kerea.eu\/index.php\/wp-json\/wp\/v2\/types\/post"}],"author":[{"embeddable":true,"href":"https:\/\/www.kerea.eu\/index.php\/wp-json\/wp\/v2\/users\/1"}],"replies":[{"embeddable":true,"href":"https:\/\/www.kerea.eu\/index.php\/wp-json\/wp\/v2\/comments?post=2222"}],"version-history":[{"count":10,"href":"https:\/\/www.kerea.eu\/index.php\/wp-json\/wp\/v2\/posts\/2222\/revisions"}],"predecessor-version":[{"id":2236,"href":"https:\/\/www.kerea.eu\/index.php\/wp-json\/wp\/v2\/posts\/2222\/revisions\/2236"}],"wp:featuredmedia":[{"embeddable":true,"href":"https:\/\/www.kerea.eu\/index.php\/wp-json\/wp\/v2\/media\/2233"}],"wp:attachment":[{"href":"https:\/\/www.kerea.eu\/index.php\/wp-json\/wp\/v2\/media?parent=2222"}],"wp:term":[{"taxonomy":"category","embeddable":true,"href":"https:\/\/www.kerea.eu\/index.php\/wp-json\/wp\/v2\/categories?post=2222"},{"taxonomy":"post_tag","embeddable":true,"href":"https:\/\/www.kerea.eu\/index.php\/wp-json\/wp\/v2\/tags?post=2222"}],"curies":[{"name":"wp","href":"https:\/\/api.w.org\/{rel}","templated":true}]}}