{"id":2186,"date":"2021-10-21T14:19:01","date_gmt":"2021-10-21T14:19:01","guid":{"rendered":"https:\/\/www.kerea.eu\/?p=2186"},"modified":"2023-11-02T15:55:43","modified_gmt":"2023-11-02T15:55:43","slug":"kerea-au-marche-de-rungis","status":"publish","type":"post","link":"https:\/\/www.kerea.eu\/index.php\/2021\/10\/21\/kerea-au-marche-de-rungis\/","title":{"rendered":"Kerea au March\u00e9 de Rungis"},"content":{"rendered":"\n<p>Ce mardi 12 octobre 2021, Kerea a eu le plaisir d\u2019animer son stand au march\u00e9 de Rungis avec la pr\u00e9sence<a href=\"https:\/\/www.linkedin.com\/in\/thibaut-fleury-74619b4\/\"> <\/a>de <a href=\"https:\/\/www.linkedin.com\/in\/thibaut-fleury-74619b4\/\">Thibault Fleury<\/a>, <a href=\"https:\/\/www.linkedin.com\/in\/valerie-dunas-7a318379\/\">Valerie Dunas<\/a> et <a href=\"https:\/\/www.linkedin.com\/in\/katia-tomarine-2694a5211\/\">Katia Tomarine<\/a>. La th\u00e9matique de cette ann\u00e9e&nbsp;\u00e9tait \u00ab la sant\u00e9 et la pr\u00e9vention 4.0\u00bb.<\/p>\n\n\n\n<p>Les ateliers de pr\u00e9ventions ont \u00e9t\u00e9 rythm\u00e9 par un programme riche en animations.<\/p>\n\n\n\n<p>Serious game, d\u00e9monstrations d\u2019objets innovants et d\u2019outils connect\u00e9s, escape game, s\u00e9ances d\u2019activit\u00e9s physiques, conf\u00e9rences\u2026et activit\u00e9s ludiques riches d\u2019enseignement ponctueront cette journ\u00e9e.<\/p>\n\n\n\n<p>Plusieurs stands ont \u00e9t\u00e9  propos\u00e9s : sport et relaxation, bien-\u00eatre, risques routiers, parcours alcool, ergonomie et poste de travail, EPI, \u00e9ducation et emploi, t\u00e9l\u00e9consultation, maintien en emploi et restauration.<\/p>\n\n\n\n<p>L&rsquo;objectif \u00e9tait que chaque participant devienne un acteur de la sant\u00e9 et de la s\u00e9curit\u00e9 au travail.<a href=\"https:\/\/forms.gle\/vXScbbyi1ZeoEgbH9\" target=\"_blank\" rel=\"noreferrer noopener\"><\/a><\/p>\n\n\n\n<p>Ces composantes sont notre c\u0153ur de m\u00e9tier. C&rsquo;est pourquoi, nous souhaitons vous accompagner dans cette d\u00e9marche en prenant soin de vos salari\u00e9s. Vous pouvez consulter toutes nos offres dans la rubrique \u00ab\u00a0<a href=\"https:\/\/www.kerea.eu\/index.php\/prestations\/\">Prestations<\/a>\u00a0\u00bb de notre site et nous contacter afin de construire ensemble une offre qui vous correspond dans la rubrique \u00ab\u00a0<a href=\"https:\/\/www.kerea.eu\/index.php\/contact\/\">Contact<\/a>\u00a0\u00bb du site web.<\/p>\n","protected":false},"excerpt":{"rendered":"<p>Ce mardi 12 octobre 2021, Kerea a eu le plaisir d\u2019animer son stand au march\u00e9 de Rungis.<\/p>\n","protected":false},"author":1,"featured_media":2185,"comment_status":"closed","ping_status":"closed","sticky":false,"template":"","format":"standard","meta":{"_monsterinsights_skip_tracking":false,"_monsterinsights_sitenote_active":false,"_monsterinsights_sitenote_note":"","_monsterinsights_sitenote_category":0,"footnotes":""},"categories":[25],"tags":[29,26,27,28],"class_list":["post-2186","post","type-post","status-publish","format-standard","has-post-thumbnail","hentry","category-evenements","tag-bienetre","tag-evenement","tag-sante","tag-travail"],"yoast_head":"<!-- This site is optimized with the Yoast SEO plugin v27.5 - https:\/\/yoast.com\/product\/yoast-seo-wordpress\/ -->\n<title>Kerea au March\u00e9 de Rungis - KEREA<\/title>\n<meta name=\"description\" content=\"Kerea a eu le plaisir d\u2019animer son stand au march\u00e9 de Rungis avec la pr\u00e9sence de Thibault Fleury, Valerie Dunas et Katia Tomarine.\" \/>\n<meta name=\"robots\" content=\"index, follow, max-snippet:-1, max-image-preview:large, max-video-preview:-1\" \/>\n<link rel=\"canonical\" href=\"https:\/\/www.kerea.eu\/index.php\/2021\/10\/21\/kerea-au-marche-de-rungis\/\" \/>\n<meta property=\"og:locale\" content=\"fr_FR\" \/>\n<meta property=\"og:type\" content=\"article\" \/>\n<meta property=\"og:title\" content=\"Kerea au March\u00e9 de Rungis - KEREA\" \/>\n<meta property=\"og:description\" content=\"Kerea a eu le plaisir d\u2019animer son stand au march\u00e9 de Rungis avec la pr\u00e9sence de Thibault Fleury, Valerie Dunas et Katia Tomarine.\" \/>\n<meta property=\"og:url\" content=\"https:\/\/www.kerea.eu\/index.php\/2021\/10\/21\/kerea-au-marche-de-rungis\/\" \/>\n<meta property=\"og:site_name\" content=\"KEREA\" \/>\n<meta property=\"article:published_time\" content=\"2021-10-21T14:19:01+00:00\" \/>\n<meta property=\"article:modified_time\" content=\"2023-11-02T15:55:43+00:00\" \/>\n<meta property=\"og:image\" content=\"https:\/\/www.kerea.eu\/wp-content\/uploads\/2021\/10\/Stand-Kerea-Rungis-scaled.jpg\" \/>\n\t<meta property=\"og:image:width\" content=\"2560\" \/>\n\t<meta property=\"og:image:height\" content=\"1920\" \/>\n\t<meta property=\"og:image:type\" content=\"image\/jpeg\" \/>\n<meta name=\"author\" content=\"Kerea\" \/>\n<meta name=\"twitter:card\" content=\"summary_large_image\" \/>\n<meta name=\"twitter:label1\" content=\"\u00c9crit par\" \/>\n\t<meta name=\"twitter:data1\" content=\"Kerea\" \/>\n\t<meta name=\"twitter:label2\" content=\"Dur\u00e9e de lecture estim\u00e9e\" \/>\n\t<meta name=\"twitter:data2\" content=\"1 minute\" \/>\n<script type=\"application\/ld+json\" class=\"yoast-schema-graph\">{\"@context\":\"https:\\\/\\\/schema.org\",\"@graph\":[{\"@type\":\"Article\",\"@id\":\"https:\\\/\\\/www.kerea.eu\\\/index.php\\\/2021\\\/10\\\/21\\\/kerea-au-marche-de-rungis\\\/#article\",\"isPartOf\":{\"@id\":\"https:\\\/\\\/www.kerea.eu\\\/index.php\\\/2021\\\/10\\\/21\\\/kerea-au-marche-de-rungis\\\/\"},\"author\":{\"name\":\"Kerea\",\"@id\":\"https:\\\/\\\/37.59.242.200\\\/#\\\/schema\\\/person\\\/5396e4c57a7033d620add4e1ee171967\"},\"headline\":\"Kerea au March\u00e9 de Rungis\",\"datePublished\":\"2021-10-21T14:19:01+00:00\",\"dateModified\":\"2023-11-02T15:55:43+00:00\",\"mainEntityOfPage\":{\"@id\":\"https:\\\/\\\/www.kerea.eu\\\/index.php\\\/2021\\\/10\\\/21\\\/kerea-au-marche-de-rungis\\\/\"},\"wordCount\":205,\"publisher\":{\"@id\":\"https:\\\/\\\/37.59.242.200\\\/#organization\"},\"image\":{\"@id\":\"https:\\\/\\\/www.kerea.eu\\\/index.php\\\/2021\\\/10\\\/21\\\/kerea-au-marche-de-rungis\\\/#primaryimage\"},\"thumbnailUrl\":\"https:\\\/\\\/www.kerea.eu\\\/wp-content\\\/uploads\\\/2021\\\/10\\\/Stand-Kerea-Rungis-scaled.jpg\",\"keywords\":[\"bien\u00eatre\",\"\u00e9v\u00e9nement\",\"sant\u00e9\",\"travail\"],\"articleSection\":[\"Ev\u00e8nements\"],\"inLanguage\":\"fr-FR\"},{\"@type\":\"WebPage\",\"@id\":\"https:\\\/\\\/www.kerea.eu\\\/index.php\\\/2021\\\/10\\\/21\\\/kerea-au-marche-de-rungis\\\/\",\"url\":\"https:\\\/\\\/www.kerea.eu\\\/index.php\\\/2021\\\/10\\\/21\\\/kerea-au-marche-de-rungis\\\/\",\"name\":\"Kerea au March\u00e9 de Rungis - KEREA\",\"isPartOf\":{\"@id\":\"https:\\\/\\\/37.59.242.200\\\/#website\"},\"primaryImageOfPage\":{\"@id\":\"https:\\\/\\\/www.kerea.eu\\\/index.php\\\/2021\\\/10\\\/21\\\/kerea-au-marche-de-rungis\\\/#primaryimage\"},\"image\":{\"@id\":\"https:\\\/\\\/www.kerea.eu\\\/index.php\\\/2021\\\/10\\\/21\\\/kerea-au-marche-de-rungis\\\/#primaryimage\"},\"thumbnailUrl\":\"https:\\\/\\\/www.kerea.eu\\\/wp-content\\\/uploads\\\/2021\\\/10\\\/Stand-Kerea-Rungis-scaled.jpg\",\"datePublished\":\"2021-10-21T14:19:01+00:00\",\"dateModified\":\"2023-11-02T15:55:43+00:00\",\"description\":\"Kerea a eu le plaisir d\u2019animer son stand au march\u00e9 de Rungis avec la pr\u00e9sence de Thibault Fleury, Valerie Dunas et Katia Tomarine.\",\"breadcrumb\":{\"@id\":\"https:\\\/\\\/www.kerea.eu\\\/index.php\\\/2021\\\/10\\\/21\\\/kerea-au-marche-de-rungis\\\/#breadcrumb\"},\"inLanguage\":\"fr-FR\",\"potentialAction\":[{\"@type\":\"ReadAction\",\"target\":[\"https:\\\/\\\/www.kerea.eu\\\/index.php\\\/2021\\\/10\\\/21\\\/kerea-au-marche-de-rungis\\\/\"]}]},{\"@type\":\"ImageObject\",\"inLanguage\":\"fr-FR\",\"@id\":\"https:\\\/\\\/www.kerea.eu\\\/index.php\\\/2021\\\/10\\\/21\\\/kerea-au-marche-de-rungis\\\/#primaryimage\",\"url\":\"https:\\\/\\\/www.kerea.eu\\\/wp-content\\\/uploads\\\/2021\\\/10\\\/Stand-Kerea-Rungis-scaled.jpg\",\"contentUrl\":\"https:\\\/\\\/www.kerea.eu\\\/wp-content\\\/uploads\\\/2021\\\/10\\\/Stand-Kerea-Rungis-scaled.jpg\",\"width\":2560,\"height\":1920,\"caption\":\"Une image forte de la pr\u00e9sence de l'\u00e9quipe Kerea \u00e0 Rungis\"},{\"@type\":\"BreadcrumbList\",\"@id\":\"https:\\\/\\\/www.kerea.eu\\\/index.php\\\/2021\\\/10\\\/21\\\/kerea-au-marche-de-rungis\\\/#breadcrumb\",\"itemListElement\":[{\"@type\":\"ListItem\",\"position\":1,\"name\":\"Accueil\",\"item\":\"https:\\\/\\\/www.kerea.eu\\\/\"},{\"@type\":\"ListItem\",\"position\":2,\"name\":\"Kerea au March\u00e9 de Rungis\"}]},{\"@type\":\"WebSite\",\"@id\":\"https:\\\/\\\/37.59.242.200\\\/#website\",\"url\":\"https:\\\/\\\/37.59.242.200\\\/\",\"name\":\"KEREA\",\"description\":\"Kerea, votre partenaire sant\u00e9 et bien-\u00eatre au travail\",\"publisher\":{\"@id\":\"https:\\\/\\\/37.59.242.200\\\/#organization\"},\"potentialAction\":[{\"@type\":\"SearchAction\",\"target\":{\"@type\":\"EntryPoint\",\"urlTemplate\":\"https:\\\/\\\/37.59.242.200\\\/?s={search_term_string}\"},\"query-input\":{\"@type\":\"PropertyValueSpecification\",\"valueRequired\":true,\"valueName\":\"search_term_string\"}}],\"inLanguage\":\"fr-FR\"},{\"@type\":\"Organization\",\"@id\":\"https:\\\/\\\/37.59.242.200\\\/#organization\",\"name\":\"KEREA\",\"url\":\"https:\\\/\\\/37.59.242.200\\\/\",\"logo\":{\"@type\":\"ImageObject\",\"inLanguage\":\"fr-FR\",\"@id\":\"https:\\\/\\\/37.59.242.200\\\/#\\\/schema\\\/logo\\\/image\\\/\",\"url\":\"https:\\\/\\\/www.kerea.eu\\\/wp-content\\\/uploads\\\/2025\\\/12\\\/logo-kerea.png\",\"contentUrl\":\"https:\\\/\\\/www.kerea.eu\\\/wp-content\\\/uploads\\\/2025\\\/12\\\/logo-kerea.png\",\"width\":1497,\"height\":600,\"caption\":\"KEREA\"},\"image\":{\"@id\":\"https:\\\/\\\/37.59.242.200\\\/#\\\/schema\\\/logo\\\/image\\\/\"},\"sameAs\":[\"https:\\\/\\\/www.linkedin.com\\\/showcase\\\/kerea-by-efficience\\\/\"]},{\"@type\":\"Person\",\"@id\":\"https:\\\/\\\/37.59.242.200\\\/#\\\/schema\\\/person\\\/5396e4c57a7033d620add4e1ee171967\",\"name\":\"Kerea\",\"url\":\"https:\\\/\\\/www.kerea.eu\\\/index.php\\\/author\\\/admin\\\/\"}]}<\/script>\n<!-- \/ Yoast SEO plugin. -->","yoast_head_json":{"title":"Kerea au March\u00e9 de Rungis - KEREA","description":"Kerea a eu le plaisir d\u2019animer son stand au march\u00e9 de Rungis avec la pr\u00e9sence de Thibault Fleury, Valerie Dunas et Katia Tomarine.","robots":{"index":"index","follow":"follow","max-snippet":"max-snippet:-1","max-image-preview":"max-image-preview:large","max-video-preview":"max-video-preview:-1"},"canonical":"https:\/\/www.kerea.eu\/index.php\/2021\/10\/21\/kerea-au-marche-de-rungis\/","og_locale":"fr_FR","og_type":"article","og_title":"Kerea au March\u00e9 de Rungis - KEREA","og_description":"Kerea a eu le plaisir d\u2019animer son stand au march\u00e9 de Rungis avec la pr\u00e9sence de Thibault Fleury, Valerie Dunas et Katia Tomarine.","og_url":"https:\/\/www.kerea.eu\/index.php\/2021\/10\/21\/kerea-au-marche-de-rungis\/","og_site_name":"KEREA","article_published_time":"2021-10-21T14:19:01+00:00","article_modified_time":"2023-11-02T15:55:43+00:00","og_image":[{"width":2560,"height":1920,"url":"https:\/\/www.kerea.eu\/wp-content\/uploads\/2021\/10\/Stand-Kerea-Rungis-scaled.jpg","type":"image\/jpeg"}],"author":"Kerea","twitter_card":"summary_large_image","twitter_misc":{"\u00c9crit par":"Kerea","Dur\u00e9e de lecture estim\u00e9e":"1 minute"},"schema":{"@context":"https:\/\/schema.org","@graph":[{"@type":"Article","@id":"https:\/\/www.kerea.eu\/index.php\/2021\/10\/21\/kerea-au-marche-de-rungis\/#article","isPartOf":{"@id":"https:\/\/www.kerea.eu\/index.php\/2021\/10\/21\/kerea-au-marche-de-rungis\/"},"author":{"name":"Kerea","@id":"https:\/\/37.59.242.200\/#\/schema\/person\/5396e4c57a7033d620add4e1ee171967"},"headline":"Kerea au March\u00e9 de Rungis","datePublished":"2021-10-21T14:19:01+00:00","dateModified":"2023-11-02T15:55:43+00:00","mainEntityOfPage":{"@id":"https:\/\/www.kerea.eu\/index.php\/2021\/10\/21\/kerea-au-marche-de-rungis\/"},"wordCount":205,"publisher":{"@id":"https:\/\/37.59.242.200\/#organization"},"image":{"@id":"https:\/\/www.kerea.eu\/index.php\/2021\/10\/21\/kerea-au-marche-de-rungis\/#primaryimage"},"thumbnailUrl":"https:\/\/www.kerea.eu\/wp-content\/uploads\/2021\/10\/Stand-Kerea-Rungis-scaled.jpg","keywords":["bien\u00eatre","\u00e9v\u00e9nement","sant\u00e9","travail"],"articleSection":["Ev\u00e8nements"],"inLanguage":"fr-FR"},{"@type":"WebPage","@id":"https:\/\/www.kerea.eu\/index.php\/2021\/10\/21\/kerea-au-marche-de-rungis\/","url":"https:\/\/www.kerea.eu\/index.php\/2021\/10\/21\/kerea-au-marche-de-rungis\/","name":"Kerea au March\u00e9 de Rungis - KEREA","isPartOf":{"@id":"https:\/\/37.59.242.200\/#website"},"primaryImageOfPage":{"@id":"https:\/\/www.kerea.eu\/index.php\/2021\/10\/21\/kerea-au-marche-de-rungis\/#primaryimage"},"image":{"@id":"https:\/\/www.kerea.eu\/index.php\/2021\/10\/21\/kerea-au-marche-de-rungis\/#primaryimage"},"thumbnailUrl":"https:\/\/www.kerea.eu\/wp-content\/uploads\/2021\/10\/Stand-Kerea-Rungis-scaled.jpg","datePublished":"2021-10-21T14:19:01+00:00","dateModified":"2023-11-02T15:55:43+00:00","description":"Kerea a eu le plaisir d\u2019animer son stand au march\u00e9 de Rungis avec la pr\u00e9sence de Thibault Fleury, Valerie Dunas et Katia Tomarine.","breadcrumb":{"@id":"https:\/\/www.kerea.eu\/index.php\/2021\/10\/21\/kerea-au-marche-de-rungis\/#breadcrumb"},"inLanguage":"fr-FR","potentialAction":[{"@type":"ReadAction","target":["https:\/\/www.kerea.eu\/index.php\/2021\/10\/21\/kerea-au-marche-de-rungis\/"]}]},{"@type":"ImageObject","inLanguage":"fr-FR","@id":"https:\/\/www.kerea.eu\/index.php\/2021\/10\/21\/kerea-au-marche-de-rungis\/#primaryimage","url":"https:\/\/www.kerea.eu\/wp-content\/uploads\/2021\/10\/Stand-Kerea-Rungis-scaled.jpg","contentUrl":"https:\/\/www.kerea.eu\/wp-content\/uploads\/2021\/10\/Stand-Kerea-Rungis-scaled.jpg","width":2560,"height":1920,"caption":"Une image forte de la pr\u00e9sence de l'\u00e9quipe Kerea \u00e0 Rungis"},{"@type":"BreadcrumbList","@id":"https:\/\/www.kerea.eu\/index.php\/2021\/10\/21\/kerea-au-marche-de-rungis\/#breadcrumb","itemListElement":[{"@type":"ListItem","position":1,"name":"Accueil","item":"https:\/\/www.kerea.eu\/"},{"@type":"ListItem","position":2,"name":"Kerea au March\u00e9 de Rungis"}]},{"@type":"WebSite","@id":"https:\/\/37.59.242.200\/#website","url":"https:\/\/37.59.242.200\/","name":"KEREA","description":"Kerea, votre partenaire sant\u00e9 et bien-\u00eatre au travail","publisher":{"@id":"https:\/\/37.59.242.200\/#organization"},"potentialAction":[{"@type":"SearchAction","target":{"@type":"EntryPoint","urlTemplate":"https:\/\/37.59.242.200\/?s={search_term_string}"},"query-input":{"@type":"PropertyValueSpecification","valueRequired":true,"valueName":"search_term_string"}}],"inLanguage":"fr-FR"},{"@type":"Organization","@id":"https:\/\/37.59.242.200\/#organization","name":"KEREA","url":"https:\/\/37.59.242.200\/","logo":{"@type":"ImageObject","inLanguage":"fr-FR","@id":"https:\/\/37.59.242.200\/#\/schema\/logo\/image\/","url":"https:\/\/www.kerea.eu\/wp-content\/uploads\/2025\/12\/logo-kerea.png","contentUrl":"https:\/\/www.kerea.eu\/wp-content\/uploads\/2025\/12\/logo-kerea.png","width":1497,"height":600,"caption":"KEREA"},"image":{"@id":"https:\/\/37.59.242.200\/#\/schema\/logo\/image\/"},"sameAs":["https:\/\/www.linkedin.com\/showcase\/kerea-by-efficience\/"]},{"@type":"Person","@id":"https:\/\/37.59.242.200\/#\/schema\/person\/5396e4c57a7033d620add4e1ee171967","name":"Kerea","url":"https:\/\/www.kerea.eu\/index.php\/author\/admin\/"}]}},"_links":{"self":[{"href":"https:\/\/www.kerea.eu\/index.php\/wp-json\/wp\/v2\/posts\/2186","targetHints":{"allow":["GET"]}}],"collection":[{"href":"https:\/\/www.kerea.eu\/index.php\/wp-json\/wp\/v2\/posts"}],"about":[{"href":"https:\/\/www.kerea.eu\/index.php\/wp-json\/wp\/v2\/types\/post"}],"author":[{"embeddable":true,"href":"https:\/\/www.kerea.eu\/index.php\/wp-json\/wp\/v2\/users\/1"}],"replies":[{"embeddable":true,"href":"https:\/\/www.kerea.eu\/index.php\/wp-json\/wp\/v2\/comments?post=2186"}],"version-history":[{"count":11,"href":"https:\/\/www.kerea.eu\/index.php\/wp-json\/wp\/v2\/posts\/2186\/revisions"}],"predecessor-version":[{"id":2220,"href":"https:\/\/www.kerea.eu\/index.php\/wp-json\/wp\/v2\/posts\/2186\/revisions\/2220"}],"wp:featuredmedia":[{"embeddable":true,"href":"https:\/\/www.kerea.eu\/index.php\/wp-json\/wp\/v2\/media\/2185"}],"wp:attachment":[{"href":"https:\/\/www.kerea.eu\/index.php\/wp-json\/wp\/v2\/media?parent=2186"}],"wp:term":[{"taxonomy":"category","embeddable":true,"href":"https:\/\/www.kerea.eu\/index.php\/wp-json\/wp\/v2\/categories?post=2186"},{"taxonomy":"post_tag","embeddable":true,"href":"https:\/\/www.kerea.eu\/index.php\/wp-json\/wp\/v2\/tags?post=2186"}],"curies":[{"name":"wp","href":"https:\/\/api.w.org\/{rel}","templated":true}]}}